{"id":12500,"date":"2020-01-12T09:30:00","date_gmt":"2020-01-12T08:30:00","guid":{"rendered":"https:\/\/naehrlich.de\/daserberoms\/?p=12500"},"modified":"2023-03-10T18:32:30","modified_gmt":"2023-03-10T17:32:30","slug":"italienische-rationalismus-auf-sizilien","status":"publish","type":"post","link":"https:\/\/naehrlich.de\/daserberoms\/2020\/01\/12\/italienische-rationalismus-auf-sizilien\/","title":{"rendered":"Der italienische Rationalismus auf Sizilien"},"content":{"rendered":"\n<p class=\"lead dropcap\">Nach dem Ende der Antike begann die Reminiszenz an die Antike. Der italienische Rationalismus hat auch auf Sizilien seine Spuren hinterlassen: Veteranenheim und Postamt. <\/p>\n\n\n\n<p>Die Architektur im faschistischen Italien favorisierte vielfach den sogenannten Rationalismus: einen Mix aus den klaren Formen des deutschen Bauhaus und klassischen Architekturelementen wie B\u00f6gen, S\u00e4ulen, W\u00fcrfel und Kuppeln. Das Vorbild dieser Imponierarchitektur war die r\u00f6mische Antike. Architektonische Grundelemente wurden aber auf ihren Kern reduziert. Keine antiken S\u00e4ulen mit korinthischen Kapit\u00e4lchen, sondern schn\u00f6rkellose runde Pfeiler. Glatte Fassaden statt Ornamentik. Staatliche Bauprogramme stampften in den sp\u00e4ten 1920er und 1930er Jahren vielerorts in Italien zahlreiche protzige Repr\u00e4sentationsbauten f\u00fcr den Staats- und Parteiapparat, aber auch Krankenh\u00e4user, Sportstadien, Bahnh\u00f6fe und Postgeb\u00e4ude, aus dem Boden. Auf Sizilien sind das Veteranenheim in Catania und das Post- und Telegraphenamt in Palermo Zeugnisse des italienischen Rationalismus.<\/p>\n\n\n\n<p>Die&nbsp;<em>Casa del Mutilato<\/em>&nbsp;in Catania wurde zwischen 1938 und 1940 f\u00fcr die&nbsp;<em>Associazione Nazionale fra Mutilati ed Invalidi di Guerra<\/em>&nbsp;(Nationale Vereinigung der Versehrten und Kriegsinvaliden) erbaut. Es ist ein kastenf\u00f6rmiger Bau mit einem fast schmucklosen stilisierten Triumphbogen als Eingang. Erhalten sind noch die Signa, <a href=\"https:\/\/naehrlich.de\/daserberoms\/2016\/04\/23\/koblenz-ehrenbreitstein\/\">Feldzeichen<\/a> der r\u00f6mischen Legionen nachempfundene Standarten. Die auf dem Giebel befindlichen lebensgro\u00dfen Statuen italienischer Soldaten aus verschiedenen Kriegen wurden vor einigen Jahren entfernt. Auf Ornamentik wie einem Relief und weiteren schm\u00fcckenden Elementen wie beispielsweise beim <a href=\"https:\/\/naehrlich.de\/daserberoms\/2020\/01\/05\/renaissance-und-klassizismus-in-palermo\/\">Teatro Politeama Garibaldi<\/a> in Palermo wurde ganz im Stil des Rationalismus verzichtet. Entworfen hat das Geb\u00e4ude der Architekt Ercole Fischetti. Seit 2006 steht das Haus leer und verf\u00e4llt zunehmend. Aktuell wird im Stadtrat von Catania \u00fcber ein neues Nutzungskonzept diskutiert.<\/p>\n\n\n\n\n\n<p>Der <em>Palazzo delle Poste<\/em>, das Hauptpostamt, an der Via Roma in Palermo wurde in den fr\u00fchen 1920er Jahren von dem italienischen Architekten Angiolo Mazzoni entworfen. Die Bauarbeiten begannen 1929 und die Einweihung fand am 28. Oktober 1934 statt. Das Geb\u00e4ude ist aus Stahlbeton errichtet und wurde mit grauem Billiemi-Marmor aus der Gegend um Palermo verkleidet. Die vordere Kolonnade besteht aus zehn S\u00e4ulen, die 30m hoch sind. Zusammen mit der breiten Freitreppe entsteht die vom Regime gew\u00fcnschte Monumentalit\u00e4t. Da wirken die beiden Fresken mit den gefl\u00fcgelten r\u00f6misches Siegesg\u00f6ttinnen rechts und links des Schriftzuges <em>Poste e Telegrafi <\/em>schon fast subtil. Zumal w\u00e4hrend der Zeit bis zum Ende des faschistischen Italiens, als sich auf der rechten Seite des Postamtes drei wuchtige stilisierte Liktorenb\u00fcndel aus Marmor befanden, die ebenso hoch wie das Geb\u00e4ude waren. Diese Rutenb\u00fcndel mit Beil wurden in der Antike von den <a href=\"https:\/\/naehrlich.de\/daserberoms\/2018\/09\/02\/cambodunum-das-roemerfest-in-kempten\/\">Liktoren<\/a> getragen und symbolisierten die Macht Roms. Auch Mussolinis Faschisten verwendeten das Rutenb\u00fcndel als Symbol. Nach dem Krieg wurde das Postamt architektonisch entnazifiziert. Heute ist das Postamt ein Postamt und die Freitreppe auch mal ein <a rel=\"noreferrer noopener\" aria-label=\"Laufsteg f\u00fcr Modenschau (\u00f6ffnet in neuem Tab)\" href=\"https:\/\/www.google.de\/maps\/place\/Palazzo+delle+Poste\/@38.1201925,13.3618461,3a,75y,90t\/data=!3m8!1e2!3m6!1sAF1QipMq7k98hsjyTqGueh2NVZpVNY9fMbKnGTXgu5ZJ!2e10!3e12!6shttps:%2F%2Flh5.googleusercontent.com%2Fp%2FAF1QipMq7k98hsjyTqGueh2NVZpVNY9fMbKnGTXgu5ZJ%3Dw203-h152-k-no!7i4608!8i3456!4m13!1m7!3m6!1s0x1319e5f5ab5467b3:0x430cdb98606ed65b!2sVia+Roma,+320,+90133+Palermo+PA,+Italien!3b1!8m2!3d38.1202067!4d13.3614936!3m4!1s0x1319e5f455e34903:0x77037fb13d73ae60!8m2!3d38.1201209!4d13.3616019#\" target=\"_blank\">Laufsteg f\u00fcr Modenschauen<\/a>.<\/p>\n\n\n\n\n\n\n\n<p>Der italienische Rationalismus hat nicht nur auf Sizilien sein Erbe hinterlassen. Unweit vom n\u00f6rdlichsten Zipfel Sizilien, auf dem Festland, liegt das St\u00e4dtchen Reggio Calabria mit seinem <em>Museo nazionale della Magna Grecia<\/em> (bzw. Museo Archeologico Nazionale Di Reggio Calabria). Der Architekt Marcello Piacentini (manche bezeichnen ihn als den italienischen Albert Speer) hat es 1932 entworfen. Es beherbergt u.a. zwei <a href=\"https:\/\/naehrlich.de\/daserberoms\/2019\/06\/23\/die-bronzen-von-riace-krieger-a-und-krieger-b\/\">ber\u00fchmte Gro\u00dfbronzen<\/a> der Antike.<\/p>\n\n\n\n\n\n<p>Die staatlichen Bauprogramme schufen nicht nur neues, sie zerst\u00f6rten auch altes. Was architektonisch st\u00f6rte oder aus ideologischen Gr\u00fcnden als wertlos galt, fiel der Abrissbirne zum Opfer. In Provinzst\u00e4dten wie Brescia ebenso wie in der Hauptstadt. Bekanntes Beispiel ist die <em>Via dei Fori Imperiali<\/em> in Rom. Als Via dell\u2019Impero unter Mussolini angelegt, schuf man eine Sichtachse auf das <a href=\"https:\/\/naehrlich.de\/daserberoms\/2012\/10\/19\/rom-ewige-stadt-und-haupt-der-welt\/\">Kolosseum<\/a>, zerschnitt daf\u00fcr aber die antiken Kaiserforen unter Inkaufnahme nicht wieder gut zu machender arch\u00e4ologischer Zerst\u00f6rungen. <\/p>\n","protected":false},"excerpt":{"rendered":"<p>Nach dem Ende der Antike begann die Reminiszenz an die Antike. Der italienische Rationalismus hat auch auf Sizilien seine Spuren hinterlassen: Veteranenheim und Postamt. Die Architektur im faschistischen Italien favorisierte vielfach den sogenannten Rationalismus: einen Mix aus den klaren Formen des deutschen Bauhaus und klassischen Architekturelementen wie B\u00f6gen, S\u00e4ulen, W\u00fcrfel und Kuppeln. Das Vorbild dieser [&hellip;]<\/p>\n","protected":false},"author":1,"featured_media":14697,"comment_status":"open","ping_status":"open","sticky":false,"template":"","format":"standard","meta":{"footnotes":""},"categories":[938,986],"tags":[],"class_list":["post-12500","post","type-post","status-publish","format-standard","has-post-thumbnail","hentry","category-architektur","category-rationalismus"],"yoast_head":"<!-- This site is optimized with the Yoast SEO plugin v27.4 - https:\/\/yoast.com\/product\/yoast-seo-wordpress\/ -->\n<title>Der italienische Rationalismus auf Sizilien - DasErbeRoms - alterBlog<\/title>\n<meta name=\"description\" content=\"Nach dem Ende der Antike begann ihre Reminiszenz. Der italienische Rationalismus hat auch auf Sizilien seine Spuren hinterassen: Veteranenheim und Postamt.\" \/>\n<meta name=\"robots\" content=\"index, follow, max-snippet:-1, max-image-preview:large, max-video-preview:-1\" \/>\n<link rel=\"canonical\" href=\"https:\/\/naehrlich.de\/daserberoms\/2020\/01\/12\/italienische-rationalismus-auf-sizilien\/\" \/>\n<meta property=\"og:locale\" content=\"de_DE\" \/>\n<meta property=\"og:type\" content=\"article\" \/>\n<meta property=\"og:title\" content=\"Der italienische Rationalismus auf Sizilien - DasErbeRoms - alterBlog\" \/>\n<meta property=\"og:description\" content=\"Nach dem Ende der Antike begann ihre Reminiszenz. Der italienische Rationalismus hat auch auf Sizilien seine Spuren hinterassen: Veteranenheim und Postamt.\" \/>\n<meta property=\"og:url\" content=\"https:\/\/naehrlich.de\/daserberoms\/2020\/01\/12\/italienische-rationalismus-auf-sizilien\/\" \/>\n<meta property=\"og:site_name\" content=\"DasErbeRoms - alterBlog\" \/>\n<meta property=\"article:publisher\" content=\"http:\/\/www.facebook.com\/stefan.naehrlich\" \/>\n<meta property=\"article:published_time\" content=\"2020-01-12T08:30:00+00:00\" \/>\n<meta property=\"article:modified_time\" content=\"2023-03-10T17:32:30+00:00\" \/>\n<meta property=\"og:image\" content=\"https:\/\/naehrlich.de\/daserberoms\/wp-content\/uploads\/2019\/12\/rationalismuspalermopost.jpg\" \/>\n\t<meta property=\"og:image:width\" content=\"1800\" \/>\n\t<meta property=\"og:image:height\" content=\"800\" \/>\n\t<meta property=\"og:image:type\" content=\"image\/jpeg\" \/>\n<meta name=\"author\" content=\"Stefan N\u00e4hrlich\" \/>\n<meta name=\"twitter:card\" content=\"summary_large_image\" \/>\n<meta name=\"twitter:creator\" content=\"@DasErbeRoms\" \/>\n<meta name=\"twitter:site\" content=\"@DasErbeRoms\" \/>\n<meta name=\"twitter:label1\" content=\"Verfasst von\" \/>\n\t<meta name=\"twitter:data1\" content=\"Stefan N\u00e4hrlich\" \/>\n\t<meta name=\"twitter:label2\" content=\"Gesch\u00e4tzte Lesezeit\" \/>\n\t<meta name=\"twitter:data2\" content=\"4\u00a0Minuten\" \/>\n<script type=\"application\/ld+json\" class=\"yoast-schema-graph\">{\"@context\":\"https:\\\/\\\/schema.org\",\"@graph\":[{\"@type\":\"Article\",\"@id\":\"https:\\\/\\\/naehrlich.de\\\/daserberoms\\\/2020\\\/01\\\/12\\\/italienische-rationalismus-auf-sizilien\\\/#article\",\"isPartOf\":{\"@id\":\"https:\\\/\\\/naehrlich.de\\\/daserberoms\\\/2020\\\/01\\\/12\\\/italienische-rationalismus-auf-sizilien\\\/\"},\"author\":{\"name\":\"Stefan N\u00e4hrlich\",\"@id\":\"https:\\\/\\\/naehrlich.de\\\/daserberoms\\\/#\\\/schema\\\/person\\\/abf3183c35b9b7643636e6115f1354a7\"},\"headline\":\"Der italienische Rationalismus auf Sizilien\",\"datePublished\":\"2020-01-12T08:30:00+00:00\",\"dateModified\":\"2023-03-10T17:32:30+00:00\",\"mainEntityOfPage\":{\"@id\":\"https:\\\/\\\/naehrlich.de\\\/daserberoms\\\/2020\\\/01\\\/12\\\/italienische-rationalismus-auf-sizilien\\\/\"},\"wordCount\":614,\"commentCount\":0,\"image\":{\"@id\":\"https:\\\/\\\/naehrlich.de\\\/daserberoms\\\/2020\\\/01\\\/12\\\/italienische-rationalismus-auf-sizilien\\\/#primaryimage\"},\"thumbnailUrl\":\"https:\\\/\\\/naehrlich.de\\\/daserberoms\\\/wp-content\\\/uploads\\\/2019\\\/12\\\/rationalismuspalermopost.jpg\",\"articleSection\":[\"Architektur\",\"Rationalismus\"],\"inLanguage\":\"de\",\"potentialAction\":[{\"@type\":\"CommentAction\",\"name\":\"Comment\",\"target\":[\"https:\\\/\\\/naehrlich.de\\\/daserberoms\\\/2020\\\/01\\\/12\\\/italienische-rationalismus-auf-sizilien\\\/#respond\"]}]},{\"@type\":\"WebPage\",\"@id\":\"https:\\\/\\\/naehrlich.de\\\/daserberoms\\\/2020\\\/01\\\/12\\\/italienische-rationalismus-auf-sizilien\\\/\",\"url\":\"https:\\\/\\\/naehrlich.de\\\/daserberoms\\\/2020\\\/01\\\/12\\\/italienische-rationalismus-auf-sizilien\\\/\",\"name\":\"Der italienische Rationalismus auf Sizilien - DasErbeRoms - alterBlog\",\"isPartOf\":{\"@id\":\"https:\\\/\\\/naehrlich.de\\\/daserberoms\\\/#website\"},\"primaryImageOfPage\":{\"@id\":\"https:\\\/\\\/naehrlich.de\\\/daserberoms\\\/2020\\\/01\\\/12\\\/italienische-rationalismus-auf-sizilien\\\/#primaryimage\"},\"image\":{\"@id\":\"https:\\\/\\\/naehrlich.de\\\/daserberoms\\\/2020\\\/01\\\/12\\\/italienische-rationalismus-auf-sizilien\\\/#primaryimage\"},\"thumbnailUrl\":\"https:\\\/\\\/naehrlich.de\\\/daserberoms\\\/wp-content\\\/uploads\\\/2019\\\/12\\\/rationalismuspalermopost.jpg\",\"datePublished\":\"2020-01-12T08:30:00+00:00\",\"dateModified\":\"2023-03-10T17:32:30+00:00\",\"author\":{\"@id\":\"https:\\\/\\\/naehrlich.de\\\/daserberoms\\\/#\\\/schema\\\/person\\\/abf3183c35b9b7643636e6115f1354a7\"},\"description\":\"Nach dem Ende der Antike begann ihre Reminiszenz. Der italienische Rationalismus hat auch auf Sizilien seine Spuren hinterassen: Veteranenheim und Postamt.\",\"breadcrumb\":{\"@id\":\"https:\\\/\\\/naehrlich.de\\\/daserberoms\\\/2020\\\/01\\\/12\\\/italienische-rationalismus-auf-sizilien\\\/#breadcrumb\"},\"inLanguage\":\"de\",\"potentialAction\":[{\"@type\":\"ReadAction\",\"target\":[\"https:\\\/\\\/naehrlich.de\\\/daserberoms\\\/2020\\\/01\\\/12\\\/italienische-rationalismus-auf-sizilien\\\/\"]}]},{\"@type\":\"ImageObject\",\"inLanguage\":\"de\",\"@id\":\"https:\\\/\\\/naehrlich.de\\\/daserberoms\\\/2020\\\/01\\\/12\\\/italienische-rationalismus-auf-sizilien\\\/#primaryimage\",\"url\":\"https:\\\/\\\/naehrlich.de\\\/daserberoms\\\/wp-content\\\/uploads\\\/2019\\\/12\\\/rationalismuspalermopost.jpg\",\"contentUrl\":\"https:\\\/\\\/naehrlich.de\\\/daserberoms\\\/wp-content\\\/uploads\\\/2019\\\/12\\\/rationalismuspalermopost.jpg\",\"width\":1800,\"height\":800},{\"@type\":\"BreadcrumbList\",\"@id\":\"https:\\\/\\\/naehrlich.de\\\/daserberoms\\\/2020\\\/01\\\/12\\\/italienische-rationalismus-auf-sizilien\\\/#breadcrumb\",\"itemListElement\":[{\"@type\":\"ListItem\",\"position\":1,\"name\":\"Startseite\",\"item\":\"https:\\\/\\\/naehrlich.de\\\/daserberoms\\\/\"},{\"@type\":\"ListItem\",\"position\":2,\"name\":\"Der italienische Rationalismus auf Sizilien\"}]},{\"@type\":\"WebSite\",\"@id\":\"https:\\\/\\\/naehrlich.de\\\/daserberoms\\\/#website\",\"url\":\"https:\\\/\\\/naehrlich.de\\\/daserberoms\\\/\",\"name\":\"DasErbeRoms - alterBlog\",\"description\":\"Reisen auf den Spuren der alten R\u00f6mer. Von weltbekannt bis unbekannt. Fotos und Texte. Und ab und an einige Buch- und Filmbesprechungen und KI-Experimente.\",\"potentialAction\":[{\"@type\":\"SearchAction\",\"target\":{\"@type\":\"EntryPoint\",\"urlTemplate\":\"https:\\\/\\\/naehrlich.de\\\/daserberoms\\\/?s={search_term_string}\"},\"query-input\":{\"@type\":\"PropertyValueSpecification\",\"valueRequired\":true,\"valueName\":\"search_term_string\"}}],\"inLanguage\":\"de\"},{\"@type\":\"Person\",\"@id\":\"https:\\\/\\\/naehrlich.de\\\/daserberoms\\\/#\\\/schema\\\/person\\\/abf3183c35b9b7643636e6115f1354a7\",\"name\":\"Stefan N\u00e4hrlich\",\"image\":{\"@type\":\"ImageObject\",\"inLanguage\":\"de\",\"@id\":\"https:\\\/\\\/secure.gravatar.com\\\/avatar\\\/de332640be3ed6dfba043afc9f0cf67943fba3256852b07fe117cd6a456a29f8?s=96&d=mm&r=g\",\"url\":\"https:\\\/\\\/secure.gravatar.com\\\/avatar\\\/de332640be3ed6dfba043afc9f0cf67943fba3256852b07fe117cd6a456a29f8?s=96&d=mm&r=g\",\"contentUrl\":\"https:\\\/\\\/secure.gravatar.com\\\/avatar\\\/de332640be3ed6dfba043afc9f0cf67943fba3256852b07fe117cd6a456a29f8?s=96&d=mm&r=g\",\"caption\":\"Stefan N\u00e4hrlich\"},\"sameAs\":[\"http:\\\/\\\/www.daserberoms.de\"],\"url\":\"https:\\\/\\\/naehrlich.de\\\/daserberoms\\\/author\\\/stefan-naehrlich\\\/\"}]}<\/script>\n<!-- \/ Yoast SEO plugin. -->","yoast_head_json":{"title":"Der italienische Rationalismus auf Sizilien - DasErbeRoms - alterBlog","description":"Nach dem Ende der Antike begann ihre Reminiszenz. Der italienische Rationalismus hat auch auf Sizilien seine Spuren hinterassen: Veteranenheim und Postamt.","robots":{"index":"index","follow":"follow","max-snippet":"max-snippet:-1","max-image-preview":"max-image-preview:large","max-video-preview":"max-video-preview:-1"},"canonical":"https:\/\/naehrlich.de\/daserberoms\/2020\/01\/12\/italienische-rationalismus-auf-sizilien\/","og_locale":"de_DE","og_type":"article","og_title":"Der italienische Rationalismus auf Sizilien - DasErbeRoms - alterBlog","og_description":"Nach dem Ende der Antike begann ihre Reminiszenz. Der italienische Rationalismus hat auch auf Sizilien seine Spuren hinterassen: Veteranenheim und Postamt.","og_url":"https:\/\/naehrlich.de\/daserberoms\/2020\/01\/12\/italienische-rationalismus-auf-sizilien\/","og_site_name":"DasErbeRoms - alterBlog","article_publisher":"http:\/\/www.facebook.com\/stefan.naehrlich","article_published_time":"2020-01-12T08:30:00+00:00","article_modified_time":"2023-03-10T17:32:30+00:00","og_image":[{"width":1800,"height":800,"url":"https:\/\/naehrlich.de\/daserberoms\/wp-content\/uploads\/2019\/12\/rationalismuspalermopost.jpg","type":"image\/jpeg"}],"author":"Stefan N\u00e4hrlich","twitter_card":"summary_large_image","twitter_creator":"@DasErbeRoms","twitter_site":"@DasErbeRoms","twitter_misc":{"Verfasst von":"Stefan N\u00e4hrlich","Gesch\u00e4tzte Lesezeit":"4\u00a0Minuten"},"schema":{"@context":"https:\/\/schema.org","@graph":[{"@type":"Article","@id":"https:\/\/naehrlich.de\/daserberoms\/2020\/01\/12\/italienische-rationalismus-auf-sizilien\/#article","isPartOf":{"@id":"https:\/\/naehrlich.de\/daserberoms\/2020\/01\/12\/italienische-rationalismus-auf-sizilien\/"},"author":{"name":"Stefan N\u00e4hrlich","@id":"https:\/\/naehrlich.de\/daserberoms\/#\/schema\/person\/abf3183c35b9b7643636e6115f1354a7"},"headline":"Der italienische Rationalismus auf Sizilien","datePublished":"2020-01-12T08:30:00+00:00","dateModified":"2023-03-10T17:32:30+00:00","mainEntityOfPage":{"@id":"https:\/\/naehrlich.de\/daserberoms\/2020\/01\/12\/italienische-rationalismus-auf-sizilien\/"},"wordCount":614,"commentCount":0,"image":{"@id":"https:\/\/naehrlich.de\/daserberoms\/2020\/01\/12\/italienische-rationalismus-auf-sizilien\/#primaryimage"},"thumbnailUrl":"https:\/\/naehrlich.de\/daserberoms\/wp-content\/uploads\/2019\/12\/rationalismuspalermopost.jpg","articleSection":["Architektur","Rationalismus"],"inLanguage":"de","potentialAction":[{"@type":"CommentAction","name":"Comment","target":["https:\/\/naehrlich.de\/daserberoms\/2020\/01\/12\/italienische-rationalismus-auf-sizilien\/#respond"]}]},{"@type":"WebPage","@id":"https:\/\/naehrlich.de\/daserberoms\/2020\/01\/12\/italienische-rationalismus-auf-sizilien\/","url":"https:\/\/naehrlich.de\/daserberoms\/2020\/01\/12\/italienische-rationalismus-auf-sizilien\/","name":"Der italienische Rationalismus auf Sizilien - DasErbeRoms - alterBlog","isPartOf":{"@id":"https:\/\/naehrlich.de\/daserberoms\/#website"},"primaryImageOfPage":{"@id":"https:\/\/naehrlich.de\/daserberoms\/2020\/01\/12\/italienische-rationalismus-auf-sizilien\/#primaryimage"},"image":{"@id":"https:\/\/naehrlich.de\/daserberoms\/2020\/01\/12\/italienische-rationalismus-auf-sizilien\/#primaryimage"},"thumbnailUrl":"https:\/\/naehrlich.de\/daserberoms\/wp-content\/uploads\/2019\/12\/rationalismuspalermopost.jpg","datePublished":"2020-01-12T08:30:00+00:00","dateModified":"2023-03-10T17:32:30+00:00","author":{"@id":"https:\/\/naehrlich.de\/daserberoms\/#\/schema\/person\/abf3183c35b9b7643636e6115f1354a7"},"description":"Nach dem Ende der Antike begann ihre Reminiszenz. Der italienische Rationalismus hat auch auf Sizilien seine Spuren hinterassen: Veteranenheim und Postamt.","breadcrumb":{"@id":"https:\/\/naehrlich.de\/daserberoms\/2020\/01\/12\/italienische-rationalismus-auf-sizilien\/#breadcrumb"},"inLanguage":"de","potentialAction":[{"@type":"ReadAction","target":["https:\/\/naehrlich.de\/daserberoms\/2020\/01\/12\/italienische-rationalismus-auf-sizilien\/"]}]},{"@type":"ImageObject","inLanguage":"de","@id":"https:\/\/naehrlich.de\/daserberoms\/2020\/01\/12\/italienische-rationalismus-auf-sizilien\/#primaryimage","url":"https:\/\/naehrlich.de\/daserberoms\/wp-content\/uploads\/2019\/12\/rationalismuspalermopost.jpg","contentUrl":"https:\/\/naehrlich.de\/daserberoms\/wp-content\/uploads\/2019\/12\/rationalismuspalermopost.jpg","width":1800,"height":800},{"@type":"BreadcrumbList","@id":"https:\/\/naehrlich.de\/daserberoms\/2020\/01\/12\/italienische-rationalismus-auf-sizilien\/#breadcrumb","itemListElement":[{"@type":"ListItem","position":1,"name":"Startseite","item":"https:\/\/naehrlich.de\/daserberoms\/"},{"@type":"ListItem","position":2,"name":"Der italienische Rationalismus auf Sizilien"}]},{"@type":"WebSite","@id":"https:\/\/naehrlich.de\/daserberoms\/#website","url":"https:\/\/naehrlich.de\/daserberoms\/","name":"DasErbeRoms - alterBlog","description":"Reisen auf den Spuren der alten R\u00f6mer. Von weltbekannt bis unbekannt. Fotos und Texte. Und ab und an einige Buch- und Filmbesprechungen und KI-Experimente.","potentialAction":[{"@type":"SearchAction","target":{"@type":"EntryPoint","urlTemplate":"https:\/\/naehrlich.de\/daserberoms\/?s={search_term_string}"},"query-input":{"@type":"PropertyValueSpecification","valueRequired":true,"valueName":"search_term_string"}}],"inLanguage":"de"},{"@type":"Person","@id":"https:\/\/naehrlich.de\/daserberoms\/#\/schema\/person\/abf3183c35b9b7643636e6115f1354a7","name":"Stefan N\u00e4hrlich","image":{"@type":"ImageObject","inLanguage":"de","@id":"https:\/\/secure.gravatar.com\/avatar\/de332640be3ed6dfba043afc9f0cf67943fba3256852b07fe117cd6a456a29f8?s=96&d=mm&r=g","url":"https:\/\/secure.gravatar.com\/avatar\/de332640be3ed6dfba043afc9f0cf67943fba3256852b07fe117cd6a456a29f8?s=96&d=mm&r=g","contentUrl":"https:\/\/secure.gravatar.com\/avatar\/de332640be3ed6dfba043afc9f0cf67943fba3256852b07fe117cd6a456a29f8?s=96&d=mm&r=g","caption":"Stefan N\u00e4hrlich"},"sameAs":["http:\/\/www.daserberoms.de"],"url":"https:\/\/naehrlich.de\/daserberoms\/author\/stefan-naehrlich\/"}]}},"_links":{"self":[{"href":"https:\/\/naehrlich.de\/daserberoms\/wp-json\/wp\/v2\/posts\/12500","targetHints":{"allow":["GET"]}}],"collection":[{"href":"https:\/\/naehrlich.de\/daserberoms\/wp-json\/wp\/v2\/posts"}],"about":[{"href":"https:\/\/naehrlich.de\/daserberoms\/wp-json\/wp\/v2\/types\/post"}],"author":[{"embeddable":true,"href":"https:\/\/naehrlich.de\/daserberoms\/wp-json\/wp\/v2\/users\/1"}],"replies":[{"embeddable":true,"href":"https:\/\/naehrlich.de\/daserberoms\/wp-json\/wp\/v2\/comments?post=12500"}],"version-history":[{"count":64,"href":"https:\/\/naehrlich.de\/daserberoms\/wp-json\/wp\/v2\/posts\/12500\/revisions"}],"predecessor-version":[{"id":14835,"href":"https:\/\/naehrlich.de\/daserberoms\/wp-json\/wp\/v2\/posts\/12500\/revisions\/14835"}],"wp:featuredmedia":[{"embeddable":true,"href":"https:\/\/naehrlich.de\/daserberoms\/wp-json\/wp\/v2\/media\/14697"}],"wp:attachment":[{"href":"https:\/\/naehrlich.de\/daserberoms\/wp-json\/wp\/v2\/media?parent=12500"}],"wp:term":[{"taxonomy":"category","embeddable":true,"href":"https:\/\/naehrlich.de\/daserberoms\/wp-json\/wp\/v2\/categories?post=12500"},{"taxonomy":"post_tag","embeddable":true,"href":"https:\/\/naehrlich.de\/daserberoms\/wp-json\/wp\/v2\/tags?post=12500"}],"curies":[{"name":"wp","href":"https:\/\/api.w.org\/{rel}","templated":true}]}}