{"id":13505,"date":"2019-11-17T09:32:22","date_gmt":"2019-11-17T08:32:22","guid":{"rendered":"https:\/\/naehrlich.de\/daserberoms\/?p=13505"},"modified":"2019-11-05T12:36:17","modified_gmt":"2019-11-05T11:36:17","slug":"berlins-braune-bronzen","status":"publish","type":"post","link":"https:\/\/naehrlich.de\/daserberoms\/2019\/11\/17\/berlins-braune-bronzen\/","title":{"rendered":"Berlins braune Bronzen"},"content":{"rendered":"\n<p class=\"lead dropcap\">Nicht an besonders prominenten Pl\u00e4tzen, eher abseits platziert wurden sie, die Statuen von Ares, Diana und Apoll. Das hat vielleicht mit ihrem letzten Besitzer zu tun. Der ehemalige Reichsmarschall Hermann G\u00f6ring hatte sie sich unter den Nagel gerissen: Berlins braune Bronzen.<\/p>\n\n\n\n\n\n<p>Der Guss aus Bronze der Marmorstatue <em>Ares Ludovisi<\/em> war in den 1930er Jahren im Besitz Hermann G\u00f6rings und geh\u00f6rte zu dessen Sammlung auf seinem Landsitz in der Schorfheide. Seit 1964 hat das Standbild des griechischen Kriegsgottes seinen Platz in der Gr\u00fcnanlage der Zitadelle Spandau.<\/p>\n\n\n\n<!--more-->\n\n\n\n<p>Auch die Bronzestatue der Jagdg\u00f6ttin <em>Diana<\/em> befand sich zwischenzeitlich in G\u00f6rings Sammlung und wurde 1963 im Wr\u00f6hm\u00e4nnerpark in Spandau aufgestellt. Da die Statue einst in der Geburtsstadt des K\u00fcnstlers, im westpreu\u00dfischen Elbing stand, fordert aktuell der <a rel=\"noreferrer noopener\" aria-label=\" (\u00f6ffnet in neuem Tab)\" href=\"https:\/\/www.berliner-woche.de\/spandau\/c-kultur\/ueber-eine-kopie-der-raubkunst-wird-nachgedacht_a218611\" target=\"_blank\">Stadtrat der heute polnischen Stadt Elbl\u0105g<\/a> die Bronze zur\u00fcck. Genau genommen, ist die Diana im Wr\u00f6hm\u00e4nnerpark bereits eine Kopie. Die Original-Diana von Reinhold Felderhoff befindet sich im <a href=\"https:\/\/naehrlich.de\/daserberoms\/2019\/06\/16\/der-kolonnadenhof-auf-der-museumsinsel\/\">Kolonnadenhof<\/a> auf der Museumsinsel.<\/p>\n\n\n\n<p>Dianas Zwillingsbruder Apoll war der Dritte im Bunde, der in Carinhall G\u00f6rings zusammengeklaute Sammlung schm\u00fcckte. Seit 1964 hat <em>Apollon&nbsp;mit&nbsp;der Kithara<\/em> nun seinen Platz auf der Wiese an der Heerstra\u00dfe \/ Ecke Pichelsdorfer Stra\u00dfe im Berliner Bezirk Spandau.<\/p>\n\n\n\n<p>Weitere Bronzestatuen mit Motiven aus der Antike befinden sich in der N\u00e4he des Berliner Olympiastadions. Hinter dem Haus des Sports stehen die Bronzeabg\u00fcsse von zwei aus der Antike weltbekannten Skulpturen: der <em>Faustk\u00e4mpfer vom Quirinal<\/em>&nbsp;und der <em>Schaber von Ephesus<\/em>.&nbsp;Die Originale befinden sich in Rom im <a href=\"https:\/\/naehrlich.de\/daserberoms\/2017\/07\/01\/palazzo-massimo-alle-terme\/\">Palazzo Massimo<\/a> bzw. in Wien im <a href=\"https:\/\/naehrlich.de\/daserberoms\/2016\/08\/15\/kunsthistorisches-museum-wien\/\">Ephesus-Museum<\/a>. Beide Skulpturen kamen 1936 nach Berlin.<\/p>\n\n\n\n\n\n<p>Vor dem Haus des Sports steht im Atriumhof die Bronzestatue <em>Eine Frage<\/em> von Reinhold B\u00f6ltzig. Das dargestellte junge Liebespaar kam mit dem <a href=\"https:\/\/manfred-nippe.de\/bildende-kunst-auf-den-stadion-terrassen\/\" target=\"_blank\" rel=\"noreferrer noopener\" aria-label=\" (\u00f6ffnet in neuem Tab)\">Umzug der Sportjugend Berlin von Spandau zum Olympiastadion<\/a>. Zuvor befand sie sich Jahrzehnte im verwilderten Garten eines schloss\u00e4hnlichen Anwesens in Berlin-Zehlendorf.<\/p>\n\n\n\n\n\n<p>Die \u00fcberlebensgro\u00dfe Skulptur des Diskuswerfers wurde 1927 von dem Zigarettenfabrikanten Phillip Reemtsma der damaligen Deutschen Hochschule f\u00fcr Leibes\u00fcbungen gestiftet. Heute steht sie auf der oberen Terrasse hinter dem Haus des Sports. Die Bronze ist das Werk von Wolfgang Schaper, Sohn des ber\u00fchmten Bildhauers aus der Kaiserzeit <a href=\"https:\/\/naehrlich.de\/daserberoms\/2019\/08\/04\/viktoria-von-fritz-schaper\/\">Fritz Schaper<\/a>.<\/p>\n","protected":false},"excerpt":{"rendered":"<p>Nicht an besonders prominenten Pl\u00e4tzen, eher abseits platziert wurden sie, die Statuen von Ares, Diana und Apoll. Das hat vielleicht mit ihrem letzten Besitzer zu tun. Der ehemalige Reichsmarschall Hermann G\u00f6ring hatte sie sich unter den Nagel gerissen: Berlins braune Bronzen. Der Guss aus Bronze der Marmorstatue Ares Ludovisi war in den 1930er Jahren im [&hellip;]<\/p>\n","protected":false},"author":1,"featured_media":14341,"comment_status":"open","ping_status":"open","sticky":false,"template":"","format":"standard","meta":{"footnotes":""},"categories":[16],"tags":[359,589,840,358,229],"class_list":["post-13505","post","type-post","status-publish","format-standard","has-post-thumbnail","hentry","category-alle-beitraege","tag-apollo","tag-ares","tag-bronze","tag-diana","tag-statuen"],"yoast_head":"<!-- This site is optimized with the Yoast SEO plugin v27.4 - https:\/\/yoast.com\/product\/yoast-seo-wordpress\/ -->\n<title>Berlins braune Bronzen - DasErbeRoms - alterBlog<\/title>\n<meta name=\"description\" content=\"Nicht an besonders prominenten Pl\u00e4tzen in Berlin, eher abseits platziert wurden Ares, Diana und Apoll. Sie geh\u00f6rten Herman G\u00f6ring: Berlins braune Bronzen.\" \/>\n<meta name=\"robots\" content=\"index, follow, max-snippet:-1, max-image-preview:large, max-video-preview:-1\" \/>\n<link rel=\"canonical\" href=\"https:\/\/naehrlich.de\/daserberoms\/2019\/11\/17\/berlins-braune-bronzen\/\" \/>\n<meta property=\"og:locale\" content=\"de_DE\" \/>\n<meta property=\"og:type\" content=\"article\" \/>\n<meta property=\"og:title\" content=\"Berlins braune Bronzen - DasErbeRoms - alterBlog\" \/>\n<meta property=\"og:description\" content=\"Nicht an besonders prominenten Pl\u00e4tzen in Berlin, eher abseits platziert wurden Ares, Diana und Apoll. Sie geh\u00f6rten Herman G\u00f6ring: Berlins braune Bronzen.\" \/>\n<meta property=\"og:url\" content=\"https:\/\/naehrlich.de\/daserberoms\/2019\/11\/17\/berlins-braune-bronzen\/\" \/>\n<meta property=\"og:site_name\" content=\"DasErbeRoms - alterBlog\" \/>\n<meta property=\"article:publisher\" content=\"http:\/\/www.facebook.com\/stefan.naehrlich\" \/>\n<meta property=\"article:published_time\" content=\"2019-11-17T08:32:22+00:00\" \/>\n<meta property=\"og:image\" content=\"https:\/\/naehrlich.de\/daserberoms\/wp-content\/uploads\/2019\/11\/areszitadellespandau2.jpg\" \/>\n\t<meta property=\"og:image:width\" content=\"1800\" \/>\n\t<meta property=\"og:image:height\" content=\"800\" \/>\n\t<meta property=\"og:image:type\" content=\"image\/jpeg\" \/>\n<meta name=\"author\" content=\"Stefan N\u00e4hrlich\" \/>\n<meta name=\"twitter:card\" content=\"summary_large_image\" \/>\n<meta name=\"twitter:creator\" content=\"@DasErbeRoms\" \/>\n<meta name=\"twitter:site\" content=\"@DasErbeRoms\" \/>\n<meta name=\"twitter:label1\" content=\"Verfasst von\" \/>\n\t<meta name=\"twitter:data1\" content=\"Stefan N\u00e4hrlich\" \/>\n\t<meta name=\"twitter:label2\" content=\"Gesch\u00e4tzte Lesezeit\" \/>\n\t<meta name=\"twitter:data2\" content=\"2\u00a0Minuten\" \/>\n<script type=\"application\/ld+json\" class=\"yoast-schema-graph\">{\"@context\":\"https:\\\/\\\/schema.org\",\"@graph\":[{\"@type\":\"Article\",\"@id\":\"https:\\\/\\\/naehrlich.de\\\/daserberoms\\\/2019\\\/11\\\/17\\\/berlins-braune-bronzen\\\/#article\",\"isPartOf\":{\"@id\":\"https:\\\/\\\/naehrlich.de\\\/daserberoms\\\/2019\\\/11\\\/17\\\/berlins-braune-bronzen\\\/\"},\"author\":{\"name\":\"Stefan N\u00e4hrlich\",\"@id\":\"https:\\\/\\\/naehrlich.de\\\/daserberoms\\\/#\\\/schema\\\/person\\\/abf3183c35b9b7643636e6115f1354a7\"},\"headline\":\"Berlins braune Bronzen\",\"datePublished\":\"2019-11-17T08:32:22+00:00\",\"mainEntityOfPage\":{\"@id\":\"https:\\\/\\\/naehrlich.de\\\/daserberoms\\\/2019\\\/11\\\/17\\\/berlins-braune-bronzen\\\/\"},\"wordCount\":370,\"commentCount\":0,\"image\":{\"@id\":\"https:\\\/\\\/naehrlich.de\\\/daserberoms\\\/2019\\\/11\\\/17\\\/berlins-braune-bronzen\\\/#primaryimage\"},\"thumbnailUrl\":\"https:\\\/\\\/naehrlich.de\\\/daserberoms\\\/wp-content\\\/uploads\\\/2019\\\/11\\\/areszitadellespandau2.jpg\",\"keywords\":[\"Apollo\",\"Ares\",\"Bronze\",\"Diana\",\"Statuen\"],\"articleSection\":[\"Alle Beitr\u00e4ge\"],\"inLanguage\":\"de\",\"potentialAction\":[{\"@type\":\"CommentAction\",\"name\":\"Comment\",\"target\":[\"https:\\\/\\\/naehrlich.de\\\/daserberoms\\\/2019\\\/11\\\/17\\\/berlins-braune-bronzen\\\/#respond\"]}]},{\"@type\":\"WebPage\",\"@id\":\"https:\\\/\\\/naehrlich.de\\\/daserberoms\\\/2019\\\/11\\\/17\\\/berlins-braune-bronzen\\\/\",\"url\":\"https:\\\/\\\/naehrlich.de\\\/daserberoms\\\/2019\\\/11\\\/17\\\/berlins-braune-bronzen\\\/\",\"name\":\"Berlins braune Bronzen - DasErbeRoms - alterBlog\",\"isPartOf\":{\"@id\":\"https:\\\/\\\/naehrlich.de\\\/daserberoms\\\/#website\"},\"primaryImageOfPage\":{\"@id\":\"https:\\\/\\\/naehrlich.de\\\/daserberoms\\\/2019\\\/11\\\/17\\\/berlins-braune-bronzen\\\/#primaryimage\"},\"image\":{\"@id\":\"https:\\\/\\\/naehrlich.de\\\/daserberoms\\\/2019\\\/11\\\/17\\\/berlins-braune-bronzen\\\/#primaryimage\"},\"thumbnailUrl\":\"https:\\\/\\\/naehrlich.de\\\/daserberoms\\\/wp-content\\\/uploads\\\/2019\\\/11\\\/areszitadellespandau2.jpg\",\"datePublished\":\"2019-11-17T08:32:22+00:00\",\"author\":{\"@id\":\"https:\\\/\\\/naehrlich.de\\\/daserberoms\\\/#\\\/schema\\\/person\\\/abf3183c35b9b7643636e6115f1354a7\"},\"description\":\"Nicht an besonders prominenten Pl\u00e4tzen in Berlin, eher abseits platziert wurden Ares, Diana und Apoll. Sie geh\u00f6rten Herman G\u00f6ring: Berlins braune Bronzen.\",\"breadcrumb\":{\"@id\":\"https:\\\/\\\/naehrlich.de\\\/daserberoms\\\/2019\\\/11\\\/17\\\/berlins-braune-bronzen\\\/#breadcrumb\"},\"inLanguage\":\"de\",\"potentialAction\":[{\"@type\":\"ReadAction\",\"target\":[\"https:\\\/\\\/naehrlich.de\\\/daserberoms\\\/2019\\\/11\\\/17\\\/berlins-braune-bronzen\\\/\"]}]},{\"@type\":\"ImageObject\",\"inLanguage\":\"de\",\"@id\":\"https:\\\/\\\/naehrlich.de\\\/daserberoms\\\/2019\\\/11\\\/17\\\/berlins-braune-bronzen\\\/#primaryimage\",\"url\":\"https:\\\/\\\/naehrlich.de\\\/daserberoms\\\/wp-content\\\/uploads\\\/2019\\\/11\\\/areszitadellespandau2.jpg\",\"contentUrl\":\"https:\\\/\\\/naehrlich.de\\\/daserberoms\\\/wp-content\\\/uploads\\\/2019\\\/11\\\/areszitadellespandau2.jpg\",\"width\":1800,\"height\":800},{\"@type\":\"BreadcrumbList\",\"@id\":\"https:\\\/\\\/naehrlich.de\\\/daserberoms\\\/2019\\\/11\\\/17\\\/berlins-braune-bronzen\\\/#breadcrumb\",\"itemListElement\":[{\"@type\":\"ListItem\",\"position\":1,\"name\":\"Startseite\",\"item\":\"https:\\\/\\\/naehrlich.de\\\/daserberoms\\\/\"},{\"@type\":\"ListItem\",\"position\":2,\"name\":\"Berlins braune Bronzen\"}]},{\"@type\":\"WebSite\",\"@id\":\"https:\\\/\\\/naehrlich.de\\\/daserberoms\\\/#website\",\"url\":\"https:\\\/\\\/naehrlich.de\\\/daserberoms\\\/\",\"name\":\"DasErbeRoms - alterBlog\",\"description\":\"Reisen auf den Spuren der alten R\u00f6mer. Von weltbekannt bis unbekannt. Fotos und Texte. Und ab und an einige Buch- und Filmbesprechungen und KI-Experimente.\",\"potentialAction\":[{\"@type\":\"SearchAction\",\"target\":{\"@type\":\"EntryPoint\",\"urlTemplate\":\"https:\\\/\\\/naehrlich.de\\\/daserberoms\\\/?s={search_term_string}\"},\"query-input\":{\"@type\":\"PropertyValueSpecification\",\"valueRequired\":true,\"valueName\":\"search_term_string\"}}],\"inLanguage\":\"de\"},{\"@type\":\"Person\",\"@id\":\"https:\\\/\\\/naehrlich.de\\\/daserberoms\\\/#\\\/schema\\\/person\\\/abf3183c35b9b7643636e6115f1354a7\",\"name\":\"Stefan N\u00e4hrlich\",\"image\":{\"@type\":\"ImageObject\",\"inLanguage\":\"de\",\"@id\":\"https:\\\/\\\/secure.gravatar.com\\\/avatar\\\/de332640be3ed6dfba043afc9f0cf67943fba3256852b07fe117cd6a456a29f8?s=96&d=mm&r=g\",\"url\":\"https:\\\/\\\/secure.gravatar.com\\\/avatar\\\/de332640be3ed6dfba043afc9f0cf67943fba3256852b07fe117cd6a456a29f8?s=96&d=mm&r=g\",\"contentUrl\":\"https:\\\/\\\/secure.gravatar.com\\\/avatar\\\/de332640be3ed6dfba043afc9f0cf67943fba3256852b07fe117cd6a456a29f8?s=96&d=mm&r=g\",\"caption\":\"Stefan N\u00e4hrlich\"},\"sameAs\":[\"http:\\\/\\\/www.daserberoms.de\"],\"url\":\"https:\\\/\\\/naehrlich.de\\\/daserberoms\\\/author\\\/stefan-naehrlich\\\/\"}]}<\/script>\n<!-- \/ Yoast SEO plugin. -->","yoast_head_json":{"title":"Berlins braune Bronzen - DasErbeRoms - alterBlog","description":"Nicht an besonders prominenten Pl\u00e4tzen in Berlin, eher abseits platziert wurden Ares, Diana und Apoll. Sie geh\u00f6rten Herman G\u00f6ring: Berlins braune Bronzen.","robots":{"index":"index","follow":"follow","max-snippet":"max-snippet:-1","max-image-preview":"max-image-preview:large","max-video-preview":"max-video-preview:-1"},"canonical":"https:\/\/naehrlich.de\/daserberoms\/2019\/11\/17\/berlins-braune-bronzen\/","og_locale":"de_DE","og_type":"article","og_title":"Berlins braune Bronzen - DasErbeRoms - alterBlog","og_description":"Nicht an besonders prominenten Pl\u00e4tzen in Berlin, eher abseits platziert wurden Ares, Diana und Apoll. Sie geh\u00f6rten Herman G\u00f6ring: Berlins braune Bronzen.","og_url":"https:\/\/naehrlich.de\/daserberoms\/2019\/11\/17\/berlins-braune-bronzen\/","og_site_name":"DasErbeRoms - alterBlog","article_publisher":"http:\/\/www.facebook.com\/stefan.naehrlich","article_published_time":"2019-11-17T08:32:22+00:00","og_image":[{"width":1800,"height":800,"url":"https:\/\/naehrlich.de\/daserberoms\/wp-content\/uploads\/2019\/11\/areszitadellespandau2.jpg","type":"image\/jpeg"}],"author":"Stefan N\u00e4hrlich","twitter_card":"summary_large_image","twitter_creator":"@DasErbeRoms","twitter_site":"@DasErbeRoms","twitter_misc":{"Verfasst von":"Stefan N\u00e4hrlich","Gesch\u00e4tzte Lesezeit":"2\u00a0Minuten"},"schema":{"@context":"https:\/\/schema.org","@graph":[{"@type":"Article","@id":"https:\/\/naehrlich.de\/daserberoms\/2019\/11\/17\/berlins-braune-bronzen\/#article","isPartOf":{"@id":"https:\/\/naehrlich.de\/daserberoms\/2019\/11\/17\/berlins-braune-bronzen\/"},"author":{"name":"Stefan N\u00e4hrlich","@id":"https:\/\/naehrlich.de\/daserberoms\/#\/schema\/person\/abf3183c35b9b7643636e6115f1354a7"},"headline":"Berlins braune Bronzen","datePublished":"2019-11-17T08:32:22+00:00","mainEntityOfPage":{"@id":"https:\/\/naehrlich.de\/daserberoms\/2019\/11\/17\/berlins-braune-bronzen\/"},"wordCount":370,"commentCount":0,"image":{"@id":"https:\/\/naehrlich.de\/daserberoms\/2019\/11\/17\/berlins-braune-bronzen\/#primaryimage"},"thumbnailUrl":"https:\/\/naehrlich.de\/daserberoms\/wp-content\/uploads\/2019\/11\/areszitadellespandau2.jpg","keywords":["Apollo","Ares","Bronze","Diana","Statuen"],"articleSection":["Alle Beitr\u00e4ge"],"inLanguage":"de","potentialAction":[{"@type":"CommentAction","name":"Comment","target":["https:\/\/naehrlich.de\/daserberoms\/2019\/11\/17\/berlins-braune-bronzen\/#respond"]}]},{"@type":"WebPage","@id":"https:\/\/naehrlich.de\/daserberoms\/2019\/11\/17\/berlins-braune-bronzen\/","url":"https:\/\/naehrlich.de\/daserberoms\/2019\/11\/17\/berlins-braune-bronzen\/","name":"Berlins braune Bronzen - DasErbeRoms - alterBlog","isPartOf":{"@id":"https:\/\/naehrlich.de\/daserberoms\/#website"},"primaryImageOfPage":{"@id":"https:\/\/naehrlich.de\/daserberoms\/2019\/11\/17\/berlins-braune-bronzen\/#primaryimage"},"image":{"@id":"https:\/\/naehrlich.de\/daserberoms\/2019\/11\/17\/berlins-braune-bronzen\/#primaryimage"},"thumbnailUrl":"https:\/\/naehrlich.de\/daserberoms\/wp-content\/uploads\/2019\/11\/areszitadellespandau2.jpg","datePublished":"2019-11-17T08:32:22+00:00","author":{"@id":"https:\/\/naehrlich.de\/daserberoms\/#\/schema\/person\/abf3183c35b9b7643636e6115f1354a7"},"description":"Nicht an besonders prominenten Pl\u00e4tzen in Berlin, eher abseits platziert wurden Ares, Diana und Apoll. Sie geh\u00f6rten Herman G\u00f6ring: Berlins braune Bronzen.","breadcrumb":{"@id":"https:\/\/naehrlich.de\/daserberoms\/2019\/11\/17\/berlins-braune-bronzen\/#breadcrumb"},"inLanguage":"de","potentialAction":[{"@type":"ReadAction","target":["https:\/\/naehrlich.de\/daserberoms\/2019\/11\/17\/berlins-braune-bronzen\/"]}]},{"@type":"ImageObject","inLanguage":"de","@id":"https:\/\/naehrlich.de\/daserberoms\/2019\/11\/17\/berlins-braune-bronzen\/#primaryimage","url":"https:\/\/naehrlich.de\/daserberoms\/wp-content\/uploads\/2019\/11\/areszitadellespandau2.jpg","contentUrl":"https:\/\/naehrlich.de\/daserberoms\/wp-content\/uploads\/2019\/11\/areszitadellespandau2.jpg","width":1800,"height":800},{"@type":"BreadcrumbList","@id":"https:\/\/naehrlich.de\/daserberoms\/2019\/11\/17\/berlins-braune-bronzen\/#breadcrumb","itemListElement":[{"@type":"ListItem","position":1,"name":"Startseite","item":"https:\/\/naehrlich.de\/daserberoms\/"},{"@type":"ListItem","position":2,"name":"Berlins braune Bronzen"}]},{"@type":"WebSite","@id":"https:\/\/naehrlich.de\/daserberoms\/#website","url":"https:\/\/naehrlich.de\/daserberoms\/","name":"DasErbeRoms - alterBlog","description":"Reisen auf den Spuren der alten R\u00f6mer. Von weltbekannt bis unbekannt. Fotos und Texte. Und ab und an einige Buch- und Filmbesprechungen und KI-Experimente.","potentialAction":[{"@type":"SearchAction","target":{"@type":"EntryPoint","urlTemplate":"https:\/\/naehrlich.de\/daserberoms\/?s={search_term_string}"},"query-input":{"@type":"PropertyValueSpecification","valueRequired":true,"valueName":"search_term_string"}}],"inLanguage":"de"},{"@type":"Person","@id":"https:\/\/naehrlich.de\/daserberoms\/#\/schema\/person\/abf3183c35b9b7643636e6115f1354a7","name":"Stefan N\u00e4hrlich","image":{"@type":"ImageObject","inLanguage":"de","@id":"https:\/\/secure.gravatar.com\/avatar\/de332640be3ed6dfba043afc9f0cf67943fba3256852b07fe117cd6a456a29f8?s=96&d=mm&r=g","url":"https:\/\/secure.gravatar.com\/avatar\/de332640be3ed6dfba043afc9f0cf67943fba3256852b07fe117cd6a456a29f8?s=96&d=mm&r=g","contentUrl":"https:\/\/secure.gravatar.com\/avatar\/de332640be3ed6dfba043afc9f0cf67943fba3256852b07fe117cd6a456a29f8?s=96&d=mm&r=g","caption":"Stefan N\u00e4hrlich"},"sameAs":["http:\/\/www.daserberoms.de"],"url":"https:\/\/naehrlich.de\/daserberoms\/author\/stefan-naehrlich\/"}]}},"_links":{"self":[{"href":"https:\/\/naehrlich.de\/daserberoms\/wp-json\/wp\/v2\/posts\/13505","targetHints":{"allow":["GET"]}}],"collection":[{"href":"https:\/\/naehrlich.de\/daserberoms\/wp-json\/wp\/v2\/posts"}],"about":[{"href":"https:\/\/naehrlich.de\/daserberoms\/wp-json\/wp\/v2\/types\/post"}],"author":[{"embeddable":true,"href":"https:\/\/naehrlich.de\/daserberoms\/wp-json\/wp\/v2\/users\/1"}],"replies":[{"embeddable":true,"href":"https:\/\/naehrlich.de\/daserberoms\/wp-json\/wp\/v2\/comments?post=13505"}],"version-history":[{"count":41,"href":"https:\/\/naehrlich.de\/daserberoms\/wp-json\/wp\/v2\/posts\/13505\/revisions"}],"predecessor-version":[{"id":14348,"href":"https:\/\/naehrlich.de\/daserberoms\/wp-json\/wp\/v2\/posts\/13505\/revisions\/14348"}],"wp:featuredmedia":[{"embeddable":true,"href":"https:\/\/naehrlich.de\/daserberoms\/wp-json\/wp\/v2\/media\/14341"}],"wp:attachment":[{"href":"https:\/\/naehrlich.de\/daserberoms\/wp-json\/wp\/v2\/media?parent=13505"}],"wp:term":[{"taxonomy":"category","embeddable":true,"href":"https:\/\/naehrlich.de\/daserberoms\/wp-json\/wp\/v2\/categories?post=13505"},{"taxonomy":"post_tag","embeddable":true,"href":"https:\/\/naehrlich.de\/daserberoms\/wp-json\/wp\/v2\/tags?post=13505"}],"curies":[{"name":"wp","href":"https:\/\/api.w.org\/{rel}","templated":true}]}}