{"id":17951,"date":"2021-04-18T08:30:00","date_gmt":"2021-04-18T06:30:00","guid":{"rendered":"https:\/\/naehrlich.de\/daserberoms\/?p=17951"},"modified":"2021-04-17T19:06:36","modified_gmt":"2021-04-17T17:06:36","slug":"die-antiken-in-den-vatikanischen-museen-braccio-nuovo","status":"publish","type":"post","link":"https:\/\/naehrlich.de\/daserberoms\/2021\/04\/18\/die-antiken-in-den-vatikanischen-museen-braccio-nuovo\/","title":{"rendered":"Die Antiken in den Vatikanischen Museen: Museo Braccio Nuovo"},"content":{"rendered":"\n<p class=\"lead dropcap\">Vor 199 Jahren er\u00f6ffnete ein Neubau in den Vatikanischen Museen. Im <em>Braccio Nuovo<\/em> sind seitdem bedeutende Meisterwerke antiker Bildhauer ausgestellt. Die Architektur und der verbaute Marmor aus Geb\u00e4uden der r\u00f6mischen Epoche bilden einen idealisierten Raum der Antike. Am Anfang der Geschichte steht aber erst einmal ein Kunstraub.<\/p>\n\n\n\n<p>Kriege sind auch immer eine Gelegenheit, Kunstwerke zu rauben. Napoleons Italienfeldzug 1796 und 1797 war in dieser Hinsicht nicht nur der Beginn einer einzigartigen milit\u00e4rischen Karriere. Die hunderte erbeuteten Skulpturen und anderen Kunstgegenst\u00e4nde, die nach Frankreich verschafft wurden, waren auch der Beginn eines neuen und grandiosen Museums: dem Louvre. Doch die Freude an den &#8222;revolution\u00e4ren Beschlagnahmungen&#8220; w\u00e4hrte nicht lange. Nach der Schlacht von Waterloo und der Etablierung der Nachkriegsordnung auf dem Wiener Kongress von 1815, holten sich Delegationen aus ganz Europa ihre Kunstsch\u00e4tze zur\u00fcck. Zumindest die, die sie fanden und f\u00fcr die sich der Transportaufwand lohnte. Auch in den Vatikan kehrten die Kunstgegenst\u00e4nde zur\u00fcck und Papst Pius VII. lie\u00df eine neue Abteilung des Chiaramonti Museums f\u00fcr die klassischen Skulpturen bauen: den sogenannten <em>Braccio Nuovo<\/em> (neuen Fl\u00fcgel). <\/p>\n\n\n\n\n\n<p>Der <em>Braccio Nuovo<\/em> wurde unter der Leitung des r\u00f6mischen Architekten Raffaele Stern, und nach dessen Tod von seinem Nachfolger Pasquale Belli, zwischen 1817 und 1822 gebaut. Der neue Geb\u00e4udefl\u00fcgel geht im rechten Winkel vom Museo Chiaramonti ab, hin\u00fcber zum Museum der Apostolischen Bibliothek und schlie\u00dft die Ostseite des Gartens della Pigna ab. Er besteht aus einem gro\u00dfen l\u00e4nglichen Saal, der 68m lang und 8m breit ist. In der Mitte erweitert sich der Saal auf der einen Seite zu einer halbrunden Exedra, auf der anderen Seite zu einer Art von Vestib\u00fcl, das zum Pinienhof hinaus f\u00fchrt. Die neue Fl\u00fcgel ist im korinthischen Stil verziert und mit einem Tonnengew\u00f6lbe gedeckt, das mit Kassetten und Rosetten geschm\u00fcckt ist. Durch zehn Deckenlichter f\u00e4llt Tageslicht ein. In den Fu\u00dfboden sind einige antiken schwarz-wei\u00dfe Mosaiken eingebracht.<\/p>\n\n\n\n<p>Entlang den W\u00e4nden der Haupthalle \u00f6ffnen sich 28 Bogennischen mit ebenso vielen antiken Gro\u00dfstatuen von r\u00f6mischen Kaiserabbildungen und r\u00f6mische Kopien ber\u00fchmter griechischer Originalstatuen. Zwischen den B\u00f6gen stehen B\u00fcsten auf S\u00e4ulenst\u00fcmpfen und dar\u00fcber kleinere B\u00fcsten auf Wandkonsolen. Zu sehen sind sch\u00f6ne Meisterwerke wie die B\u00fcste der <em>Julia Flavia<\/em>, Tochter des r\u00f6mischen Kaisers Titus (links) oder die B\u00fcste der G\u00f6ttin <em>Juno (Pentini<\/em> <em>Typ<\/em>).<\/p>\n\n\n\n\n\n\n\n<p>Die linke Statue tr\u00e4gt ebenfalls die Gesichtsz\u00fcge der <em>Julia<\/em>. In der Mitte steht die Statue eines Dichters und rechts Statue der <em>Selene<\/em>. Die B\u00fcste links zeigt den r\u00f6mischen Kaiser <em>Pupienus<\/em>. <\/p>\n\n\n\n<p>Im oberen Bereich der Halle befinden sich Stuckfriese aus dem 19. Jahrhundert. Der Bildhauer <em>Francesco Massimiliano Laboureur<\/em> lie\u00df sich von ber\u00fchmten antiken Reliefs inspirieren. <\/p>\n\n\n\n\n\n<p>Das Fries zeigt den Flussgott <em>Danuvius<\/em>, der r\u00f6mische Legion\u00e4re beobachtet, die eine von ihnen errichtete Br\u00fccke \u00fcber die Donau \u00fcberqueren. Zumindest wird das entsprechende Motiv auf der <em><a href=\"https:\/\/naehrlich.de\/daserberoms\/2016\/02\/03\/wie-die-trajanssaeule-gebaut-wurde\/\">Trajanss\u00e4ule<\/a><\/em> so erl\u00e4utert. Die Figuren danach verk\u00f6rpern vielleicht fliehende Zivilisten. Hinter dem Feldherren auf seinem Streitwagen marschieren Liktoren, die das Zeichen r\u00f6mischer Macht, das Rutenb\u00fcndel mit Beil schultern. Nat\u00fcrlich ist der Feldherr siegreich, denn \u00fcber seinem Wagen fliegt <em>Victoria<\/em>, die Siegesg\u00f6ttin. Die Szene in der Mitte des Frieses mit dem Stier stellt vielleicht eine Opferszene dar. Sp\u00e4ter sind wieder r\u00f6mische Legion\u00e4re mit Feldzeichentr\u00e4gern zu sehen, die sich dem Triumphbogen am Ende des Stuckfrieses n\u00e4hern.<\/p>\n\n\n\n<p>In einer der Bogennischen steht die Statue der Gl\u00fccks- und Schicksalsg\u00f6ttin der r\u00f6mischen Mythologie <em>Fortuna<\/em> (hier links mit dem gro\u00dfen F\u00fcllhorn) und ihr Pendant aus der griechischen Mythologie <em>Tyche<\/em> (hier rechts mit dem kleineren F\u00fcllhorn). Zwischen ihnen die bekannte und oft kopierte Darstellung der verwundeten Amazone. <\/p>\n\n\n\n<p>Au\u00dferdem stehen im <em>Braccio Nuovo<\/em> eine sch\u00f6ne Athenastatue, hier als <em>Minerva<\/em> <em>Giustiniani<\/em> und eine Gewandstatue der <em>Pudicitia<\/em>. In den <a href=\"https:\/\/naehrlich.de\/daserberoms\/2017\/09\/09\/kapitolinischen-museen\/\">Kapitolinischen Museen<\/a> steht die Personifikation der Schamhaftigkeit gegen\u00fcber der Statue der G\u00f6ttin der Liebe <em>Aphrodite<\/em>. Tja, Ausstellungsmacher haben auch Humor. Bemerkenswert finde ich noch die Statue der <em>Clemenza<\/em> &#8211; sie verk\u00f6rpert die Milde, den Gro\u00dfmut und die Nachsicht &#8211; und die Statue der <em>Selene<\/em>, der Mondg\u00f6ttin der griechischen Mythologie. Sie erinnert mich an eine \u00e4hnliche Statue im <a href=\"https:\/\/naehrlich.de\/daserberoms\/2019\/03\/31\/neues-museum-berlin\/\">Neuen Museum<\/a> in Berlin.<\/p>\n\n\n\n\n\n<p><em>F\u00fcr das Fotografieren nicht so sch\u00f6n, ist der k\u00f6rnige Marmorputz, mit dem die Bogennischen f\u00fcr die Statuen ausgekleidet sind. Es sieht auf Fotos immer etwas nach Bildrauschen aus.<\/em><\/p>\n\n\n\n<p>F\u00fcr mich das Highlight der Statuen im <em>Braccio Nuovo<\/em> ist die \u00fcberlebensgro\u00dfe Panzerstatue des ersten r\u00f6mischen Kaisers <em>Augustus<\/em>. Benannt wurde sie nach ihrem Fundort in Prima Porta, einem n\u00f6rdlichen Stadtteil Roms. Der <em>Augustus von Primaporta<\/em> ist eine Marmorkopie des Bronzeoriginals, das wohl der r\u00f6mische Senat um 20 v. Chr. anfertigen lie\u00df. Der\u00a0Primaporta-Typus\u00a0wurde f\u00fcr Portr\u00e4ts des <a href=\"https:\/\/naehrlich.de\/daserberoms\/2017\/05\/21\/ara-pacis-augustae\/\">Augustus<\/a> zum vorherrschenden Darstellungsstil. <\/p>\n\n\n\n<p>Einen andern r\u00f6mischen Kaiser stellt eine weitere Panzerstatue dar: Kaiser <em>Domitian<\/em>. Er war der dritte und letzte Kaiser aus dem Geschlecht der Flavier. Wom\u00f6glich zeigte die Statue einmal Kaiser <a href=\"https:\/\/naehrlich.de\/daserberoms\/2016\/08\/07\/nero-ausstellung\/\">Nero<\/a>, denn der Kopf wurde ausgetauscht oder umgearbeitet. In der Ausstellung der <a href=\"https:\/\/naehrlich.de\/daserberoms\/2020\/08\/16\/kieler-kunsthalle\/\">Kieler Antikensammlung<\/a> wird gezeigt, wie die antiken Bildhauer das seinerzeit gemacht haben. Auch Domitians Vater, Kaiser <em>Titus<\/em>, ist mit einer Statue vertreten. Er ist nicht als Feldherr, sondern durch einer Togastatue, der Tracht des r\u00f6mischen B\u00fcrgers, dargestellt. In der Hand h\u00e4lt er eine Papyrusrolle. Und um auch den dritten Kaiser der flavischen Dynastie zu nennen: Kaiser <em>Vespasian<\/em> war der erste aus der Familie, der Kaiser wurde und er lie\u00df das Kolosseum bauen. <\/p>\n\n\n\n<p>Im <em>Braccio Nuovo<\/em> ist noch eine sch\u00f6ne Statue der <em>Diana Lucifera<\/em> ausgestellt. Sie wurde wohl aus einer Statue der griechischen G\u00f6ttin der Jagd Artemis umgearbeitet. Erg\u00e4nzt wurden beide Arme und die Fackel. Zu den Attributen der <a href=\"https:\/\/naehrlich.de\/daserberoms\/2015\/02\/27\/gotter-stars-und-sternchen\/\">Artemis<\/a> geh\u00f6rt eigentlich der Bogen. Auf ihrem R\u00fccken tr\u00e4gt sie noch den K\u00f6cher f\u00fcr die Pfeile.<\/p>\n\n\n\n\n\n<p>In der Mitte des langes Ganges des <em>Braccio Nuovo<\/em> \u00f6ffnet sich eine halbrunde Exedra mit einer Kolossalstatue des Nils und weiteren Skulpturen.\u00a0Der Fluss Nil ist als ein seitlich liegender Greis mit einem an Fr\u00fcchten reichen F\u00fcllhorn in der linken Hand und Getreide\u00e4hren in der rechten Hand dargestellt.<\/p>\n\n\n\n\n\n\n\n<p>Die Kolossalstatue wurde im 16. Jahrhundert auf dem Gel\u00e4nde des antiken Marsfeldes gefunden, wo sie wahrscheinlich den sogenannten Iseum Campense schm\u00fcckte, der den \u00e4gyptischen G\u00f6ttinnen <em>Isis<\/em> und <em>Serapis<\/em> geweiht war. Der Isiskult war einer der im r\u00f6mischen Reich beliebten und weit verbreiteten Mysterienkulte. Mit den r\u00f6mischen Legion\u00e4ren gelangte er bis nach <a href=\"https:\/\/naehrlich.de\/daserberoms\/2016\/09\/03\/mogontiacum\/\">Germanien<\/a> und Britannien.<\/p>\n\n\n\n\n\n<p>Mein <a href=\"https:\/\/naehrlich.de\/daserberoms\/2021\/01\/31\/die-antiken-in-den-vatikanischen-museen\/\">\u00dcberblick<\/a> zu den Antikenmuseen in den Vatikanischen Museen.<\/p>\n\n\n\n<p><a href=\"http:\/\/www.museivaticani.va\/content\/museivaticani\/de.html\" target=\"_blank\" rel=\"noreferrer noopener\">Vatikanische Museen<\/a><br>Viale Vaticano, Rom<\/p>\n\n\n\n<p>Aktuell bis 3. Mai 2021 geschlossen.<\/p>\n","protected":false},"excerpt":{"rendered":"<p>Vor 199 Jahren er\u00f6ffnete ein Neubau in den Vatikanischen Museen. Im Braccio Nuovo sind seitdem bedeutende Meisterwerke antiker Bildhauer ausgestellt. Die Architektur und der verbaute Marmor aus Geb\u00e4uden der r\u00f6mischen Epoche bilden einen idealisierten Raum der Antike. Am Anfang der Geschichte steht aber erst einmal ein Kunstraub. Kriege sind auch immer eine Gelegenheit, Kunstwerke zu [&hellip;]<\/p>\n","protected":false},"author":1,"featured_media":17953,"comment_status":"open","ping_status":"open","sticky":false,"template":"","format":"standard","meta":{"footnotes":""},"categories":[2,16,507,17],"tags":[56,358,93,766,385,909,130,171,174,175,910,883,908,777],"class_list":["post-17951","post","type-post","status-publish","format-standard","has-post-thumbnail","hentry","category-aegypten","category-alle-beitraege","category-italien","category-rom","tag-augustus","tag-diana","tag-domitian","tag-fortuna","tag-isis","tag-julia-flavia","tag-juno","tag-minerva","tag-mosaiken","tag-museum","tag-pudicitia","tag-rom-2020","tag-selene","tag-titus-flavius-vespasianus"],"yoast_head":"<!-- This site is optimized with the Yoast SEO plugin v27.4 - https:\/\/yoast.com\/product\/yoast-seo-wordpress\/ -->\n<title>Die Antiken in den Vatikanischen Museen: Museo Braccio Nuovo - DasErbeRoms - alterBlog<\/title>\n<meta name=\"description\" content=\"Vor 199 Jahren er\u00f6ffnete ein Neubau in den Vatikanischen Museen. Im Braccio Nuovo sind bedeutende Meisterwerke antiker Bildhauer ausgestellt.\" \/>\n<meta name=\"robots\" content=\"index, follow, max-snippet:-1, max-image-preview:large, max-video-preview:-1\" \/>\n<link rel=\"canonical\" href=\"https:\/\/naehrlich.de\/daserberoms\/2021\/04\/18\/die-antiken-in-den-vatikanischen-museen-braccio-nuovo\/\" \/>\n<meta property=\"og:locale\" content=\"de_DE\" \/>\n<meta property=\"og:type\" content=\"article\" \/>\n<meta property=\"og:title\" content=\"Die Antiken in den Vatikanischen Museen: Museo Braccio Nuovo - DasErbeRoms - alterBlog\" \/>\n<meta property=\"og:description\" content=\"Vor 199 Jahren er\u00f6ffnete ein Neubau in den Vatikanischen Museen. Im Braccio Nuovo sind bedeutende Meisterwerke antiker Bildhauer ausgestellt.\" \/>\n<meta property=\"og:url\" content=\"https:\/\/naehrlich.de\/daserberoms\/2021\/04\/18\/die-antiken-in-den-vatikanischen-museen-braccio-nuovo\/\" \/>\n<meta property=\"og:site_name\" content=\"DasErbeRoms - alterBlog\" \/>\n<meta property=\"article:publisher\" content=\"http:\/\/www.facebook.com\/stefan.naehrlich\" \/>\n<meta property=\"article:published_time\" content=\"2021-04-18T06:30:00+00:00\" \/>\n<meta property=\"og:image\" content=\"https:\/\/naehrlich.de\/daserberoms\/wp-content\/uploads\/2020\/12\/Braccio-Nuovo.jpg\" \/>\n\t<meta property=\"og:image:width\" content=\"1800\" \/>\n\t<meta property=\"og:image:height\" content=\"800\" \/>\n\t<meta property=\"og:image:type\" content=\"image\/jpeg\" \/>\n<meta name=\"author\" content=\"Stefan N\u00e4hrlich\" \/>\n<meta name=\"twitter:card\" content=\"summary_large_image\" \/>\n<meta name=\"twitter:creator\" content=\"@DasErbeRoms\" \/>\n<meta name=\"twitter:site\" content=\"@DasErbeRoms\" \/>\n<meta name=\"twitter:label1\" content=\"Verfasst von\" \/>\n\t<meta name=\"twitter:data1\" content=\"Stefan N\u00e4hrlich\" \/>\n\t<meta name=\"twitter:label2\" content=\"Gesch\u00e4tzte Lesezeit\" \/>\n\t<meta name=\"twitter:data2\" content=\"5\u00a0Minuten\" \/>\n<script type=\"application\/ld+json\" class=\"yoast-schema-graph\">{\"@context\":\"https:\\\/\\\/schema.org\",\"@graph\":[{\"@type\":\"Article\",\"@id\":\"https:\\\/\\\/naehrlich.de\\\/daserberoms\\\/2021\\\/04\\\/18\\\/die-antiken-in-den-vatikanischen-museen-braccio-nuovo\\\/#article\",\"isPartOf\":{\"@id\":\"https:\\\/\\\/naehrlich.de\\\/daserberoms\\\/2021\\\/04\\\/18\\\/die-antiken-in-den-vatikanischen-museen-braccio-nuovo\\\/\"},\"author\":{\"name\":\"Stefan N\u00e4hrlich\",\"@id\":\"https:\\\/\\\/naehrlich.de\\\/daserberoms\\\/#\\\/schema\\\/person\\\/abf3183c35b9b7643636e6115f1354a7\"},\"headline\":\"Die Antiken in den Vatikanischen Museen: Museo Braccio Nuovo\",\"datePublished\":\"2021-04-18T06:30:00+00:00\",\"mainEntityOfPage\":{\"@id\":\"https:\\\/\\\/naehrlich.de\\\/daserberoms\\\/2021\\\/04\\\/18\\\/die-antiken-in-den-vatikanischen-museen-braccio-nuovo\\\/\"},\"wordCount\":1129,\"commentCount\":0,\"image\":{\"@id\":\"https:\\\/\\\/naehrlich.de\\\/daserberoms\\\/2021\\\/04\\\/18\\\/die-antiken-in-den-vatikanischen-museen-braccio-nuovo\\\/#primaryimage\"},\"thumbnailUrl\":\"https:\\\/\\\/naehrlich.de\\\/daserberoms\\\/wp-content\\\/uploads\\\/2020\\\/12\\\/Braccio-Nuovo.jpg\",\"keywords\":[\"Augustus\",\"Diana\",\"Domitian\",\"Fortuna\",\"Isis\",\"Julia Flavia\",\"Juno\",\"Minerva\",\"Mosaiken\",\"Museum\",\"Pudicitia\",\"Rom 2020\",\"Selene\",\"Titus Flavius Vespasianus\"],\"articleSection\":[\"\u00c4gypten\",\"Alle Beitr\u00e4ge\",\"Italien\",\"Rom\"],\"inLanguage\":\"de\",\"potentialAction\":[{\"@type\":\"CommentAction\",\"name\":\"Comment\",\"target\":[\"https:\\\/\\\/naehrlich.de\\\/daserberoms\\\/2021\\\/04\\\/18\\\/die-antiken-in-den-vatikanischen-museen-braccio-nuovo\\\/#respond\"]}]},{\"@type\":\"WebPage\",\"@id\":\"https:\\\/\\\/naehrlich.de\\\/daserberoms\\\/2021\\\/04\\\/18\\\/die-antiken-in-den-vatikanischen-museen-braccio-nuovo\\\/\",\"url\":\"https:\\\/\\\/naehrlich.de\\\/daserberoms\\\/2021\\\/04\\\/18\\\/die-antiken-in-den-vatikanischen-museen-braccio-nuovo\\\/\",\"name\":\"Die Antiken in den Vatikanischen Museen: Museo Braccio Nuovo - DasErbeRoms - alterBlog\",\"isPartOf\":{\"@id\":\"https:\\\/\\\/naehrlich.de\\\/daserberoms\\\/#website\"},\"primaryImageOfPage\":{\"@id\":\"https:\\\/\\\/naehrlich.de\\\/daserberoms\\\/2021\\\/04\\\/18\\\/die-antiken-in-den-vatikanischen-museen-braccio-nuovo\\\/#primaryimage\"},\"image\":{\"@id\":\"https:\\\/\\\/naehrlich.de\\\/daserberoms\\\/2021\\\/04\\\/18\\\/die-antiken-in-den-vatikanischen-museen-braccio-nuovo\\\/#primaryimage\"},\"thumbnailUrl\":\"https:\\\/\\\/naehrlich.de\\\/daserberoms\\\/wp-content\\\/uploads\\\/2020\\\/12\\\/Braccio-Nuovo.jpg\",\"datePublished\":\"2021-04-18T06:30:00+00:00\",\"author\":{\"@id\":\"https:\\\/\\\/naehrlich.de\\\/daserberoms\\\/#\\\/schema\\\/person\\\/abf3183c35b9b7643636e6115f1354a7\"},\"description\":\"Vor 199 Jahren er\u00f6ffnete ein Neubau in den Vatikanischen Museen. Im Braccio Nuovo sind bedeutende Meisterwerke antiker Bildhauer ausgestellt.\",\"breadcrumb\":{\"@id\":\"https:\\\/\\\/naehrlich.de\\\/daserberoms\\\/2021\\\/04\\\/18\\\/die-antiken-in-den-vatikanischen-museen-braccio-nuovo\\\/#breadcrumb\"},\"inLanguage\":\"de\",\"potentialAction\":[{\"@type\":\"ReadAction\",\"target\":[\"https:\\\/\\\/naehrlich.de\\\/daserberoms\\\/2021\\\/04\\\/18\\\/die-antiken-in-den-vatikanischen-museen-braccio-nuovo\\\/\"]}]},{\"@type\":\"ImageObject\",\"inLanguage\":\"de\",\"@id\":\"https:\\\/\\\/naehrlich.de\\\/daserberoms\\\/2021\\\/04\\\/18\\\/die-antiken-in-den-vatikanischen-museen-braccio-nuovo\\\/#primaryimage\",\"url\":\"https:\\\/\\\/naehrlich.de\\\/daserberoms\\\/wp-content\\\/uploads\\\/2020\\\/12\\\/Braccio-Nuovo.jpg\",\"contentUrl\":\"https:\\\/\\\/naehrlich.de\\\/daserberoms\\\/wp-content\\\/uploads\\\/2020\\\/12\\\/Braccio-Nuovo.jpg\",\"width\":1800,\"height\":800,\"caption\":\"Vatikanischen Museen\"},{\"@type\":\"BreadcrumbList\",\"@id\":\"https:\\\/\\\/naehrlich.de\\\/daserberoms\\\/2021\\\/04\\\/18\\\/die-antiken-in-den-vatikanischen-museen-braccio-nuovo\\\/#breadcrumb\",\"itemListElement\":[{\"@type\":\"ListItem\",\"position\":1,\"name\":\"Startseite\",\"item\":\"https:\\\/\\\/naehrlich.de\\\/daserberoms\\\/\"},{\"@type\":\"ListItem\",\"position\":2,\"name\":\"Die Antiken in den Vatikanischen Museen: Museo Braccio Nuovo\"}]},{\"@type\":\"WebSite\",\"@id\":\"https:\\\/\\\/naehrlich.de\\\/daserberoms\\\/#website\",\"url\":\"https:\\\/\\\/naehrlich.de\\\/daserberoms\\\/\",\"name\":\"DasErbeRoms - alterBlog\",\"description\":\"Reisen auf den Spuren der alten R\u00f6mer. Von weltbekannt bis unbekannt. Fotos und Texte. Und ab und an einige Buch- und Filmbesprechungen und KI-Experimente.\",\"potentialAction\":[{\"@type\":\"SearchAction\",\"target\":{\"@type\":\"EntryPoint\",\"urlTemplate\":\"https:\\\/\\\/naehrlich.de\\\/daserberoms\\\/?s={search_term_string}\"},\"query-input\":{\"@type\":\"PropertyValueSpecification\",\"valueRequired\":true,\"valueName\":\"search_term_string\"}}],\"inLanguage\":\"de\"},{\"@type\":\"Person\",\"@id\":\"https:\\\/\\\/naehrlich.de\\\/daserberoms\\\/#\\\/schema\\\/person\\\/abf3183c35b9b7643636e6115f1354a7\",\"name\":\"Stefan N\u00e4hrlich\",\"image\":{\"@type\":\"ImageObject\",\"inLanguage\":\"de\",\"@id\":\"https:\\\/\\\/secure.gravatar.com\\\/avatar\\\/de332640be3ed6dfba043afc9f0cf67943fba3256852b07fe117cd6a456a29f8?s=96&d=mm&r=g\",\"url\":\"https:\\\/\\\/secure.gravatar.com\\\/avatar\\\/de332640be3ed6dfba043afc9f0cf67943fba3256852b07fe117cd6a456a29f8?s=96&d=mm&r=g\",\"contentUrl\":\"https:\\\/\\\/secure.gravatar.com\\\/avatar\\\/de332640be3ed6dfba043afc9f0cf67943fba3256852b07fe117cd6a456a29f8?s=96&d=mm&r=g\",\"caption\":\"Stefan N\u00e4hrlich\"},\"sameAs\":[\"http:\\\/\\\/www.daserberoms.de\"],\"url\":\"https:\\\/\\\/naehrlich.de\\\/daserberoms\\\/author\\\/stefan-naehrlich\\\/\"}]}<\/script>\n<!-- \/ Yoast SEO plugin. -->","yoast_head_json":{"title":"Die Antiken in den Vatikanischen Museen: Museo Braccio Nuovo - DasErbeRoms - alterBlog","description":"Vor 199 Jahren er\u00f6ffnete ein Neubau in den Vatikanischen Museen. Im Braccio Nuovo sind bedeutende Meisterwerke antiker Bildhauer ausgestellt.","robots":{"index":"index","follow":"follow","max-snippet":"max-snippet:-1","max-image-preview":"max-image-preview:large","max-video-preview":"max-video-preview:-1"},"canonical":"https:\/\/naehrlich.de\/daserberoms\/2021\/04\/18\/die-antiken-in-den-vatikanischen-museen-braccio-nuovo\/","og_locale":"de_DE","og_type":"article","og_title":"Die Antiken in den Vatikanischen Museen: Museo Braccio Nuovo - DasErbeRoms - alterBlog","og_description":"Vor 199 Jahren er\u00f6ffnete ein Neubau in den Vatikanischen Museen. Im Braccio Nuovo sind bedeutende Meisterwerke antiker Bildhauer ausgestellt.","og_url":"https:\/\/naehrlich.de\/daserberoms\/2021\/04\/18\/die-antiken-in-den-vatikanischen-museen-braccio-nuovo\/","og_site_name":"DasErbeRoms - alterBlog","article_publisher":"http:\/\/www.facebook.com\/stefan.naehrlich","article_published_time":"2021-04-18T06:30:00+00:00","og_image":[{"width":1800,"height":800,"url":"https:\/\/naehrlich.de\/daserberoms\/wp-content\/uploads\/2020\/12\/Braccio-Nuovo.jpg","type":"image\/jpeg"}],"author":"Stefan N\u00e4hrlich","twitter_card":"summary_large_image","twitter_creator":"@DasErbeRoms","twitter_site":"@DasErbeRoms","twitter_misc":{"Verfasst von":"Stefan N\u00e4hrlich","Gesch\u00e4tzte Lesezeit":"5\u00a0Minuten"},"schema":{"@context":"https:\/\/schema.org","@graph":[{"@type":"Article","@id":"https:\/\/naehrlich.de\/daserberoms\/2021\/04\/18\/die-antiken-in-den-vatikanischen-museen-braccio-nuovo\/#article","isPartOf":{"@id":"https:\/\/naehrlich.de\/daserberoms\/2021\/04\/18\/die-antiken-in-den-vatikanischen-museen-braccio-nuovo\/"},"author":{"name":"Stefan N\u00e4hrlich","@id":"https:\/\/naehrlich.de\/daserberoms\/#\/schema\/person\/abf3183c35b9b7643636e6115f1354a7"},"headline":"Die Antiken in den Vatikanischen Museen: Museo Braccio Nuovo","datePublished":"2021-04-18T06:30:00+00:00","mainEntityOfPage":{"@id":"https:\/\/naehrlich.de\/daserberoms\/2021\/04\/18\/die-antiken-in-den-vatikanischen-museen-braccio-nuovo\/"},"wordCount":1129,"commentCount":0,"image":{"@id":"https:\/\/naehrlich.de\/daserberoms\/2021\/04\/18\/die-antiken-in-den-vatikanischen-museen-braccio-nuovo\/#primaryimage"},"thumbnailUrl":"https:\/\/naehrlich.de\/daserberoms\/wp-content\/uploads\/2020\/12\/Braccio-Nuovo.jpg","keywords":["Augustus","Diana","Domitian","Fortuna","Isis","Julia Flavia","Juno","Minerva","Mosaiken","Museum","Pudicitia","Rom 2020","Selene","Titus Flavius Vespasianus"],"articleSection":["\u00c4gypten","Alle Beitr\u00e4ge","Italien","Rom"],"inLanguage":"de","potentialAction":[{"@type":"CommentAction","name":"Comment","target":["https:\/\/naehrlich.de\/daserberoms\/2021\/04\/18\/die-antiken-in-den-vatikanischen-museen-braccio-nuovo\/#respond"]}]},{"@type":"WebPage","@id":"https:\/\/naehrlich.de\/daserberoms\/2021\/04\/18\/die-antiken-in-den-vatikanischen-museen-braccio-nuovo\/","url":"https:\/\/naehrlich.de\/daserberoms\/2021\/04\/18\/die-antiken-in-den-vatikanischen-museen-braccio-nuovo\/","name":"Die Antiken in den Vatikanischen Museen: Museo Braccio Nuovo - DasErbeRoms - alterBlog","isPartOf":{"@id":"https:\/\/naehrlich.de\/daserberoms\/#website"},"primaryImageOfPage":{"@id":"https:\/\/naehrlich.de\/daserberoms\/2021\/04\/18\/die-antiken-in-den-vatikanischen-museen-braccio-nuovo\/#primaryimage"},"image":{"@id":"https:\/\/naehrlich.de\/daserberoms\/2021\/04\/18\/die-antiken-in-den-vatikanischen-museen-braccio-nuovo\/#primaryimage"},"thumbnailUrl":"https:\/\/naehrlich.de\/daserberoms\/wp-content\/uploads\/2020\/12\/Braccio-Nuovo.jpg","datePublished":"2021-04-18T06:30:00+00:00","author":{"@id":"https:\/\/naehrlich.de\/daserberoms\/#\/schema\/person\/abf3183c35b9b7643636e6115f1354a7"},"description":"Vor 199 Jahren er\u00f6ffnete ein Neubau in den Vatikanischen Museen. Im Braccio Nuovo sind bedeutende Meisterwerke antiker Bildhauer ausgestellt.","breadcrumb":{"@id":"https:\/\/naehrlich.de\/daserberoms\/2021\/04\/18\/die-antiken-in-den-vatikanischen-museen-braccio-nuovo\/#breadcrumb"},"inLanguage":"de","potentialAction":[{"@type":"ReadAction","target":["https:\/\/naehrlich.de\/daserberoms\/2021\/04\/18\/die-antiken-in-den-vatikanischen-museen-braccio-nuovo\/"]}]},{"@type":"ImageObject","inLanguage":"de","@id":"https:\/\/naehrlich.de\/daserberoms\/2021\/04\/18\/die-antiken-in-den-vatikanischen-museen-braccio-nuovo\/#primaryimage","url":"https:\/\/naehrlich.de\/daserberoms\/wp-content\/uploads\/2020\/12\/Braccio-Nuovo.jpg","contentUrl":"https:\/\/naehrlich.de\/daserberoms\/wp-content\/uploads\/2020\/12\/Braccio-Nuovo.jpg","width":1800,"height":800,"caption":"Vatikanischen Museen"},{"@type":"BreadcrumbList","@id":"https:\/\/naehrlich.de\/daserberoms\/2021\/04\/18\/die-antiken-in-den-vatikanischen-museen-braccio-nuovo\/#breadcrumb","itemListElement":[{"@type":"ListItem","position":1,"name":"Startseite","item":"https:\/\/naehrlich.de\/daserberoms\/"},{"@type":"ListItem","position":2,"name":"Die Antiken in den Vatikanischen Museen: Museo Braccio Nuovo"}]},{"@type":"WebSite","@id":"https:\/\/naehrlich.de\/daserberoms\/#website","url":"https:\/\/naehrlich.de\/daserberoms\/","name":"DasErbeRoms - alterBlog","description":"Reisen auf den Spuren der alten R\u00f6mer. Von weltbekannt bis unbekannt. Fotos und Texte. Und ab und an einige Buch- und Filmbesprechungen und KI-Experimente.","potentialAction":[{"@type":"SearchAction","target":{"@type":"EntryPoint","urlTemplate":"https:\/\/naehrlich.de\/daserberoms\/?s={search_term_string}"},"query-input":{"@type":"PropertyValueSpecification","valueRequired":true,"valueName":"search_term_string"}}],"inLanguage":"de"},{"@type":"Person","@id":"https:\/\/naehrlich.de\/daserberoms\/#\/schema\/person\/abf3183c35b9b7643636e6115f1354a7","name":"Stefan N\u00e4hrlich","image":{"@type":"ImageObject","inLanguage":"de","@id":"https:\/\/secure.gravatar.com\/avatar\/de332640be3ed6dfba043afc9f0cf67943fba3256852b07fe117cd6a456a29f8?s=96&d=mm&r=g","url":"https:\/\/secure.gravatar.com\/avatar\/de332640be3ed6dfba043afc9f0cf67943fba3256852b07fe117cd6a456a29f8?s=96&d=mm&r=g","contentUrl":"https:\/\/secure.gravatar.com\/avatar\/de332640be3ed6dfba043afc9f0cf67943fba3256852b07fe117cd6a456a29f8?s=96&d=mm&r=g","caption":"Stefan N\u00e4hrlich"},"sameAs":["http:\/\/www.daserberoms.de"],"url":"https:\/\/naehrlich.de\/daserberoms\/author\/stefan-naehrlich\/"}]}},"_links":{"self":[{"href":"https:\/\/naehrlich.de\/daserberoms\/wp-json\/wp\/v2\/posts\/17951","targetHints":{"allow":["GET"]}}],"collection":[{"href":"https:\/\/naehrlich.de\/daserberoms\/wp-json\/wp\/v2\/posts"}],"about":[{"href":"https:\/\/naehrlich.de\/daserberoms\/wp-json\/wp\/v2\/types\/post"}],"author":[{"embeddable":true,"href":"https:\/\/naehrlich.de\/daserberoms\/wp-json\/wp\/v2\/users\/1"}],"replies":[{"embeddable":true,"href":"https:\/\/naehrlich.de\/daserberoms\/wp-json\/wp\/v2\/comments?post=17951"}],"version-history":[{"count":131,"href":"https:\/\/naehrlich.de\/daserberoms\/wp-json\/wp\/v2\/posts\/17951\/revisions"}],"predecessor-version":[{"id":19046,"href":"https:\/\/naehrlich.de\/daserberoms\/wp-json\/wp\/v2\/posts\/17951\/revisions\/19046"}],"wp:featuredmedia":[{"embeddable":true,"href":"https:\/\/naehrlich.de\/daserberoms\/wp-json\/wp\/v2\/media\/17953"}],"wp:attachment":[{"href":"https:\/\/naehrlich.de\/daserberoms\/wp-json\/wp\/v2\/media?parent=17951"}],"wp:term":[{"taxonomy":"category","embeddable":true,"href":"https:\/\/naehrlich.de\/daserberoms\/wp-json\/wp\/v2\/categories?post=17951"},{"taxonomy":"post_tag","embeddable":true,"href":"https:\/\/naehrlich.de\/daserberoms\/wp-json\/wp\/v2\/tags?post=17951"}],"curies":[{"name":"wp","href":"https:\/\/api.w.org\/{rel}","templated":true}]}}