{"id":1817,"date":"2015-07-03T08:00:26","date_gmt":"2015-07-03T06:00:26","guid":{"rendered":"https:\/\/daserberoms.wordpress.com\/?p=1817"},"modified":"2018-08-17T16:39:31","modified_gmt":"2018-08-17T14:39:31","slug":"grab-mal-in-glanum","status":"publish","type":"post","link":"https:\/\/naehrlich.de\/daserberoms\/2015\/07\/03\/grab-mal-in-glanum\/","title":{"rendered":"Grab mal in Glanum"},"content":{"rendered":"<p class=\"lead dropcap\">Im Jahr 1921 begannen die ersten Ausgrabungen der antiken Stadt Glanum nahe des kleinen St\u00e4dtchens Saint-R\u00e9my-de-Provence. Heute ist Glanum eine der bedeutendsten arch\u00e4ologischen St\u00e4tten aus r\u00f6mischer Zeit in Frankreich und ein beliebtes Ausflugsziel.<\/p>\n<p>Etwas au\u00dferhalb des <a href=\"http:\/\/www.saintremy-de-provence.com\/musee\/2\/130\/Site-Archeologique-de-Glanum.html\" target=\"_blank\">arch\u00e4ologischen Parks<\/a> stehen &#8222;Les Antiques&#8220;, zwei eindrucksvolle Monumente: Der Triumphbogen aus der Regierungszeit Kaiser Augustus und das Grabmal, das die drei S\u00f6hne Sextus, Lucius und Marcus zur Verehrung ihres Vaters und Gro\u00dfvaters um 30-20 v. Chr. errichtet haben. Offenbar hatten sich die Familiengr\u00fcnder, die als Statuen im Obergescho\u00df zu sehen sind, unter Julius C\u00e4sar im Gallienkrieg milit\u00e4rische Verdienste und das r\u00f6mische B\u00fcrgerrecht erworben. Damit haben sie den Grundstein f\u00fcr den Aufstieg ihrer Familie zur lokalen Elite gelegt. Ein auch ganz eindrucksvolles Grabmal steht \u00fcbrigens in K\u00f6ln. Der <a href=\"http:\/\/naehrlich.de\/daserberoms\/2014\/10\/20\/unterirdisch-romisch\/\">Legionsveteranen Lucius Poblicius<\/a> hat es f\u00fcr sich errichten lassen.<\/p>\n[aesop_image img=&#8220;https:\/\/naehrlich.de\/daserberoms\/wp-content\/uploads\/2015\/12\/img_1602.jpg&#8220; panorama=&#8220;off&#8220; align=&#8220;center&#8220; lightbox=&#8220;on&#8220; caption=&#8220;Das dreigeschossige Grabmal ist 18 Meter hoch. Im Obergescho\u00df sind die Statuen der Familiengr\u00fcnder zu sehen, der untere Sockel ist an allen vier Seiten mit Reliefs geschm\u00fcckt. Im Mittelteil sind auf allen vier Seiten Ehrenb\u00f6gen abgebildet.&#8220; captionposition=&#8220;left&#8220; revealfx=&#8220;off&#8220; overlay_revealfx=&#8220;off&#8220; text_float=&#8220;off&#8220;]\n[aesop_gallery id=&#8220;10070&#8243; revealfx=&#8220;off&#8220; overlay_revealfx=&#8220;off&#8220;]\n[aesop_gallery id=&#8220;10075&#8243; revealfx=&#8220;off&#8220; overlay_revealfx=&#8220;off&#8220;]\n","protected":false},"excerpt":{"rendered":"<p>Im Jahr 1921 begannen die ersten Ausgrabungen der antiken Stadt Glanum nahe des kleinen St\u00e4dtchens Saint-R\u00e9my-de-Provence. Heute ist Glanum eine der bedeutendsten arch\u00e4ologischen St\u00e4tten aus r\u00f6mischer Zeit in Frankreich und ein beliebtes Ausflugsziel. Etwas au\u00dferhalb des arch\u00e4ologischen Parks stehen &#8222;Les Antiques&#8220;, zwei eindrucksvolle Monumente: Der Triumphbogen aus der Regierungszeit Kaiser Augustus und das Grabmal, das [&hellip;]<\/p>\n","protected":false},"author":1,"featured_media":10074,"comment_status":"open","ping_status":"open","sticky":false,"template":"","format":"standard","meta":{"footnotes":""},"categories":[16,7],"tags":[56,81,90,118,121],"class_list":["post-1817","post","type-post","status-publish","format-standard","has-post-thumbnail","hentry","category-alle-beitraege","category-gallien","tag-augustus","tag-casar","tag-curia","tag-glanum","tag-grabmal"],"yoast_head":"<!-- This site is optimized with the Yoast SEO plugin v27.4 - https:\/\/yoast.com\/product\/yoast-seo-wordpress\/ -->\n<title>Grab mal in Glanum - DasErbeRoms - alterBlog<\/title>\n<meta name=\"description\" content=\"Heute ist Glanum eine der bedeutendsten arch\u00e4ologischen St\u00e4tten aus r\u00f6mischer Zeit in Frankreich und ein beliebtes Ausflugsziel.\" \/>\n<meta name=\"robots\" content=\"index, follow, max-snippet:-1, max-image-preview:large, max-video-preview:-1\" \/>\n<link rel=\"canonical\" href=\"https:\/\/naehrlich.de\/daserberoms\/2015\/07\/03\/grab-mal-in-glanum\/\" \/>\n<meta property=\"og:locale\" content=\"de_DE\" \/>\n<meta property=\"og:type\" content=\"article\" \/>\n<meta property=\"og:title\" content=\"Grab mal in Glanum - DasErbeRoms - alterBlog\" \/>\n<meta property=\"og:description\" content=\"Heute ist Glanum eine der bedeutendsten arch\u00e4ologischen St\u00e4tten aus r\u00f6mischer Zeit in Frankreich und ein beliebtes Ausflugsziel.\" \/>\n<meta property=\"og:url\" content=\"https:\/\/naehrlich.de\/daserberoms\/2015\/07\/03\/grab-mal-in-glanum\/\" \/>\n<meta property=\"og:site_name\" content=\"DasErbeRoms - alterBlog\" \/>\n<meta property=\"article:publisher\" content=\"http:\/\/www.facebook.com\/stefan.naehrlich\" \/>\n<meta property=\"article:published_time\" content=\"2015-07-03T06:00:26+00:00\" \/>\n<meta property=\"article:modified_time\" content=\"2018-08-17T14:39:31+00:00\" \/>\n<meta property=\"og:image\" content=\"https:\/\/naehrlich.de\/daserberoms\/wp-content\/uploads\/2018\/08\/glanum.jpg\" \/>\n\t<meta property=\"og:image:width\" content=\"1840\" \/>\n\t<meta property=\"og:image:height\" content=\"840\" \/>\n\t<meta property=\"og:image:type\" content=\"image\/jpeg\" \/>\n<meta name=\"author\" content=\"Stefan N\u00e4hrlich\" \/>\n<meta name=\"twitter:card\" content=\"summary_large_image\" \/>\n<meta name=\"twitter:creator\" content=\"@DasErbeRoms\" \/>\n<meta name=\"twitter:site\" content=\"@DasErbeRoms\" \/>\n<meta name=\"twitter:label1\" content=\"Verfasst von\" \/>\n\t<meta name=\"twitter:data1\" content=\"Stefan N\u00e4hrlich\" \/>\n\t<meta name=\"twitter:label2\" content=\"Gesch\u00e4tzte Lesezeit\" \/>\n\t<meta name=\"twitter:data2\" content=\"1\u00a0Minute\" \/>\n<script type=\"application\/ld+json\" class=\"yoast-schema-graph\">{\"@context\":\"https:\\\/\\\/schema.org\",\"@graph\":[{\"@type\":\"Article\",\"@id\":\"https:\\\/\\\/naehrlich.de\\\/daserberoms\\\/2015\\\/07\\\/03\\\/grab-mal-in-glanum\\\/#article\",\"isPartOf\":{\"@id\":\"https:\\\/\\\/naehrlich.de\\\/daserberoms\\\/2015\\\/07\\\/03\\\/grab-mal-in-glanum\\\/\"},\"author\":{\"name\":\"Stefan N\u00e4hrlich\",\"@id\":\"https:\\\/\\\/naehrlich.de\\\/daserberoms\\\/#\\\/schema\\\/person\\\/abf3183c35b9b7643636e6115f1354a7\"},\"headline\":\"Grab mal in Glanum\",\"datePublished\":\"2015-07-03T06:00:26+00:00\",\"dateModified\":\"2018-08-17T14:39:31+00:00\",\"mainEntityOfPage\":{\"@id\":\"https:\\\/\\\/naehrlich.de\\\/daserberoms\\\/2015\\\/07\\\/03\\\/grab-mal-in-glanum\\\/\"},\"wordCount\":234,\"commentCount\":0,\"image\":{\"@id\":\"https:\\\/\\\/naehrlich.de\\\/daserberoms\\\/2015\\\/07\\\/03\\\/grab-mal-in-glanum\\\/#primaryimage\"},\"thumbnailUrl\":\"https:\\\/\\\/naehrlich.de\\\/daserberoms\\\/wp-content\\\/uploads\\\/2018\\\/08\\\/glanum.jpg\",\"keywords\":[\"Augustus\",\"C\u00e4sar\",\"Curia\",\"Glanum\",\"Grabmal\"],\"articleSection\":[\"Alle Beitr\u00e4ge\",\"Gallien\"],\"inLanguage\":\"de\",\"potentialAction\":[{\"@type\":\"CommentAction\",\"name\":\"Comment\",\"target\":[\"https:\\\/\\\/naehrlich.de\\\/daserberoms\\\/2015\\\/07\\\/03\\\/grab-mal-in-glanum\\\/#respond\"]}]},{\"@type\":\"WebPage\",\"@id\":\"https:\\\/\\\/naehrlich.de\\\/daserberoms\\\/2015\\\/07\\\/03\\\/grab-mal-in-glanum\\\/\",\"url\":\"https:\\\/\\\/naehrlich.de\\\/daserberoms\\\/2015\\\/07\\\/03\\\/grab-mal-in-glanum\\\/\",\"name\":\"Grab mal in Glanum - DasErbeRoms - alterBlog\",\"isPartOf\":{\"@id\":\"https:\\\/\\\/naehrlich.de\\\/daserberoms\\\/#website\"},\"primaryImageOfPage\":{\"@id\":\"https:\\\/\\\/naehrlich.de\\\/daserberoms\\\/2015\\\/07\\\/03\\\/grab-mal-in-glanum\\\/#primaryimage\"},\"image\":{\"@id\":\"https:\\\/\\\/naehrlich.de\\\/daserberoms\\\/2015\\\/07\\\/03\\\/grab-mal-in-glanum\\\/#primaryimage\"},\"thumbnailUrl\":\"https:\\\/\\\/naehrlich.de\\\/daserberoms\\\/wp-content\\\/uploads\\\/2018\\\/08\\\/glanum.jpg\",\"datePublished\":\"2015-07-03T06:00:26+00:00\",\"dateModified\":\"2018-08-17T14:39:31+00:00\",\"author\":{\"@id\":\"https:\\\/\\\/naehrlich.de\\\/daserberoms\\\/#\\\/schema\\\/person\\\/abf3183c35b9b7643636e6115f1354a7\"},\"description\":\"Heute ist Glanum eine der bedeutendsten arch\u00e4ologischen St\u00e4tten aus r\u00f6mischer Zeit in Frankreich und ein beliebtes Ausflugsziel.\",\"breadcrumb\":{\"@id\":\"https:\\\/\\\/naehrlich.de\\\/daserberoms\\\/2015\\\/07\\\/03\\\/grab-mal-in-glanum\\\/#breadcrumb\"},\"inLanguage\":\"de\",\"potentialAction\":[{\"@type\":\"ReadAction\",\"target\":[\"https:\\\/\\\/naehrlich.de\\\/daserberoms\\\/2015\\\/07\\\/03\\\/grab-mal-in-glanum\\\/\"]}]},{\"@type\":\"ImageObject\",\"inLanguage\":\"de\",\"@id\":\"https:\\\/\\\/naehrlich.de\\\/daserberoms\\\/2015\\\/07\\\/03\\\/grab-mal-in-glanum\\\/#primaryimage\",\"url\":\"https:\\\/\\\/naehrlich.de\\\/daserberoms\\\/wp-content\\\/uploads\\\/2018\\\/08\\\/glanum.jpg\",\"contentUrl\":\"https:\\\/\\\/naehrlich.de\\\/daserberoms\\\/wp-content\\\/uploads\\\/2018\\\/08\\\/glanum.jpg\",\"width\":1840,\"height\":840,\"caption\":\"Der antiken Stadt Glanum in S\u00fcdfrankreich\"},{\"@type\":\"BreadcrumbList\",\"@id\":\"https:\\\/\\\/naehrlich.de\\\/daserberoms\\\/2015\\\/07\\\/03\\\/grab-mal-in-glanum\\\/#breadcrumb\",\"itemListElement\":[{\"@type\":\"ListItem\",\"position\":1,\"name\":\"Startseite\",\"item\":\"https:\\\/\\\/naehrlich.de\\\/daserberoms\\\/\"},{\"@type\":\"ListItem\",\"position\":2,\"name\":\"Grab mal in Glanum\"}]},{\"@type\":\"WebSite\",\"@id\":\"https:\\\/\\\/naehrlich.de\\\/daserberoms\\\/#website\",\"url\":\"https:\\\/\\\/naehrlich.de\\\/daserberoms\\\/\",\"name\":\"DasErbeRoms - alterBlog\",\"description\":\"Reisen auf den Spuren der alten R\u00f6mer. Von weltbekannt bis unbekannt. Fotos und Texte. Und ab und an einige Buch- und Filmbesprechungen und KI-Experimente.\",\"potentialAction\":[{\"@type\":\"SearchAction\",\"target\":{\"@type\":\"EntryPoint\",\"urlTemplate\":\"https:\\\/\\\/naehrlich.de\\\/daserberoms\\\/?s={search_term_string}\"},\"query-input\":{\"@type\":\"PropertyValueSpecification\",\"valueRequired\":true,\"valueName\":\"search_term_string\"}}],\"inLanguage\":\"de\"},{\"@type\":\"Person\",\"@id\":\"https:\\\/\\\/naehrlich.de\\\/daserberoms\\\/#\\\/schema\\\/person\\\/abf3183c35b9b7643636e6115f1354a7\",\"name\":\"Stefan N\u00e4hrlich\",\"image\":{\"@type\":\"ImageObject\",\"inLanguage\":\"de\",\"@id\":\"https:\\\/\\\/secure.gravatar.com\\\/avatar\\\/de332640be3ed6dfba043afc9f0cf67943fba3256852b07fe117cd6a456a29f8?s=96&d=mm&r=g\",\"url\":\"https:\\\/\\\/secure.gravatar.com\\\/avatar\\\/de332640be3ed6dfba043afc9f0cf67943fba3256852b07fe117cd6a456a29f8?s=96&d=mm&r=g\",\"contentUrl\":\"https:\\\/\\\/secure.gravatar.com\\\/avatar\\\/de332640be3ed6dfba043afc9f0cf67943fba3256852b07fe117cd6a456a29f8?s=96&d=mm&r=g\",\"caption\":\"Stefan N\u00e4hrlich\"},\"sameAs\":[\"http:\\\/\\\/www.daserberoms.de\"],\"url\":\"https:\\\/\\\/naehrlich.de\\\/daserberoms\\\/author\\\/stefan-naehrlich\\\/\"}]}<\/script>\n<!-- \/ Yoast SEO plugin. -->","yoast_head_json":{"title":"Grab mal in Glanum - DasErbeRoms - alterBlog","description":"Heute ist Glanum eine der bedeutendsten arch\u00e4ologischen St\u00e4tten aus r\u00f6mischer Zeit in Frankreich und ein beliebtes Ausflugsziel.","robots":{"index":"index","follow":"follow","max-snippet":"max-snippet:-1","max-image-preview":"max-image-preview:large","max-video-preview":"max-video-preview:-1"},"canonical":"https:\/\/naehrlich.de\/daserberoms\/2015\/07\/03\/grab-mal-in-glanum\/","og_locale":"de_DE","og_type":"article","og_title":"Grab mal in Glanum - DasErbeRoms - alterBlog","og_description":"Heute ist Glanum eine der bedeutendsten arch\u00e4ologischen St\u00e4tten aus r\u00f6mischer Zeit in Frankreich und ein beliebtes Ausflugsziel.","og_url":"https:\/\/naehrlich.de\/daserberoms\/2015\/07\/03\/grab-mal-in-glanum\/","og_site_name":"DasErbeRoms - alterBlog","article_publisher":"http:\/\/www.facebook.com\/stefan.naehrlich","article_published_time":"2015-07-03T06:00:26+00:00","article_modified_time":"2018-08-17T14:39:31+00:00","og_image":[{"width":1840,"height":840,"url":"https:\/\/naehrlich.de\/daserberoms\/wp-content\/uploads\/2018\/08\/glanum.jpg","type":"image\/jpeg"}],"author":"Stefan N\u00e4hrlich","twitter_card":"summary_large_image","twitter_creator":"@DasErbeRoms","twitter_site":"@DasErbeRoms","twitter_misc":{"Verfasst von":"Stefan N\u00e4hrlich","Gesch\u00e4tzte Lesezeit":"1\u00a0Minute"},"schema":{"@context":"https:\/\/schema.org","@graph":[{"@type":"Article","@id":"https:\/\/naehrlich.de\/daserberoms\/2015\/07\/03\/grab-mal-in-glanum\/#article","isPartOf":{"@id":"https:\/\/naehrlich.de\/daserberoms\/2015\/07\/03\/grab-mal-in-glanum\/"},"author":{"name":"Stefan N\u00e4hrlich","@id":"https:\/\/naehrlich.de\/daserberoms\/#\/schema\/person\/abf3183c35b9b7643636e6115f1354a7"},"headline":"Grab mal in Glanum","datePublished":"2015-07-03T06:00:26+00:00","dateModified":"2018-08-17T14:39:31+00:00","mainEntityOfPage":{"@id":"https:\/\/naehrlich.de\/daserberoms\/2015\/07\/03\/grab-mal-in-glanum\/"},"wordCount":234,"commentCount":0,"image":{"@id":"https:\/\/naehrlich.de\/daserberoms\/2015\/07\/03\/grab-mal-in-glanum\/#primaryimage"},"thumbnailUrl":"https:\/\/naehrlich.de\/daserberoms\/wp-content\/uploads\/2018\/08\/glanum.jpg","keywords":["Augustus","C\u00e4sar","Curia","Glanum","Grabmal"],"articleSection":["Alle Beitr\u00e4ge","Gallien"],"inLanguage":"de","potentialAction":[{"@type":"CommentAction","name":"Comment","target":["https:\/\/naehrlich.de\/daserberoms\/2015\/07\/03\/grab-mal-in-glanum\/#respond"]}]},{"@type":"WebPage","@id":"https:\/\/naehrlich.de\/daserberoms\/2015\/07\/03\/grab-mal-in-glanum\/","url":"https:\/\/naehrlich.de\/daserberoms\/2015\/07\/03\/grab-mal-in-glanum\/","name":"Grab mal in Glanum - DasErbeRoms - alterBlog","isPartOf":{"@id":"https:\/\/naehrlich.de\/daserberoms\/#website"},"primaryImageOfPage":{"@id":"https:\/\/naehrlich.de\/daserberoms\/2015\/07\/03\/grab-mal-in-glanum\/#primaryimage"},"image":{"@id":"https:\/\/naehrlich.de\/daserberoms\/2015\/07\/03\/grab-mal-in-glanum\/#primaryimage"},"thumbnailUrl":"https:\/\/naehrlich.de\/daserberoms\/wp-content\/uploads\/2018\/08\/glanum.jpg","datePublished":"2015-07-03T06:00:26+00:00","dateModified":"2018-08-17T14:39:31+00:00","author":{"@id":"https:\/\/naehrlich.de\/daserberoms\/#\/schema\/person\/abf3183c35b9b7643636e6115f1354a7"},"description":"Heute ist Glanum eine der bedeutendsten arch\u00e4ologischen St\u00e4tten aus r\u00f6mischer Zeit in Frankreich und ein beliebtes Ausflugsziel.","breadcrumb":{"@id":"https:\/\/naehrlich.de\/daserberoms\/2015\/07\/03\/grab-mal-in-glanum\/#breadcrumb"},"inLanguage":"de","potentialAction":[{"@type":"ReadAction","target":["https:\/\/naehrlich.de\/daserberoms\/2015\/07\/03\/grab-mal-in-glanum\/"]}]},{"@type":"ImageObject","inLanguage":"de","@id":"https:\/\/naehrlich.de\/daserberoms\/2015\/07\/03\/grab-mal-in-glanum\/#primaryimage","url":"https:\/\/naehrlich.de\/daserberoms\/wp-content\/uploads\/2018\/08\/glanum.jpg","contentUrl":"https:\/\/naehrlich.de\/daserberoms\/wp-content\/uploads\/2018\/08\/glanum.jpg","width":1840,"height":840,"caption":"Der antiken Stadt Glanum in S\u00fcdfrankreich"},{"@type":"BreadcrumbList","@id":"https:\/\/naehrlich.de\/daserberoms\/2015\/07\/03\/grab-mal-in-glanum\/#breadcrumb","itemListElement":[{"@type":"ListItem","position":1,"name":"Startseite","item":"https:\/\/naehrlich.de\/daserberoms\/"},{"@type":"ListItem","position":2,"name":"Grab mal in Glanum"}]},{"@type":"WebSite","@id":"https:\/\/naehrlich.de\/daserberoms\/#website","url":"https:\/\/naehrlich.de\/daserberoms\/","name":"DasErbeRoms - alterBlog","description":"Reisen auf den Spuren der alten R\u00f6mer. Von weltbekannt bis unbekannt. Fotos und Texte. Und ab und an einige Buch- und Filmbesprechungen und KI-Experimente.","potentialAction":[{"@type":"SearchAction","target":{"@type":"EntryPoint","urlTemplate":"https:\/\/naehrlich.de\/daserberoms\/?s={search_term_string}"},"query-input":{"@type":"PropertyValueSpecification","valueRequired":true,"valueName":"search_term_string"}}],"inLanguage":"de"},{"@type":"Person","@id":"https:\/\/naehrlich.de\/daserberoms\/#\/schema\/person\/abf3183c35b9b7643636e6115f1354a7","name":"Stefan N\u00e4hrlich","image":{"@type":"ImageObject","inLanguage":"de","@id":"https:\/\/secure.gravatar.com\/avatar\/de332640be3ed6dfba043afc9f0cf67943fba3256852b07fe117cd6a456a29f8?s=96&d=mm&r=g","url":"https:\/\/secure.gravatar.com\/avatar\/de332640be3ed6dfba043afc9f0cf67943fba3256852b07fe117cd6a456a29f8?s=96&d=mm&r=g","contentUrl":"https:\/\/secure.gravatar.com\/avatar\/de332640be3ed6dfba043afc9f0cf67943fba3256852b07fe117cd6a456a29f8?s=96&d=mm&r=g","caption":"Stefan N\u00e4hrlich"},"sameAs":["http:\/\/www.daserberoms.de"],"url":"https:\/\/naehrlich.de\/daserberoms\/author\/stefan-naehrlich\/"}]}},"_links":{"self":[{"href":"https:\/\/naehrlich.de\/daserberoms\/wp-json\/wp\/v2\/posts\/1817","targetHints":{"allow":["GET"]}}],"collection":[{"href":"https:\/\/naehrlich.de\/daserberoms\/wp-json\/wp\/v2\/posts"}],"about":[{"href":"https:\/\/naehrlich.de\/daserberoms\/wp-json\/wp\/v2\/types\/post"}],"author":[{"embeddable":true,"href":"https:\/\/naehrlich.de\/daserberoms\/wp-json\/wp\/v2\/users\/1"}],"replies":[{"embeddable":true,"href":"https:\/\/naehrlich.de\/daserberoms\/wp-json\/wp\/v2\/comments?post=1817"}],"version-history":[{"count":8,"href":"https:\/\/naehrlich.de\/daserberoms\/wp-json\/wp\/v2\/posts\/1817\/revisions"}],"predecessor-version":[{"id":10069,"href":"https:\/\/naehrlich.de\/daserberoms\/wp-json\/wp\/v2\/posts\/1817\/revisions\/10069"}],"wp:featuredmedia":[{"embeddable":true,"href":"https:\/\/naehrlich.de\/daserberoms\/wp-json\/wp\/v2\/media\/10074"}],"wp:attachment":[{"href":"https:\/\/naehrlich.de\/daserberoms\/wp-json\/wp\/v2\/media?parent=1817"}],"wp:term":[{"taxonomy":"category","embeddable":true,"href":"https:\/\/naehrlich.de\/daserberoms\/wp-json\/wp\/v2\/categories?post=1817"},{"taxonomy":"post_tag","embeddable":true,"href":"https:\/\/naehrlich.de\/daserberoms\/wp-json\/wp\/v2\/tags?post=1817"}],"curies":[{"name":"wp","href":"https:\/\/api.w.org\/{rel}","templated":true}]}}