{"id":21036,"date":"2022-03-13T08:40:00","date_gmt":"2022-03-13T07:40:00","guid":{"rendered":"https:\/\/naehrlich.de\/daserberoms\/?p=21036"},"modified":"2022-03-19T18:47:44","modified_gmt":"2022-03-19T17:47:44","slug":"der-tempel-von-debod-in-madrid","status":"publish","type":"post","link":"https:\/\/naehrlich.de\/daserberoms\/2022\/03\/13\/der-tempel-von-debod-in-madrid\/","title":{"rendered":"Der Tempel von Debod in Madrid"},"content":{"rendered":"\n<p class=\"lead dropcap\">Seit 1972 steht ein \u00e4gyptischer Tempel in Madrid. Unweit der Plaza de Espana, in einem sch\u00f6nen Park, mit noch sch\u00f6nerer Aussicht, ist er zu einem beliebten Ort f\u00fcr Touristen und Einheimische geworden.<\/p>\n\n\n\n<p>Der Ursprung des Tempels geht auf die Jahre 195 bis 185 v. Chr. zur\u00fcck, als Adikhalamani, K\u00f6nig von Meroe, beim Dorf Debod im heutigen Sudan einen kleinen Tempel errichten lie\u00df. Der Tempel war zwei G\u00f6ttern gewidmet: Amun von Debod, einem nubischen Gott, und der \u00e4gyptischen G\u00f6ttin Isis. Knapp f\u00fcnfzehn Jahre sp\u00e4ter erweiterte K\u00f6nig <meta charset=\"utf-8\">Ptolemaios VI. den Tempel. Nach der r\u00f6mischen Eroberung \u00c4gyptens im Jahr 30 v. Chr. folgten Jahrzehnte des Wohlstands in der Region, was dazu f\u00fchrte, dass zahlreiche Tempel gebaut und andere vergr\u00f6\u00dfert wurden. Unter den Kaisern Augustus und Tiberius wurde die Tempelanlage in Debod im Vorhof um einen weiteren Eingang erweitert und die Hauptfassade des Tempels ausgeschm\u00fcckt.<\/p>\n\n\n\n\n\n<p>In Madrid befindet sich der Tempel von Debod in einem Park auf dem Principe&nbsp;Pio-Berg. Von dort hat man einen sch\u00f6nen Blick \u00fcber die Tempelanlage auf die Hochh\u00e4user an der Plaza de Espana. Besonders beliebt ist der Panoramablick von der Parkseite auf den K\u00f6nigspalast, die Almudena-Kathedrale und die K\u00f6nigliche Basilika des Heiligen Franziskus.<\/p>\n\n\n\n<p>Im Innere des Tempels befindet sich ein kleines Museum, in dem \u00fcber die Geschichte des Tempels und die zahlreichen Inschriften und Reliefs an den W\u00e4nden informiert wird. Eine der Darstellungen zeigt Opfergaben des r\u00f6mischen Kaisers <a href=\"https:\/\/naehrlich.de\/daserberoms\/2017\/05\/21\/ara-pacis-augustae\/\">Augustus<\/a> an die G\u00f6tter Isis, Osiris, Amun von Debod und Mahesa und Thoth von Pnubs. <\/p>\n\n\n\n\n\n<p>Im oberen Stockwerk des Tempelmuseums ist ein Modell der antiken Nil-Landschaft von Niedernubien ausgestellt. Das Foto zeigt den Tempel von Debod in der Mitte und im Vordergrund die T<meta charset=\"utf-8\">empelanlage von Philae an ihrem urspr\u00fcnglichen Platz in der N\u00e4he des ersten Nil-Kataraktes.<\/p>\n\n\n\n\n\n<p>Wie ist der \u00e4gyptische Tempel von Debod nun nach Madrid gekommen? Im Jahr 1960 hat \u00c4gypten mit dem Bau des Assuan-Staudamms begonnen, der nach seiner Fertigstellung die Region Niedernubien mit seinen D\u00f6rfer und Denkm\u00e4lern in einem \u00fcber 500 Kilometer langen Stausee \u00fcberflutet hat. In Zusammenarbeit mit den Regierungen \u00c4gyptens und des Sudan hat die UNESCO die internationale Gemeinschaft dazu aufgerufen, an der Rettung dieses historischen Erbes mitzuwirken. Dabei wurden einige Bauten, wie die des Tempelkomplexes von Philae, an andere Orte in der Region verlegt, manche Tempel wurden im Nationalmuseum Sudans in Khartum wieder aufgebaut und andere Denkm\u00e4ler, wie der Tempel von Debod, wurden in L\u00e4nder gespendet, die bei der Rettungsaktion geholfen haben. Daher schenkte der \u00e4gyptische Staat im Jahr 1968 den Tempel von Debod an Spanien f\u00fcr dessen Hilfe bei der Rettung der Tempel von Abu Simbel. <\/p>\n\n\n\n<p><meta charset=\"utf-8\">Im Jahr 1970 begann in Madrid der Wiederaufbau des Tempels. In den folgenden Monaten wurden die G\u00e4rten gestaltet und bepflanzt, Teiche angelegt, die nubischen Quadersteine aufgestellt und die verlorenen Teile nachgebaut. Im Juli 1972 \u00f6ffnete der Tempel seine Pforten f\u00fcr die \u00d6ffentlichkeit.<\/p>\n\n\n\n\n\n<p>Nach Einbruch der Dunkelheit versetzt einen der Anblick der Tempelanlage und der Umgebung fast schon ins antike \u00c4gypten. Im Sommer ist der vorderer Bereich der Tempelumgebung in H\u00f6he von einigen Zentimetern mit Wasser gef\u00fcllt. Davon habe ich bei meiner vorherigen Reise nach Madrid im Jahr 2014 ein Foto gemacht. <\/p>\n\n\n\n\n\n<p>Besonders popul\u00e4r war der Isis-Kult in der r\u00f6mischen Zeit \u00c4gyptens nicht nur in der Gegend von Debod, sondern auch in anderen Teilen des r\u00f6mischen Reiches. In Mainz hat man die \u00dcberreste eines <a href=\"https:\/\/naehrlich.de\/daserberoms\/2016\/09\/03\/mogontiacum\/\">Isis-Heiligtums<\/a> aus der r\u00f6mischen Zeit beim Bau einer Einkaufspassage gefunden.<\/p>\n\n\n\n<p>Der Tempel von Debod in Madrid auf <a href=\"https:\/\/www.google.de\/maps\/place\/Tempel+von+Debod\/@40.4247491,-3.7184096,15.94z\/data=!4m5!3m4!1s0x0:0x1d6ad9c64a7706ab!8m2!3d40.4240216!4d-3.7177695?hl=de\" target=\"_blank\" rel=\"noreferrer noopener\">Google-Maps<\/a>. Weitere <a href=\"https:\/\/www.madrid.es\/portales\/munimadrid\/es\/Inicio\/Buscador\/Templo-de-Debod\/?vgnextfmt=default&amp;vgnextoid=46caa0d03aa8b010VgnVCM100000d90ca8c0RCRD&amp;vgnextchannel=7db8fc12aa936610VgnVCM1000008a4a900aRCRD&amp;idCapitulo=6029339\" target=\"_blank\" rel=\"noreferrer noopener\">Informationen zum Tempel von Debod<\/a> auf der Webseite der Stadt Madrid.<\/p>\n","protected":false},"excerpt":{"rendered":"<p>Seit 1972 steht ein \u00e4gyptischer Tempel in Madrid. Unweit der Plaza de Espana, in einem sch\u00f6nen Park, mit noch sch\u00f6nerer Aussicht, ist er zu einem beliebten Ort f\u00fcr Touristen und Einheimische geworden. Der Ursprung des Tempels geht auf die Jahre 195 bis 185 v. Chr. zur\u00fcck, als Adikhalamani, K\u00f6nig von Meroe, beim Dorf Debod im [&hellip;]<\/p>\n","protected":false},"author":1,"featured_media":21038,"comment_status":"open","ping_status":"open","sticky":false,"template":"","format":"standard","meta":{"footnotes":""},"categories":[2,16],"tags":[56,385,208,237],"class_list":["post-21036","post","type-post","status-publish","format-standard","has-post-thumbnail","hentry","category-aegypten","category-alle-beitraege","tag-augustus","tag-isis","tag-rekonstruktionen","tag-tempel"],"yoast_head":"<!-- This site is optimized with the Yoast SEO plugin v27.4 - https:\/\/yoast.com\/product\/yoast-seo-wordpress\/ -->\n<title>Der Tempel von Debod in Madrid - DasErbeRoms - alterBlog<\/title>\n<meta name=\"description\" content=\"Seit 1972 steht der Tempel von Debod in Madrid. Unweit der Plaza de Espana, ist er zu einem beliebten Ort f\u00fcr Touristen geworden.\" \/>\n<meta name=\"robots\" content=\"index, follow, max-snippet:-1, max-image-preview:large, max-video-preview:-1\" \/>\n<link rel=\"canonical\" href=\"https:\/\/naehrlich.de\/daserberoms\/2022\/03\/13\/der-tempel-von-debod-in-madrid\/\" \/>\n<meta property=\"og:locale\" content=\"de_DE\" \/>\n<meta property=\"og:type\" content=\"article\" \/>\n<meta property=\"og:title\" content=\"Der Tempel von Debod in Madrid - DasErbeRoms - alterBlog\" \/>\n<meta property=\"og:description\" content=\"Seit 1972 steht der Tempel von Debod in Madrid. Unweit der Plaza de Espana, ist er zu einem beliebten Ort f\u00fcr Touristen geworden.\" \/>\n<meta property=\"og:url\" content=\"https:\/\/naehrlich.de\/daserberoms\/2022\/03\/13\/der-tempel-von-debod-in-madrid\/\" \/>\n<meta property=\"og:site_name\" content=\"DasErbeRoms - alterBlog\" \/>\n<meta property=\"article:publisher\" content=\"http:\/\/www.facebook.com\/stefan.naehrlich\" \/>\n<meta property=\"article:published_time\" content=\"2022-03-13T07:40:00+00:00\" \/>\n<meta property=\"article:modified_time\" content=\"2022-03-19T17:47:44+00:00\" \/>\n<meta property=\"og:image\" content=\"https:\/\/naehrlich.de\/daserberoms\/wp-content\/uploads\/2022\/03\/tempelvondebod.jpg\" \/>\n\t<meta property=\"og:image:width\" content=\"1800\" \/>\n\t<meta property=\"og:image:height\" content=\"800\" \/>\n\t<meta property=\"og:image:type\" content=\"image\/jpeg\" \/>\n<meta name=\"author\" content=\"Stefan N\u00e4hrlich\" \/>\n<meta name=\"twitter:card\" content=\"summary_large_image\" \/>\n<meta name=\"twitter:creator\" content=\"@DasErbeRoms\" \/>\n<meta name=\"twitter:site\" content=\"@DasErbeRoms\" \/>\n<meta name=\"twitter:label1\" content=\"Verfasst von\" \/>\n\t<meta name=\"twitter:data1\" content=\"Stefan N\u00e4hrlich\" \/>\n\t<meta name=\"twitter:label2\" content=\"Gesch\u00e4tzte Lesezeit\" \/>\n\t<meta name=\"twitter:data2\" content=\"4\u00a0Minuten\" \/>\n<script type=\"application\/ld+json\" class=\"yoast-schema-graph\">{\"@context\":\"https:\\\/\\\/schema.org\",\"@graph\":[{\"@type\":\"Article\",\"@id\":\"https:\\\/\\\/naehrlich.de\\\/daserberoms\\\/2022\\\/03\\\/13\\\/der-tempel-von-debod-in-madrid\\\/#article\",\"isPartOf\":{\"@id\":\"https:\\\/\\\/naehrlich.de\\\/daserberoms\\\/2022\\\/03\\\/13\\\/der-tempel-von-debod-in-madrid\\\/\"},\"author\":{\"name\":\"Stefan N\u00e4hrlich\",\"@id\":\"https:\\\/\\\/naehrlich.de\\\/daserberoms\\\/#\\\/schema\\\/person\\\/abf3183c35b9b7643636e6115f1354a7\"},\"headline\":\"Der Tempel von Debod in Madrid\",\"datePublished\":\"2022-03-13T07:40:00+00:00\",\"dateModified\":\"2022-03-19T17:47:44+00:00\",\"mainEntityOfPage\":{\"@id\":\"https:\\\/\\\/naehrlich.de\\\/daserberoms\\\/2022\\\/03\\\/13\\\/der-tempel-von-debod-in-madrid\\\/\"},\"wordCount\":608,\"commentCount\":2,\"image\":{\"@id\":\"https:\\\/\\\/naehrlich.de\\\/daserberoms\\\/2022\\\/03\\\/13\\\/der-tempel-von-debod-in-madrid\\\/#primaryimage\"},\"thumbnailUrl\":\"https:\\\/\\\/naehrlich.de\\\/daserberoms\\\/wp-content\\\/uploads\\\/2022\\\/03\\\/tempelvondebod.jpg\",\"keywords\":[\"Augustus\",\"Isis\",\"Rekonstruktionen\",\"Tempel\"],\"articleSection\":[\"\u00c4gypten\",\"Alle Beitr\u00e4ge\"],\"inLanguage\":\"de\",\"potentialAction\":[{\"@type\":\"CommentAction\",\"name\":\"Comment\",\"target\":[\"https:\\\/\\\/naehrlich.de\\\/daserberoms\\\/2022\\\/03\\\/13\\\/der-tempel-von-debod-in-madrid\\\/#respond\"]}]},{\"@type\":\"WebPage\",\"@id\":\"https:\\\/\\\/naehrlich.de\\\/daserberoms\\\/2022\\\/03\\\/13\\\/der-tempel-von-debod-in-madrid\\\/\",\"url\":\"https:\\\/\\\/naehrlich.de\\\/daserberoms\\\/2022\\\/03\\\/13\\\/der-tempel-von-debod-in-madrid\\\/\",\"name\":\"Der Tempel von Debod in Madrid - DasErbeRoms - alterBlog\",\"isPartOf\":{\"@id\":\"https:\\\/\\\/naehrlich.de\\\/daserberoms\\\/#website\"},\"primaryImageOfPage\":{\"@id\":\"https:\\\/\\\/naehrlich.de\\\/daserberoms\\\/2022\\\/03\\\/13\\\/der-tempel-von-debod-in-madrid\\\/#primaryimage\"},\"image\":{\"@id\":\"https:\\\/\\\/naehrlich.de\\\/daserberoms\\\/2022\\\/03\\\/13\\\/der-tempel-von-debod-in-madrid\\\/#primaryimage\"},\"thumbnailUrl\":\"https:\\\/\\\/naehrlich.de\\\/daserberoms\\\/wp-content\\\/uploads\\\/2022\\\/03\\\/tempelvondebod.jpg\",\"datePublished\":\"2022-03-13T07:40:00+00:00\",\"dateModified\":\"2022-03-19T17:47:44+00:00\",\"author\":{\"@id\":\"https:\\\/\\\/naehrlich.de\\\/daserberoms\\\/#\\\/schema\\\/person\\\/abf3183c35b9b7643636e6115f1354a7\"},\"description\":\"Seit 1972 steht der Tempel von Debod in Madrid. Unweit der Plaza de Espana, ist er zu einem beliebten Ort f\u00fcr Touristen geworden.\",\"breadcrumb\":{\"@id\":\"https:\\\/\\\/naehrlich.de\\\/daserberoms\\\/2022\\\/03\\\/13\\\/der-tempel-von-debod-in-madrid\\\/#breadcrumb\"},\"inLanguage\":\"de\",\"potentialAction\":[{\"@type\":\"ReadAction\",\"target\":[\"https:\\\/\\\/naehrlich.de\\\/daserberoms\\\/2022\\\/03\\\/13\\\/der-tempel-von-debod-in-madrid\\\/\"]}]},{\"@type\":\"ImageObject\",\"inLanguage\":\"de\",\"@id\":\"https:\\\/\\\/naehrlich.de\\\/daserberoms\\\/2022\\\/03\\\/13\\\/der-tempel-von-debod-in-madrid\\\/#primaryimage\",\"url\":\"https:\\\/\\\/naehrlich.de\\\/daserberoms\\\/wp-content\\\/uploads\\\/2022\\\/03\\\/tempelvondebod.jpg\",\"contentUrl\":\"https:\\\/\\\/naehrlich.de\\\/daserberoms\\\/wp-content\\\/uploads\\\/2022\\\/03\\\/tempelvondebod.jpg\",\"width\":1800,\"height\":800},{\"@type\":\"BreadcrumbList\",\"@id\":\"https:\\\/\\\/naehrlich.de\\\/daserberoms\\\/2022\\\/03\\\/13\\\/der-tempel-von-debod-in-madrid\\\/#breadcrumb\",\"itemListElement\":[{\"@type\":\"ListItem\",\"position\":1,\"name\":\"Startseite\",\"item\":\"https:\\\/\\\/naehrlich.de\\\/daserberoms\\\/\"},{\"@type\":\"ListItem\",\"position\":2,\"name\":\"Der Tempel von Debod in Madrid\"}]},{\"@type\":\"WebSite\",\"@id\":\"https:\\\/\\\/naehrlich.de\\\/daserberoms\\\/#website\",\"url\":\"https:\\\/\\\/naehrlich.de\\\/daserberoms\\\/\",\"name\":\"DasErbeRoms - alterBlog\",\"description\":\"Reisen auf den Spuren der alten R\u00f6mer. Von weltbekannt bis unbekannt. Fotos und Texte. Und ab und an einige Buch- und Filmbesprechungen und KI-Experimente.\",\"potentialAction\":[{\"@type\":\"SearchAction\",\"target\":{\"@type\":\"EntryPoint\",\"urlTemplate\":\"https:\\\/\\\/naehrlich.de\\\/daserberoms\\\/?s={search_term_string}\"},\"query-input\":{\"@type\":\"PropertyValueSpecification\",\"valueRequired\":true,\"valueName\":\"search_term_string\"}}],\"inLanguage\":\"de\"},{\"@type\":\"Person\",\"@id\":\"https:\\\/\\\/naehrlich.de\\\/daserberoms\\\/#\\\/schema\\\/person\\\/abf3183c35b9b7643636e6115f1354a7\",\"name\":\"Stefan N\u00e4hrlich\",\"image\":{\"@type\":\"ImageObject\",\"inLanguage\":\"de\",\"@id\":\"https:\\\/\\\/secure.gravatar.com\\\/avatar\\\/de332640be3ed6dfba043afc9f0cf67943fba3256852b07fe117cd6a456a29f8?s=96&d=mm&r=g\",\"url\":\"https:\\\/\\\/secure.gravatar.com\\\/avatar\\\/de332640be3ed6dfba043afc9f0cf67943fba3256852b07fe117cd6a456a29f8?s=96&d=mm&r=g\",\"contentUrl\":\"https:\\\/\\\/secure.gravatar.com\\\/avatar\\\/de332640be3ed6dfba043afc9f0cf67943fba3256852b07fe117cd6a456a29f8?s=96&d=mm&r=g\",\"caption\":\"Stefan N\u00e4hrlich\"},\"sameAs\":[\"http:\\\/\\\/www.daserberoms.de\"],\"url\":\"https:\\\/\\\/naehrlich.de\\\/daserberoms\\\/author\\\/stefan-naehrlich\\\/\"}]}<\/script>\n<!-- \/ Yoast SEO plugin. -->","yoast_head_json":{"title":"Der Tempel von Debod in Madrid - DasErbeRoms - alterBlog","description":"Seit 1972 steht der Tempel von Debod in Madrid. Unweit der Plaza de Espana, ist er zu einem beliebten Ort f\u00fcr Touristen geworden.","robots":{"index":"index","follow":"follow","max-snippet":"max-snippet:-1","max-image-preview":"max-image-preview:large","max-video-preview":"max-video-preview:-1"},"canonical":"https:\/\/naehrlich.de\/daserberoms\/2022\/03\/13\/der-tempel-von-debod-in-madrid\/","og_locale":"de_DE","og_type":"article","og_title":"Der Tempel von Debod in Madrid - DasErbeRoms - alterBlog","og_description":"Seit 1972 steht der Tempel von Debod in Madrid. Unweit der Plaza de Espana, ist er zu einem beliebten Ort f\u00fcr Touristen geworden.","og_url":"https:\/\/naehrlich.de\/daserberoms\/2022\/03\/13\/der-tempel-von-debod-in-madrid\/","og_site_name":"DasErbeRoms - alterBlog","article_publisher":"http:\/\/www.facebook.com\/stefan.naehrlich","article_published_time":"2022-03-13T07:40:00+00:00","article_modified_time":"2022-03-19T17:47:44+00:00","og_image":[{"width":1800,"height":800,"url":"https:\/\/naehrlich.de\/daserberoms\/wp-content\/uploads\/2022\/03\/tempelvondebod.jpg","type":"image\/jpeg"}],"author":"Stefan N\u00e4hrlich","twitter_card":"summary_large_image","twitter_creator":"@DasErbeRoms","twitter_site":"@DasErbeRoms","twitter_misc":{"Verfasst von":"Stefan N\u00e4hrlich","Gesch\u00e4tzte Lesezeit":"4\u00a0Minuten"},"schema":{"@context":"https:\/\/schema.org","@graph":[{"@type":"Article","@id":"https:\/\/naehrlich.de\/daserberoms\/2022\/03\/13\/der-tempel-von-debod-in-madrid\/#article","isPartOf":{"@id":"https:\/\/naehrlich.de\/daserberoms\/2022\/03\/13\/der-tempel-von-debod-in-madrid\/"},"author":{"name":"Stefan N\u00e4hrlich","@id":"https:\/\/naehrlich.de\/daserberoms\/#\/schema\/person\/abf3183c35b9b7643636e6115f1354a7"},"headline":"Der Tempel von Debod in Madrid","datePublished":"2022-03-13T07:40:00+00:00","dateModified":"2022-03-19T17:47:44+00:00","mainEntityOfPage":{"@id":"https:\/\/naehrlich.de\/daserberoms\/2022\/03\/13\/der-tempel-von-debod-in-madrid\/"},"wordCount":608,"commentCount":2,"image":{"@id":"https:\/\/naehrlich.de\/daserberoms\/2022\/03\/13\/der-tempel-von-debod-in-madrid\/#primaryimage"},"thumbnailUrl":"https:\/\/naehrlich.de\/daserberoms\/wp-content\/uploads\/2022\/03\/tempelvondebod.jpg","keywords":["Augustus","Isis","Rekonstruktionen","Tempel"],"articleSection":["\u00c4gypten","Alle Beitr\u00e4ge"],"inLanguage":"de","potentialAction":[{"@type":"CommentAction","name":"Comment","target":["https:\/\/naehrlich.de\/daserberoms\/2022\/03\/13\/der-tempel-von-debod-in-madrid\/#respond"]}]},{"@type":"WebPage","@id":"https:\/\/naehrlich.de\/daserberoms\/2022\/03\/13\/der-tempel-von-debod-in-madrid\/","url":"https:\/\/naehrlich.de\/daserberoms\/2022\/03\/13\/der-tempel-von-debod-in-madrid\/","name":"Der Tempel von Debod in Madrid - DasErbeRoms - alterBlog","isPartOf":{"@id":"https:\/\/naehrlich.de\/daserberoms\/#website"},"primaryImageOfPage":{"@id":"https:\/\/naehrlich.de\/daserberoms\/2022\/03\/13\/der-tempel-von-debod-in-madrid\/#primaryimage"},"image":{"@id":"https:\/\/naehrlich.de\/daserberoms\/2022\/03\/13\/der-tempel-von-debod-in-madrid\/#primaryimage"},"thumbnailUrl":"https:\/\/naehrlich.de\/daserberoms\/wp-content\/uploads\/2022\/03\/tempelvondebod.jpg","datePublished":"2022-03-13T07:40:00+00:00","dateModified":"2022-03-19T17:47:44+00:00","author":{"@id":"https:\/\/naehrlich.de\/daserberoms\/#\/schema\/person\/abf3183c35b9b7643636e6115f1354a7"},"description":"Seit 1972 steht der Tempel von Debod in Madrid. Unweit der Plaza de Espana, ist er zu einem beliebten Ort f\u00fcr Touristen geworden.","breadcrumb":{"@id":"https:\/\/naehrlich.de\/daserberoms\/2022\/03\/13\/der-tempel-von-debod-in-madrid\/#breadcrumb"},"inLanguage":"de","potentialAction":[{"@type":"ReadAction","target":["https:\/\/naehrlich.de\/daserberoms\/2022\/03\/13\/der-tempel-von-debod-in-madrid\/"]}]},{"@type":"ImageObject","inLanguage":"de","@id":"https:\/\/naehrlich.de\/daserberoms\/2022\/03\/13\/der-tempel-von-debod-in-madrid\/#primaryimage","url":"https:\/\/naehrlich.de\/daserberoms\/wp-content\/uploads\/2022\/03\/tempelvondebod.jpg","contentUrl":"https:\/\/naehrlich.de\/daserberoms\/wp-content\/uploads\/2022\/03\/tempelvondebod.jpg","width":1800,"height":800},{"@type":"BreadcrumbList","@id":"https:\/\/naehrlich.de\/daserberoms\/2022\/03\/13\/der-tempel-von-debod-in-madrid\/#breadcrumb","itemListElement":[{"@type":"ListItem","position":1,"name":"Startseite","item":"https:\/\/naehrlich.de\/daserberoms\/"},{"@type":"ListItem","position":2,"name":"Der Tempel von Debod in Madrid"}]},{"@type":"WebSite","@id":"https:\/\/naehrlich.de\/daserberoms\/#website","url":"https:\/\/naehrlich.de\/daserberoms\/","name":"DasErbeRoms - alterBlog","description":"Reisen auf den Spuren der alten R\u00f6mer. Von weltbekannt bis unbekannt. Fotos und Texte. Und ab und an einige Buch- und Filmbesprechungen und KI-Experimente.","potentialAction":[{"@type":"SearchAction","target":{"@type":"EntryPoint","urlTemplate":"https:\/\/naehrlich.de\/daserberoms\/?s={search_term_string}"},"query-input":{"@type":"PropertyValueSpecification","valueRequired":true,"valueName":"search_term_string"}}],"inLanguage":"de"},{"@type":"Person","@id":"https:\/\/naehrlich.de\/daserberoms\/#\/schema\/person\/abf3183c35b9b7643636e6115f1354a7","name":"Stefan N\u00e4hrlich","image":{"@type":"ImageObject","inLanguage":"de","@id":"https:\/\/secure.gravatar.com\/avatar\/de332640be3ed6dfba043afc9f0cf67943fba3256852b07fe117cd6a456a29f8?s=96&d=mm&r=g","url":"https:\/\/secure.gravatar.com\/avatar\/de332640be3ed6dfba043afc9f0cf67943fba3256852b07fe117cd6a456a29f8?s=96&d=mm&r=g","contentUrl":"https:\/\/secure.gravatar.com\/avatar\/de332640be3ed6dfba043afc9f0cf67943fba3256852b07fe117cd6a456a29f8?s=96&d=mm&r=g","caption":"Stefan N\u00e4hrlich"},"sameAs":["http:\/\/www.daserberoms.de"],"url":"https:\/\/naehrlich.de\/daserberoms\/author\/stefan-naehrlich\/"}]}},"_links":{"self":[{"href":"https:\/\/naehrlich.de\/daserberoms\/wp-json\/wp\/v2\/posts\/21036","targetHints":{"allow":["GET"]}}],"collection":[{"href":"https:\/\/naehrlich.de\/daserberoms\/wp-json\/wp\/v2\/posts"}],"about":[{"href":"https:\/\/naehrlich.de\/daserberoms\/wp-json\/wp\/v2\/types\/post"}],"author":[{"embeddable":true,"href":"https:\/\/naehrlich.de\/daserberoms\/wp-json\/wp\/v2\/users\/1"}],"replies":[{"embeddable":true,"href":"https:\/\/naehrlich.de\/daserberoms\/wp-json\/wp\/v2\/comments?post=21036"}],"version-history":[{"count":77,"href":"https:\/\/naehrlich.de\/daserberoms\/wp-json\/wp\/v2\/posts\/21036\/revisions"}],"predecessor-version":[{"id":21134,"href":"https:\/\/naehrlich.de\/daserberoms\/wp-json\/wp\/v2\/posts\/21036\/revisions\/21134"}],"wp:featuredmedia":[{"embeddable":true,"href":"https:\/\/naehrlich.de\/daserberoms\/wp-json\/wp\/v2\/media\/21038"}],"wp:attachment":[{"href":"https:\/\/naehrlich.de\/daserberoms\/wp-json\/wp\/v2\/media?parent=21036"}],"wp:term":[{"taxonomy":"category","embeddable":true,"href":"https:\/\/naehrlich.de\/daserberoms\/wp-json\/wp\/v2\/categories?post=21036"},{"taxonomy":"post_tag","embeddable":true,"href":"https:\/\/naehrlich.de\/daserberoms\/wp-json\/wp\/v2\/tags?post=21036"}],"curies":[{"name":"wp","href":"https:\/\/api.w.org\/{rel}","templated":true}]}}