{"id":2298,"date":"2015-08-16T09:00:19","date_gmt":"2015-08-16T07:00:19","guid":{"rendered":"https:\/\/daserberoms.wordpress.com\/?p=2298"},"modified":"2018-08-17T14:00:30","modified_gmt":"2018-08-17T12:00:30","slug":"trier-100-jahre-weltstadt","status":"publish","type":"post","link":"https:\/\/naehrlich.de\/daserberoms\/2015\/08\/16\/trier-100-jahre-weltstadt\/","title":{"rendered":"Trier: 100 Jahre Weltstadt"},"content":{"rendered":"<p class=\"lead dropcap\">Trier beansprucht, die \u00e4lteste Stadt Deutschlands zu sein. Nach der Eroberung Galliens wird die Stadt am Ufer der Mosel um 17\/16 vor Chr. im Siedlungsgebiet der keltischen Treverer als Augusta Treverorum von den R\u00f6mern gegr\u00fcndet.<\/p>\n<p>Wichtigstes Zeugnis f\u00fcr die Datierung der Gr\u00fcndung der &#8222;Stadt des Augustus im Land der Treverer&#8220; ist der Bau der ersten Br\u00fccke \u00fcber die Mosella. Zun\u00e4chst wird eine Holzbr\u00fccke gebaut, sp\u00e4ter folgen Br\u00fccken aus Stein wie bei der heute noch genutzten R\u00f6merbr\u00fccke in Trier.<\/p>\n<p>Augusta Treverorum wird nach r\u00f6mischen Muster angelegt, Stra\u00dfen und H\u00e4user aus Stein werden gebaut, Tempel und \u00f6ffentliche Geb\u00e4ude errichtet, eine Thermenanlage und ein Amphitheater entstehen im ersten Jahrhundert. <a href=\"http:\/\/naehrlich.de\/daserberoms\/2015\/04\/12\/romischer-way-of-life\/\">Der Lebensstil romanisiert sich<\/a>, Handwerk und Handel bl\u00fchen. Wein wird angebaut, die Terra Sigillata-Manufakturen produzieren feinstes Geschirr. Becher und Kr\u00fcge mit Trinkspr\u00fcchen (&#8222;Trink mich&#8220;, &#8222;F\u00fclle mich nochmals&#8220; &#8230;) werden Exportschlager.<\/p>\n<p>Trier wird f\u00fcr die r\u00f6mische Rheinarmee entlang des Limes das wichtigste Versorgungszentrum und Sitz der Finanzverwaltung f\u00fcr drei Provinzen. Die Stadt und ihre Bewohner kommen \u00fcber die Zeit zu Wohlstand, einige auch zu Reichtum, wie beispielweise an der <a href=\"http:\/\/naehrlich.de\/daserberoms\/2015\/08\/06\/entrustet-euch\/\">Igeler S\u00e4ule<\/a>, einem pomp\u00f6sen Grabmonument einer r\u00f6mischen Tuchh\u00e4ndlerfamilie, abzulesen ist. Eine zweite \u00f6ffentliche Badeanlage entsteht, die prachtvollen Barbarathermen aus dem 2. Jahrhundert zeigen den Wohlstand der Stadt. Ende des zweiten Jahrhunderts gewinnt Augusta Treverorum auch an politischer Bedeutung. Unter den Kaisern Mark Aurel und Commodus entstehen die Stadtmauer und die befestigten Stadttore. M\u00f6glicherweise stehen die Bauma\u00dfnahmen im Zusammenhang mit der Erhebung Augusta Treverorum zur Hauptstadt der Provinz Gallia Belgica. Das n\u00f6rdliche Stadttor, die Porta Nigra, ist heute das bekannteste Wahrzeichen Triers.<\/p>\n[aesop_parallax img=&#8220;https:\/\/naehrlich.de\/daserberoms\/wp-content\/uploads\/2015\/12\/p1020397.jpg&#8220; parallaxbg=&#8220;on&#8220; caption=&#8220;Das Rheinisches Landesmuseum Trier zeigt eine sch\u00f6ne Sammlung \u00fcber das r\u00f6mische Trier und im Innenhof eine Nachbildung der Igeler S\u00e4ule.&#8220; captionposition=&#8220;bottom-left&#8220; lightbox=&#8220;off&#8220; floater=&#8220;off&#8220; floaterposition=&#8220;left&#8220; floaterdirection=&#8220;none&#8220; overlay_revealfx=&#8220;off&#8220;]\n<p>Doch auch im entfernten Hinterland des Limes zum freien Germanien sind die Zeiten nicht immer nur friedlich. Im B\u00fcrgerkrieg des zweiten Vierkaiserjahres kann Augusta Treverorum den Belagerungen Ende des 2. Jahrhunderts durch die neuen Stadtbefestigungen und der aus Mainz zur Hilfe geeilten 22. Legion standhalten und steht vor allem auf der richtigen Seite, n\u00e4mlich der Kaiser Septimius Serverus. \u00dcblicherweise wurde einem so etwas gedankt. Leider ist dazu nichts \u00fcberliefert. \u00dcberliefert ist dagegen der Dank der Einwohner Triers an die Mainzer Legion\u00e4re. Eine Inschrift auf einem m\u00e4chtigen Steinquader zeugt davon: &#8222;&#8230; widmet die von ihr verteidigte Stadt Trier der 22. Legion Primigenia Pia Fidelis wegen ihrer Ehre und Tapferkeit dieses Ehrenmal&#8220;. Was im B\u00fcrgerkrieg noch einmal gut gegangen ist, klappt im Jahr 275 nicht mehr. Nach dem Tod Kaiser Aurelians wird Augusta Treverorum von einfallenden Franken und Alamannen gepl\u00fcndert und teilweise zerst\u00f6rt. Doch den Zerst\u00f6rungen folgt der Wiederaufbau und Aufstieg Triers.<\/p>\n[aesop_gallery id=&#8220;10037&#8243; revealfx=&#8220;off&#8220; overlay_revealfx=&#8220;off&#8220;]\n<p>Rund 20 Jahre sp\u00e4ter beginnt Triers gr\u00f6\u00dfte Bl\u00fctezeit, als das r\u00f6mischen Reich den Zenit seiner Macht schon \u00fcberschritten hat. Einhundert Jahre lang wird Treveris, wie die Stadt nun genannt wird, einer der wichtigsten Orte im Westen des R\u00f6mischen Reiches und Residenz der r\u00f6mischen Kaiser sein. Unter der Herrschaft Konstantins des Gro\u00dfen wird die Stadt wieder auf- und weiter ausgebaut. Geb\u00e4ude wie die Palastaula (die heutige Konstantinbasilika) und die Kaiserthermen werden errichtet. Mit vielleicht bis zu 100.000 Einwohnern ist Treveris die gr\u00f6\u00dfte r\u00f6mische Stadt n\u00f6rdlich der Alpen. Roma Secunda, das zweite Rom, wird Trier in der Sp\u00e4tantike genannt.<\/p>\n[aesop_parallax img=&#8220;https:\/\/naehrlich.de\/daserberoms\/wp-content\/uploads\/2015\/12\/p1020677.jpg&#8220; parallaxbg=&#8220;on&#8220; caption=&#8220;Von der r\u00f6mischen Bausubstanz der Audienzhalle der r\u00f6mischen Kaiser in Trier im 4. Jahrhundert ist nur wenig erhalten. Im 5. Jahrhundert st\u00fcrzte das Dach ein, im Fr\u00fchmittelalter bauten die Trierer Bisch\u00f6fe die Basilika zur Festung um. Im 19. Jahrhundert wurde die Basilika in ihrer urspr\u00fcnglichen Gr\u00f6\u00dfe und antiken Stilreinheit wiederhergestellt und der evangelischen Kirchengemeinde \u00fcbergeben, die sie seither als Kirche nutzt. In den 1950er Jahren wurde die Kirche noch ein zweites Mal restauriert, nachdem sie im 2. Weltkrieg durch einen Luftangriff schwer besch\u00e4digt wurde.&#8220; captionposition=&#8220;bottom-left&#8220; lightbox=&#8220;off&#8220; floater=&#8220;off&#8220; floaterposition=&#8220;left&#8220; floaterdirection=&#8220;none&#8220; overlay_revealfx=&#8220;off&#8220;]\n<p>Dann kommt der Niedergang, germanische St\u00e4mme dr\u00e4ngen \u00fcber den Rhein. Ende des 4. Jahrhunderts wird die Verwaltung des Westr\u00f6mischen Reiches von Trier nach <a href=\"http:\/\/naehrlich.de\/daserberoms\/2015\/06\/21\/jupiter-sei-dank\/\">Arles<\/a> und die Kaiserresidenz nach Mailand verlegt. Anfang des 5. Jahrhunderts wird Trier viermal von den Franken gepl\u00fcndert. Die Stadt hat nicht mehr gen\u00fcgend kampff\u00e4hige M\u00e4nner, um die langen Mauern zu besetzen, die Bev\u00f6lkerung verteidigte sich im Amphitheater. Gegen Ende des 5. Jahrhunderts bricht das Westr\u00f6mische Reich zusammen, die Franken etablieren sich als die neuen Machthaber. Das Imperium Romanum existiert nur noch als Ostr\u00f6misches Reich im \u00f6stlichen Mittelmeerraum. Das jedoch noch 1000 Jahre lang bis zur Eroberung von Konstantinopel durch die Osmanen im Jahr 1453.<\/p>\n","protected":false},"excerpt":{"rendered":"<p>Trier beansprucht, die \u00e4lteste Stadt Deutschlands zu sein. Nach der Eroberung Galliens wird die Stadt am Ufer der Mosel um 17\/16 vor Chr. im Siedlungsgebiet der keltischen Treverer als Augusta Treverorum von den R\u00f6mern gegr\u00fcndet. Wichtigstes Zeugnis f\u00fcr die Datierung der Gr\u00fcndung der &#8222;Stadt des Augustus im Land der Treverer&#8220; ist der Bau der ersten [&hellip;]<\/p>\n","protected":false},"author":1,"featured_media":10041,"comment_status":"open","ping_status":"open","sticky":false,"template":"","format":"standard","meta":{"footnotes":""},"categories":[16,8],"tags":[31,41,56,89,91,110,144,160,175,197,223,239,247],"class_list":["post-2298","post","type-post","status-publish","format-standard","has-post-thumbnail","hentry","category-alle-beitraege","category-germanien","tag-22-legion","tag-amphitheater","tag-augustus","tag-commodus","tag-denkmal","tag-gallia-belgica","tag-konstantin-i","tag-marcus-aurelius","tag-museum","tag-porta-nigra","tag-septimius-severus","tag-thermen","tag-treverer"],"yoast_head":"<!-- This site is optimized with the Yoast SEO plugin v27.4 - https:\/\/yoast.com\/product\/yoast-seo-wordpress\/ -->\n<title>Trier: 100 Jahre Weltstadt - DasErbeRoms - alterBlog<\/title>\n<meta name=\"description\" content=\"Trier beansprucht, die \u00e4lteste Stadt Deutschlands zu sein. Nach der Eroberung Galliens wird die Stadt am Ufer der Mosel um 17\/16\u00a0von den R\u00f6mern gegr\u00fcndet.\" \/>\n<meta name=\"robots\" content=\"index, follow, max-snippet:-1, max-image-preview:large, max-video-preview:-1\" \/>\n<link rel=\"canonical\" href=\"https:\/\/naehrlich.de\/daserberoms\/2015\/08\/16\/trier-100-jahre-weltstadt\/\" \/>\n<meta property=\"og:locale\" content=\"de_DE\" \/>\n<meta property=\"og:type\" content=\"article\" \/>\n<meta property=\"og:title\" content=\"Trier: 100 Jahre Weltstadt - DasErbeRoms - alterBlog\" \/>\n<meta property=\"og:description\" content=\"Trier beansprucht, die \u00e4lteste Stadt Deutschlands zu sein. Nach der Eroberung Galliens wird die Stadt am Ufer der Mosel um 17\/16\u00a0von den R\u00f6mern gegr\u00fcndet.\" \/>\n<meta property=\"og:url\" content=\"https:\/\/naehrlich.de\/daserberoms\/2015\/08\/16\/trier-100-jahre-weltstadt\/\" \/>\n<meta property=\"og:site_name\" content=\"DasErbeRoms - alterBlog\" \/>\n<meta property=\"article:publisher\" content=\"http:\/\/www.facebook.com\/stefan.naehrlich\" \/>\n<meta property=\"article:published_time\" content=\"2015-08-16T07:00:19+00:00\" \/>\n<meta property=\"article:modified_time\" content=\"2018-08-17T12:00:30+00:00\" \/>\n<meta property=\"og:image\" content=\"https:\/\/naehrlich.de\/daserberoms\/wp-content\/uploads\/2015\/08\/trierportanigra.jpg\" \/>\n\t<meta property=\"og:image:width\" content=\"1840\" \/>\n\t<meta property=\"og:image:height\" content=\"840\" \/>\n\t<meta property=\"og:image:type\" content=\"image\/jpeg\" \/>\n<meta name=\"author\" content=\"Stefan N\u00e4hrlich\" \/>\n<meta name=\"twitter:card\" content=\"summary_large_image\" \/>\n<meta name=\"twitter:creator\" content=\"@DasErbeRoms\" \/>\n<meta name=\"twitter:site\" content=\"@DasErbeRoms\" \/>\n<meta name=\"twitter:label1\" content=\"Verfasst von\" \/>\n\t<meta name=\"twitter:data1\" content=\"Stefan N\u00e4hrlich\" \/>\n\t<meta name=\"twitter:label2\" content=\"Gesch\u00e4tzte Lesezeit\" \/>\n\t<meta name=\"twitter:data2\" content=\"4\u00a0Minuten\" \/>\n<script type=\"application\/ld+json\" class=\"yoast-schema-graph\">{\"@context\":\"https:\\\/\\\/schema.org\",\"@graph\":[{\"@type\":\"Article\",\"@id\":\"https:\\\/\\\/naehrlich.de\\\/daserberoms\\\/2015\\\/08\\\/16\\\/trier-100-jahre-weltstadt\\\/#article\",\"isPartOf\":{\"@id\":\"https:\\\/\\\/naehrlich.de\\\/daserberoms\\\/2015\\\/08\\\/16\\\/trier-100-jahre-weltstadt\\\/\"},\"author\":{\"name\":\"Stefan N\u00e4hrlich\",\"@id\":\"https:\\\/\\\/naehrlich.de\\\/daserberoms\\\/#\\\/schema\\\/person\\\/abf3183c35b9b7643636e6115f1354a7\"},\"headline\":\"Trier: 100 Jahre Weltstadt\",\"datePublished\":\"2015-08-16T07:00:19+00:00\",\"dateModified\":\"2018-08-17T12:00:30+00:00\",\"mainEntityOfPage\":{\"@id\":\"https:\\\/\\\/naehrlich.de\\\/daserberoms\\\/2015\\\/08\\\/16\\\/trier-100-jahre-weltstadt\\\/\"},\"wordCount\":830,\"commentCount\":0,\"image\":{\"@id\":\"https:\\\/\\\/naehrlich.de\\\/daserberoms\\\/2015\\\/08\\\/16\\\/trier-100-jahre-weltstadt\\\/#primaryimage\"},\"thumbnailUrl\":\"https:\\\/\\\/naehrlich.de\\\/daserberoms\\\/wp-content\\\/uploads\\\/2015\\\/08\\\/trierportanigra.jpg\",\"keywords\":[\"22. Legion\",\"Amphitheater\",\"Augustus\",\"Commodus\",\"Denkmal\",\"Gallia Belgica\",\"Konstantin I\",\"Marcus Aurelius\",\"Museum\",\"Porta Nigra\",\"Septimius Severus\",\"Thermen\",\"Treverer\"],\"articleSection\":[\"Alle Beitr\u00e4ge\",\"Germanien\"],\"inLanguage\":\"de\",\"potentialAction\":[{\"@type\":\"CommentAction\",\"name\":\"Comment\",\"target\":[\"https:\\\/\\\/naehrlich.de\\\/daserberoms\\\/2015\\\/08\\\/16\\\/trier-100-jahre-weltstadt\\\/#respond\"]}]},{\"@type\":\"WebPage\",\"@id\":\"https:\\\/\\\/naehrlich.de\\\/daserberoms\\\/2015\\\/08\\\/16\\\/trier-100-jahre-weltstadt\\\/\",\"url\":\"https:\\\/\\\/naehrlich.de\\\/daserberoms\\\/2015\\\/08\\\/16\\\/trier-100-jahre-weltstadt\\\/\",\"name\":\"Trier: 100 Jahre Weltstadt - DasErbeRoms - alterBlog\",\"isPartOf\":{\"@id\":\"https:\\\/\\\/naehrlich.de\\\/daserberoms\\\/#website\"},\"primaryImageOfPage\":{\"@id\":\"https:\\\/\\\/naehrlich.de\\\/daserberoms\\\/2015\\\/08\\\/16\\\/trier-100-jahre-weltstadt\\\/#primaryimage\"},\"image\":{\"@id\":\"https:\\\/\\\/naehrlich.de\\\/daserberoms\\\/2015\\\/08\\\/16\\\/trier-100-jahre-weltstadt\\\/#primaryimage\"},\"thumbnailUrl\":\"https:\\\/\\\/naehrlich.de\\\/daserberoms\\\/wp-content\\\/uploads\\\/2015\\\/08\\\/trierportanigra.jpg\",\"datePublished\":\"2015-08-16T07:00:19+00:00\",\"dateModified\":\"2018-08-17T12:00:30+00:00\",\"author\":{\"@id\":\"https:\\\/\\\/naehrlich.de\\\/daserberoms\\\/#\\\/schema\\\/person\\\/abf3183c35b9b7643636e6115f1354a7\"},\"description\":\"Trier beansprucht, die \u00e4lteste Stadt Deutschlands zu sein. Nach der Eroberung Galliens wird die Stadt am Ufer der Mosel um 17\\\/16\u00a0von den R\u00f6mern gegr\u00fcndet.\",\"breadcrumb\":{\"@id\":\"https:\\\/\\\/naehrlich.de\\\/daserberoms\\\/2015\\\/08\\\/16\\\/trier-100-jahre-weltstadt\\\/#breadcrumb\"},\"inLanguage\":\"de\",\"potentialAction\":[{\"@type\":\"ReadAction\",\"target\":[\"https:\\\/\\\/naehrlich.de\\\/daserberoms\\\/2015\\\/08\\\/16\\\/trier-100-jahre-weltstadt\\\/\"]}]},{\"@type\":\"ImageObject\",\"inLanguage\":\"de\",\"@id\":\"https:\\\/\\\/naehrlich.de\\\/daserberoms\\\/2015\\\/08\\\/16\\\/trier-100-jahre-weltstadt\\\/#primaryimage\",\"url\":\"https:\\\/\\\/naehrlich.de\\\/daserberoms\\\/wp-content\\\/uploads\\\/2015\\\/08\\\/trierportanigra.jpg\",\"contentUrl\":\"https:\\\/\\\/naehrlich.de\\\/daserberoms\\\/wp-content\\\/uploads\\\/2015\\\/08\\\/trierportanigra.jpg\",\"width\":1840,\"height\":840,\"caption\":\"Innenansicht des r\u00f6mischen Stadttores in Trier\"},{\"@type\":\"BreadcrumbList\",\"@id\":\"https:\\\/\\\/naehrlich.de\\\/daserberoms\\\/2015\\\/08\\\/16\\\/trier-100-jahre-weltstadt\\\/#breadcrumb\",\"itemListElement\":[{\"@type\":\"ListItem\",\"position\":1,\"name\":\"Startseite\",\"item\":\"https:\\\/\\\/naehrlich.de\\\/daserberoms\\\/\"},{\"@type\":\"ListItem\",\"position\":2,\"name\":\"Trier: 100 Jahre Weltstadt\"}]},{\"@type\":\"WebSite\",\"@id\":\"https:\\\/\\\/naehrlich.de\\\/daserberoms\\\/#website\",\"url\":\"https:\\\/\\\/naehrlich.de\\\/daserberoms\\\/\",\"name\":\"DasErbeRoms - alterBlog\",\"description\":\"Reisen auf den Spuren der alten R\u00f6mer. Von weltbekannt bis unbekannt. Fotos und Texte. Und ab und an einige Buch- und Filmbesprechungen und KI-Experimente.\",\"potentialAction\":[{\"@type\":\"SearchAction\",\"target\":{\"@type\":\"EntryPoint\",\"urlTemplate\":\"https:\\\/\\\/naehrlich.de\\\/daserberoms\\\/?s={search_term_string}\"},\"query-input\":{\"@type\":\"PropertyValueSpecification\",\"valueRequired\":true,\"valueName\":\"search_term_string\"}}],\"inLanguage\":\"de\"},{\"@type\":\"Person\",\"@id\":\"https:\\\/\\\/naehrlich.de\\\/daserberoms\\\/#\\\/schema\\\/person\\\/abf3183c35b9b7643636e6115f1354a7\",\"name\":\"Stefan N\u00e4hrlich\",\"image\":{\"@type\":\"ImageObject\",\"inLanguage\":\"de\",\"@id\":\"https:\\\/\\\/secure.gravatar.com\\\/avatar\\\/de332640be3ed6dfba043afc9f0cf67943fba3256852b07fe117cd6a456a29f8?s=96&d=mm&r=g\",\"url\":\"https:\\\/\\\/secure.gravatar.com\\\/avatar\\\/de332640be3ed6dfba043afc9f0cf67943fba3256852b07fe117cd6a456a29f8?s=96&d=mm&r=g\",\"contentUrl\":\"https:\\\/\\\/secure.gravatar.com\\\/avatar\\\/de332640be3ed6dfba043afc9f0cf67943fba3256852b07fe117cd6a456a29f8?s=96&d=mm&r=g\",\"caption\":\"Stefan N\u00e4hrlich\"},\"sameAs\":[\"http:\\\/\\\/www.daserberoms.de\"],\"url\":\"https:\\\/\\\/naehrlich.de\\\/daserberoms\\\/author\\\/stefan-naehrlich\\\/\"}]}<\/script>\n<!-- \/ Yoast SEO plugin. -->","yoast_head_json":{"title":"Trier: 100 Jahre Weltstadt - DasErbeRoms - alterBlog","description":"Trier beansprucht, die \u00e4lteste Stadt Deutschlands zu sein. Nach der Eroberung Galliens wird die Stadt am Ufer der Mosel um 17\/16\u00a0von den R\u00f6mern gegr\u00fcndet.","robots":{"index":"index","follow":"follow","max-snippet":"max-snippet:-1","max-image-preview":"max-image-preview:large","max-video-preview":"max-video-preview:-1"},"canonical":"https:\/\/naehrlich.de\/daserberoms\/2015\/08\/16\/trier-100-jahre-weltstadt\/","og_locale":"de_DE","og_type":"article","og_title":"Trier: 100 Jahre Weltstadt - DasErbeRoms - alterBlog","og_description":"Trier beansprucht, die \u00e4lteste Stadt Deutschlands zu sein. Nach der Eroberung Galliens wird die Stadt am Ufer der Mosel um 17\/16\u00a0von den R\u00f6mern gegr\u00fcndet.","og_url":"https:\/\/naehrlich.de\/daserberoms\/2015\/08\/16\/trier-100-jahre-weltstadt\/","og_site_name":"DasErbeRoms - alterBlog","article_publisher":"http:\/\/www.facebook.com\/stefan.naehrlich","article_published_time":"2015-08-16T07:00:19+00:00","article_modified_time":"2018-08-17T12:00:30+00:00","og_image":[{"width":1840,"height":840,"url":"https:\/\/naehrlich.de\/daserberoms\/wp-content\/uploads\/2015\/08\/trierportanigra.jpg","type":"image\/jpeg"}],"author":"Stefan N\u00e4hrlich","twitter_card":"summary_large_image","twitter_creator":"@DasErbeRoms","twitter_site":"@DasErbeRoms","twitter_misc":{"Verfasst von":"Stefan N\u00e4hrlich","Gesch\u00e4tzte Lesezeit":"4\u00a0Minuten"},"schema":{"@context":"https:\/\/schema.org","@graph":[{"@type":"Article","@id":"https:\/\/naehrlich.de\/daserberoms\/2015\/08\/16\/trier-100-jahre-weltstadt\/#article","isPartOf":{"@id":"https:\/\/naehrlich.de\/daserberoms\/2015\/08\/16\/trier-100-jahre-weltstadt\/"},"author":{"name":"Stefan N\u00e4hrlich","@id":"https:\/\/naehrlich.de\/daserberoms\/#\/schema\/person\/abf3183c35b9b7643636e6115f1354a7"},"headline":"Trier: 100 Jahre Weltstadt","datePublished":"2015-08-16T07:00:19+00:00","dateModified":"2018-08-17T12:00:30+00:00","mainEntityOfPage":{"@id":"https:\/\/naehrlich.de\/daserberoms\/2015\/08\/16\/trier-100-jahre-weltstadt\/"},"wordCount":830,"commentCount":0,"image":{"@id":"https:\/\/naehrlich.de\/daserberoms\/2015\/08\/16\/trier-100-jahre-weltstadt\/#primaryimage"},"thumbnailUrl":"https:\/\/naehrlich.de\/daserberoms\/wp-content\/uploads\/2015\/08\/trierportanigra.jpg","keywords":["22. Legion","Amphitheater","Augustus","Commodus","Denkmal","Gallia Belgica","Konstantin I","Marcus Aurelius","Museum","Porta Nigra","Septimius Severus","Thermen","Treverer"],"articleSection":["Alle Beitr\u00e4ge","Germanien"],"inLanguage":"de","potentialAction":[{"@type":"CommentAction","name":"Comment","target":["https:\/\/naehrlich.de\/daserberoms\/2015\/08\/16\/trier-100-jahre-weltstadt\/#respond"]}]},{"@type":"WebPage","@id":"https:\/\/naehrlich.de\/daserberoms\/2015\/08\/16\/trier-100-jahre-weltstadt\/","url":"https:\/\/naehrlich.de\/daserberoms\/2015\/08\/16\/trier-100-jahre-weltstadt\/","name":"Trier: 100 Jahre Weltstadt - DasErbeRoms - alterBlog","isPartOf":{"@id":"https:\/\/naehrlich.de\/daserberoms\/#website"},"primaryImageOfPage":{"@id":"https:\/\/naehrlich.de\/daserberoms\/2015\/08\/16\/trier-100-jahre-weltstadt\/#primaryimage"},"image":{"@id":"https:\/\/naehrlich.de\/daserberoms\/2015\/08\/16\/trier-100-jahre-weltstadt\/#primaryimage"},"thumbnailUrl":"https:\/\/naehrlich.de\/daserberoms\/wp-content\/uploads\/2015\/08\/trierportanigra.jpg","datePublished":"2015-08-16T07:00:19+00:00","dateModified":"2018-08-17T12:00:30+00:00","author":{"@id":"https:\/\/naehrlich.de\/daserberoms\/#\/schema\/person\/abf3183c35b9b7643636e6115f1354a7"},"description":"Trier beansprucht, die \u00e4lteste Stadt Deutschlands zu sein. Nach der Eroberung Galliens wird die Stadt am Ufer der Mosel um 17\/16\u00a0von den R\u00f6mern gegr\u00fcndet.","breadcrumb":{"@id":"https:\/\/naehrlich.de\/daserberoms\/2015\/08\/16\/trier-100-jahre-weltstadt\/#breadcrumb"},"inLanguage":"de","potentialAction":[{"@type":"ReadAction","target":["https:\/\/naehrlich.de\/daserberoms\/2015\/08\/16\/trier-100-jahre-weltstadt\/"]}]},{"@type":"ImageObject","inLanguage":"de","@id":"https:\/\/naehrlich.de\/daserberoms\/2015\/08\/16\/trier-100-jahre-weltstadt\/#primaryimage","url":"https:\/\/naehrlich.de\/daserberoms\/wp-content\/uploads\/2015\/08\/trierportanigra.jpg","contentUrl":"https:\/\/naehrlich.de\/daserberoms\/wp-content\/uploads\/2015\/08\/trierportanigra.jpg","width":1840,"height":840,"caption":"Innenansicht des r\u00f6mischen Stadttores in Trier"},{"@type":"BreadcrumbList","@id":"https:\/\/naehrlich.de\/daserberoms\/2015\/08\/16\/trier-100-jahre-weltstadt\/#breadcrumb","itemListElement":[{"@type":"ListItem","position":1,"name":"Startseite","item":"https:\/\/naehrlich.de\/daserberoms\/"},{"@type":"ListItem","position":2,"name":"Trier: 100 Jahre Weltstadt"}]},{"@type":"WebSite","@id":"https:\/\/naehrlich.de\/daserberoms\/#website","url":"https:\/\/naehrlich.de\/daserberoms\/","name":"DasErbeRoms - alterBlog","description":"Reisen auf den Spuren der alten R\u00f6mer. Von weltbekannt bis unbekannt. Fotos und Texte. Und ab und an einige Buch- und Filmbesprechungen und KI-Experimente.","potentialAction":[{"@type":"SearchAction","target":{"@type":"EntryPoint","urlTemplate":"https:\/\/naehrlich.de\/daserberoms\/?s={search_term_string}"},"query-input":{"@type":"PropertyValueSpecification","valueRequired":true,"valueName":"search_term_string"}}],"inLanguage":"de"},{"@type":"Person","@id":"https:\/\/naehrlich.de\/daserberoms\/#\/schema\/person\/abf3183c35b9b7643636e6115f1354a7","name":"Stefan N\u00e4hrlich","image":{"@type":"ImageObject","inLanguage":"de","@id":"https:\/\/secure.gravatar.com\/avatar\/de332640be3ed6dfba043afc9f0cf67943fba3256852b07fe117cd6a456a29f8?s=96&d=mm&r=g","url":"https:\/\/secure.gravatar.com\/avatar\/de332640be3ed6dfba043afc9f0cf67943fba3256852b07fe117cd6a456a29f8?s=96&d=mm&r=g","contentUrl":"https:\/\/secure.gravatar.com\/avatar\/de332640be3ed6dfba043afc9f0cf67943fba3256852b07fe117cd6a456a29f8?s=96&d=mm&r=g","caption":"Stefan N\u00e4hrlich"},"sameAs":["http:\/\/www.daserberoms.de"],"url":"https:\/\/naehrlich.de\/daserberoms\/author\/stefan-naehrlich\/"}]}},"_links":{"self":[{"href":"https:\/\/naehrlich.de\/daserberoms\/wp-json\/wp\/v2\/posts\/2298","targetHints":{"allow":["GET"]}}],"collection":[{"href":"https:\/\/naehrlich.de\/daserberoms\/wp-json\/wp\/v2\/posts"}],"about":[{"href":"https:\/\/naehrlich.de\/daserberoms\/wp-json\/wp\/v2\/types\/post"}],"author":[{"embeddable":true,"href":"https:\/\/naehrlich.de\/daserberoms\/wp-json\/wp\/v2\/users\/1"}],"replies":[{"embeddable":true,"href":"https:\/\/naehrlich.de\/daserberoms\/wp-json\/wp\/v2\/comments?post=2298"}],"version-history":[{"count":13,"href":"https:\/\/naehrlich.de\/daserberoms\/wp-json\/wp\/v2\/posts\/2298\/revisions"}],"predecessor-version":[{"id":6066,"href":"https:\/\/naehrlich.de\/daserberoms\/wp-json\/wp\/v2\/posts\/2298\/revisions\/6066"}],"wp:featuredmedia":[{"embeddable":true,"href":"https:\/\/naehrlich.de\/daserberoms\/wp-json\/wp\/v2\/media\/10041"}],"wp:attachment":[{"href":"https:\/\/naehrlich.de\/daserberoms\/wp-json\/wp\/v2\/media?parent=2298"}],"wp:term":[{"taxonomy":"category","embeddable":true,"href":"https:\/\/naehrlich.de\/daserberoms\/wp-json\/wp\/v2\/categories?post=2298"},{"taxonomy":"post_tag","embeddable":true,"href":"https:\/\/naehrlich.de\/daserberoms\/wp-json\/wp\/v2\/tags?post=2298"}],"curies":[{"name":"wp","href":"https:\/\/api.w.org\/{rel}","templated":true}]}}