{"id":236,"date":"2014-03-08T10:00:08","date_gmt":"2014-03-08T09:00:08","guid":{"rendered":"http:\/\/daserberoms.wordpress.com\/?p=236"},"modified":"2018-08-19T06:29:11","modified_gmt":"2018-08-19T04:29:11","slug":"gillette-des-germanicus","status":"publish","type":"post","link":"https:\/\/naehrlich.de\/daserberoms\/2014\/03\/08\/gillette-des-germanicus\/","title":{"rendered":"Gillette des Germanicus?"},"content":{"rendered":"<p class=\"lead dropcap\">War es das Gillette des Germanicus?<\/p>\n<p>Keine Ahnung, ob der r\u00f6mische Feldherr <a href=\"http:\/\/de.wikipedia.org\/wiki\/Germanicus\" target=\"_blank\">Germanicus<\/a> dieses Rasiermesser (oder wohl besser, Rasierschaber) benutzt hat. Weit verbreitet waren solche Gegenst\u00e4nde jedenfalls. Sch\u00f6n gestalteter Kopf, der wohl die mythologische Figur des Greifs darstellt, ein L\u00f6we mit dem Kopf eines Adlers. Replik nach Originalfund, ca. 70 Euro. Ein Klick auf das Bild, vergr\u00f6\u00dfert es.<\/p>\n[aesop_parallax img=&#8220;https:\/\/naehrlich.de\/daserberoms\/wp-content\/uploads\/2015\/12\/foto-2k.jpg&#8220; parallaxbg=&#8220;on&#8220; caption=&#8220;R\u00f6misches Rasiermesser&#8220; captionposition=&#8220;bottom-left&#8220; lightbox=&#8220;off&#8220; floater=&#8220;off&#8220; floaterposition=&#8220;left&#8220; floaterdirection=&#8220;none&#8220; overlay_revealfx=&#8220;off&#8220;]\n","protected":false},"excerpt":{"rendered":"<p>War es das Gillette des Germanicus? Keine Ahnung, ob der r\u00f6mische Feldherr Germanicus dieses Rasiermesser (oder wohl besser, Rasierschaber) benutzt hat. Weit verbreitet waren solche Gegenst\u00e4nde jedenfalls. Sch\u00f6n gestalteter Kopf, der wohl die mythologische Figur des Greifs darstellt, ein L\u00f6we mit dem Kopf eines Adlers. Replik nach Originalfund, ca. 70 Euro. Ein Klick auf das [&hellip;]<\/p>\n","protected":false},"author":1,"featured_media":10352,"comment_status":"open","ping_status":"open","sticky":false,"template":"","format":"standard","meta":{"footnotes":""},"categories":[16],"tags":[204],"class_list":["post-236","post","type-post","status-publish","format-standard","has-post-thumbnail","hentry","category-alle-beitraege","tag-rasiermesser"],"yoast_head":"<!-- This site is optimized with the Yoast SEO plugin v27.4 - https:\/\/yoast.com\/product\/yoast-seo-wordpress\/ -->\n<title>Gillette des Germanicus? - DasErbeRoms - alterBlog<\/title>\n<meta name=\"robots\" content=\"index, follow, max-snippet:-1, max-image-preview:large, max-video-preview:-1\" \/>\n<link rel=\"canonical\" href=\"https:\/\/naehrlich.de\/daserberoms\/2014\/03\/08\/gillette-des-germanicus\/\" \/>\n<meta property=\"og:locale\" content=\"de_DE\" \/>\n<meta property=\"og:type\" content=\"article\" \/>\n<meta property=\"og:title\" content=\"Gillette des Germanicus? - DasErbeRoms - alterBlog\" \/>\n<meta property=\"og:description\" content=\"War es das Gillette des Germanicus? Keine Ahnung, ob der r\u00f6mische Feldherr Germanicus dieses Rasiermesser (oder wohl besser, Rasierschaber) benutzt hat. Weit verbreitet waren solche Gegenst\u00e4nde jedenfalls. Sch\u00f6n gestalteter Kopf, der wohl die mythologische Figur des Greifs darstellt, ein L\u00f6we mit dem Kopf eines Adlers. Replik nach Originalfund, ca. 70 Euro. Ein Klick auf das [&hellip;]\" \/>\n<meta property=\"og:url\" content=\"https:\/\/naehrlich.de\/daserberoms\/2014\/03\/08\/gillette-des-germanicus\/\" \/>\n<meta property=\"og:site_name\" content=\"DasErbeRoms - alterBlog\" \/>\n<meta property=\"article:publisher\" content=\"http:\/\/www.facebook.com\/stefan.naehrlich\" \/>\n<meta property=\"article:published_time\" content=\"2014-03-08T09:00:08+00:00\" \/>\n<meta property=\"article:modified_time\" content=\"2018-08-19T04:29:11+00:00\" \/>\n<meta property=\"og:image\" content=\"https:\/\/naehrlich.de\/daserberoms\/wp-content\/uploads\/2014\/03\/rasiermesser.jpg\" \/>\n\t<meta property=\"og:image:width\" content=\"1840\" \/>\n\t<meta property=\"og:image:height\" content=\"840\" \/>\n\t<meta property=\"og:image:type\" content=\"image\/jpeg\" \/>\n<meta name=\"author\" content=\"Stefan N\u00e4hrlich\" \/>\n<meta name=\"twitter:card\" content=\"summary_large_image\" \/>\n<meta name=\"twitter:creator\" content=\"@DasErbeRoms\" \/>\n<meta name=\"twitter:site\" content=\"@DasErbeRoms\" \/>\n<meta name=\"twitter:label1\" content=\"Verfasst von\" \/>\n\t<meta name=\"twitter:data1\" content=\"Stefan N\u00e4hrlich\" \/>\n<script type=\"application\/ld+json\" class=\"yoast-schema-graph\">{\"@context\":\"https:\\\/\\\/schema.org\",\"@graph\":[{\"@type\":\"Article\",\"@id\":\"https:\\\/\\\/naehrlich.de\\\/daserberoms\\\/2014\\\/03\\\/08\\\/gillette-des-germanicus\\\/#article\",\"isPartOf\":{\"@id\":\"https:\\\/\\\/naehrlich.de\\\/daserberoms\\\/2014\\\/03\\\/08\\\/gillette-des-germanicus\\\/\"},\"author\":{\"name\":\"Stefan N\u00e4hrlich\",\"@id\":\"https:\\\/\\\/naehrlich.de\\\/daserberoms\\\/#\\\/schema\\\/person\\\/abf3183c35b9b7643636e6115f1354a7\"},\"headline\":\"Gillette des Germanicus?\",\"datePublished\":\"2014-03-08T09:00:08+00:00\",\"dateModified\":\"2018-08-19T04:29:11+00:00\",\"mainEntityOfPage\":{\"@id\":\"https:\\\/\\\/naehrlich.de\\\/daserberoms\\\/2014\\\/03\\\/08\\\/gillette-des-germanicus\\\/\"},\"wordCount\":96,\"commentCount\":0,\"image\":{\"@id\":\"https:\\\/\\\/naehrlich.de\\\/daserberoms\\\/2014\\\/03\\\/08\\\/gillette-des-germanicus\\\/#primaryimage\"},\"thumbnailUrl\":\"https:\\\/\\\/naehrlich.de\\\/daserberoms\\\/wp-content\\\/uploads\\\/2014\\\/03\\\/rasiermesser.jpg\",\"keywords\":[\"Rasiermesser\"],\"articleSection\":[\"Alle Beitr\u00e4ge\"],\"inLanguage\":\"de\",\"potentialAction\":[{\"@type\":\"CommentAction\",\"name\":\"Comment\",\"target\":[\"https:\\\/\\\/naehrlich.de\\\/daserberoms\\\/2014\\\/03\\\/08\\\/gillette-des-germanicus\\\/#respond\"]}]},{\"@type\":\"WebPage\",\"@id\":\"https:\\\/\\\/naehrlich.de\\\/daserberoms\\\/2014\\\/03\\\/08\\\/gillette-des-germanicus\\\/\",\"url\":\"https:\\\/\\\/naehrlich.de\\\/daserberoms\\\/2014\\\/03\\\/08\\\/gillette-des-germanicus\\\/\",\"name\":\"Gillette des Germanicus? - DasErbeRoms - alterBlog\",\"isPartOf\":{\"@id\":\"https:\\\/\\\/naehrlich.de\\\/daserberoms\\\/#website\"},\"primaryImageOfPage\":{\"@id\":\"https:\\\/\\\/naehrlich.de\\\/daserberoms\\\/2014\\\/03\\\/08\\\/gillette-des-germanicus\\\/#primaryimage\"},\"image\":{\"@id\":\"https:\\\/\\\/naehrlich.de\\\/daserberoms\\\/2014\\\/03\\\/08\\\/gillette-des-germanicus\\\/#primaryimage\"},\"thumbnailUrl\":\"https:\\\/\\\/naehrlich.de\\\/daserberoms\\\/wp-content\\\/uploads\\\/2014\\\/03\\\/rasiermesser.jpg\",\"datePublished\":\"2014-03-08T09:00:08+00:00\",\"dateModified\":\"2018-08-19T04:29:11+00:00\",\"author\":{\"@id\":\"https:\\\/\\\/naehrlich.de\\\/daserberoms\\\/#\\\/schema\\\/person\\\/abf3183c35b9b7643636e6115f1354a7\"},\"breadcrumb\":{\"@id\":\"https:\\\/\\\/naehrlich.de\\\/daserberoms\\\/2014\\\/03\\\/08\\\/gillette-des-germanicus\\\/#breadcrumb\"},\"inLanguage\":\"de\",\"potentialAction\":[{\"@type\":\"ReadAction\",\"target\":[\"https:\\\/\\\/naehrlich.de\\\/daserberoms\\\/2014\\\/03\\\/08\\\/gillette-des-germanicus\\\/\"]}]},{\"@type\":\"ImageObject\",\"inLanguage\":\"de\",\"@id\":\"https:\\\/\\\/naehrlich.de\\\/daserberoms\\\/2014\\\/03\\\/08\\\/gillette-des-germanicus\\\/#primaryimage\",\"url\":\"https:\\\/\\\/naehrlich.de\\\/daserberoms\\\/wp-content\\\/uploads\\\/2014\\\/03\\\/rasiermesser.jpg\",\"contentUrl\":\"https:\\\/\\\/naehrlich.de\\\/daserberoms\\\/wp-content\\\/uploads\\\/2014\\\/03\\\/rasiermesser.jpg\",\"width\":1840,\"height\":840,\"caption\":\"Replik eines r\u00f6mischen Rasiermessers mit Greifenkopf\"},{\"@type\":\"BreadcrumbList\",\"@id\":\"https:\\\/\\\/naehrlich.de\\\/daserberoms\\\/2014\\\/03\\\/08\\\/gillette-des-germanicus\\\/#breadcrumb\",\"itemListElement\":[{\"@type\":\"ListItem\",\"position\":1,\"name\":\"Startseite\",\"item\":\"https:\\\/\\\/naehrlich.de\\\/daserberoms\\\/\"},{\"@type\":\"ListItem\",\"position\":2,\"name\":\"Gillette des Germanicus?\"}]},{\"@type\":\"WebSite\",\"@id\":\"https:\\\/\\\/naehrlich.de\\\/daserberoms\\\/#website\",\"url\":\"https:\\\/\\\/naehrlich.de\\\/daserberoms\\\/\",\"name\":\"DasErbeRoms - alterBlog\",\"description\":\"Reisen auf den Spuren der alten R\u00f6mer. Von weltbekannt bis unbekannt. Fotos und Texte. Und ab und an einige Buch- und Filmbesprechungen und KI-Experimente.\",\"potentialAction\":[{\"@type\":\"SearchAction\",\"target\":{\"@type\":\"EntryPoint\",\"urlTemplate\":\"https:\\\/\\\/naehrlich.de\\\/daserberoms\\\/?s={search_term_string}\"},\"query-input\":{\"@type\":\"PropertyValueSpecification\",\"valueRequired\":true,\"valueName\":\"search_term_string\"}}],\"inLanguage\":\"de\"},{\"@type\":\"Person\",\"@id\":\"https:\\\/\\\/naehrlich.de\\\/daserberoms\\\/#\\\/schema\\\/person\\\/abf3183c35b9b7643636e6115f1354a7\",\"name\":\"Stefan N\u00e4hrlich\",\"image\":{\"@type\":\"ImageObject\",\"inLanguage\":\"de\",\"@id\":\"https:\\\/\\\/secure.gravatar.com\\\/avatar\\\/de332640be3ed6dfba043afc9f0cf67943fba3256852b07fe117cd6a456a29f8?s=96&d=mm&r=g\",\"url\":\"https:\\\/\\\/secure.gravatar.com\\\/avatar\\\/de332640be3ed6dfba043afc9f0cf67943fba3256852b07fe117cd6a456a29f8?s=96&d=mm&r=g\",\"contentUrl\":\"https:\\\/\\\/secure.gravatar.com\\\/avatar\\\/de332640be3ed6dfba043afc9f0cf67943fba3256852b07fe117cd6a456a29f8?s=96&d=mm&r=g\",\"caption\":\"Stefan N\u00e4hrlich\"},\"sameAs\":[\"http:\\\/\\\/www.daserberoms.de\"],\"url\":\"https:\\\/\\\/naehrlich.de\\\/daserberoms\\\/author\\\/stefan-naehrlich\\\/\"}]}<\/script>\n<!-- \/ Yoast SEO plugin. -->","yoast_head_json":{"title":"Gillette des Germanicus? - DasErbeRoms - alterBlog","robots":{"index":"index","follow":"follow","max-snippet":"max-snippet:-1","max-image-preview":"max-image-preview:large","max-video-preview":"max-video-preview:-1"},"canonical":"https:\/\/naehrlich.de\/daserberoms\/2014\/03\/08\/gillette-des-germanicus\/","og_locale":"de_DE","og_type":"article","og_title":"Gillette des Germanicus? - DasErbeRoms - alterBlog","og_description":"War es das Gillette des Germanicus? Keine Ahnung, ob der r\u00f6mische Feldherr Germanicus dieses Rasiermesser (oder wohl besser, Rasierschaber) benutzt hat. Weit verbreitet waren solche Gegenst\u00e4nde jedenfalls. Sch\u00f6n gestalteter Kopf, der wohl die mythologische Figur des Greifs darstellt, ein L\u00f6we mit dem Kopf eines Adlers. Replik nach Originalfund, ca. 70 Euro. Ein Klick auf das [&hellip;]","og_url":"https:\/\/naehrlich.de\/daserberoms\/2014\/03\/08\/gillette-des-germanicus\/","og_site_name":"DasErbeRoms - alterBlog","article_publisher":"http:\/\/www.facebook.com\/stefan.naehrlich","article_published_time":"2014-03-08T09:00:08+00:00","article_modified_time":"2018-08-19T04:29:11+00:00","og_image":[{"width":1840,"height":840,"url":"https:\/\/naehrlich.de\/daserberoms\/wp-content\/uploads\/2014\/03\/rasiermesser.jpg","type":"image\/jpeg"}],"author":"Stefan N\u00e4hrlich","twitter_card":"summary_large_image","twitter_creator":"@DasErbeRoms","twitter_site":"@DasErbeRoms","twitter_misc":{"Verfasst von":"Stefan N\u00e4hrlich"},"schema":{"@context":"https:\/\/schema.org","@graph":[{"@type":"Article","@id":"https:\/\/naehrlich.de\/daserberoms\/2014\/03\/08\/gillette-des-germanicus\/#article","isPartOf":{"@id":"https:\/\/naehrlich.de\/daserberoms\/2014\/03\/08\/gillette-des-germanicus\/"},"author":{"name":"Stefan N\u00e4hrlich","@id":"https:\/\/naehrlich.de\/daserberoms\/#\/schema\/person\/abf3183c35b9b7643636e6115f1354a7"},"headline":"Gillette des Germanicus?","datePublished":"2014-03-08T09:00:08+00:00","dateModified":"2018-08-19T04:29:11+00:00","mainEntityOfPage":{"@id":"https:\/\/naehrlich.de\/daserberoms\/2014\/03\/08\/gillette-des-germanicus\/"},"wordCount":96,"commentCount":0,"image":{"@id":"https:\/\/naehrlich.de\/daserberoms\/2014\/03\/08\/gillette-des-germanicus\/#primaryimage"},"thumbnailUrl":"https:\/\/naehrlich.de\/daserberoms\/wp-content\/uploads\/2014\/03\/rasiermesser.jpg","keywords":["Rasiermesser"],"articleSection":["Alle Beitr\u00e4ge"],"inLanguage":"de","potentialAction":[{"@type":"CommentAction","name":"Comment","target":["https:\/\/naehrlich.de\/daserberoms\/2014\/03\/08\/gillette-des-germanicus\/#respond"]}]},{"@type":"WebPage","@id":"https:\/\/naehrlich.de\/daserberoms\/2014\/03\/08\/gillette-des-germanicus\/","url":"https:\/\/naehrlich.de\/daserberoms\/2014\/03\/08\/gillette-des-germanicus\/","name":"Gillette des Germanicus? - DasErbeRoms - alterBlog","isPartOf":{"@id":"https:\/\/naehrlich.de\/daserberoms\/#website"},"primaryImageOfPage":{"@id":"https:\/\/naehrlich.de\/daserberoms\/2014\/03\/08\/gillette-des-germanicus\/#primaryimage"},"image":{"@id":"https:\/\/naehrlich.de\/daserberoms\/2014\/03\/08\/gillette-des-germanicus\/#primaryimage"},"thumbnailUrl":"https:\/\/naehrlich.de\/daserberoms\/wp-content\/uploads\/2014\/03\/rasiermesser.jpg","datePublished":"2014-03-08T09:00:08+00:00","dateModified":"2018-08-19T04:29:11+00:00","author":{"@id":"https:\/\/naehrlich.de\/daserberoms\/#\/schema\/person\/abf3183c35b9b7643636e6115f1354a7"},"breadcrumb":{"@id":"https:\/\/naehrlich.de\/daserberoms\/2014\/03\/08\/gillette-des-germanicus\/#breadcrumb"},"inLanguage":"de","potentialAction":[{"@type":"ReadAction","target":["https:\/\/naehrlich.de\/daserberoms\/2014\/03\/08\/gillette-des-germanicus\/"]}]},{"@type":"ImageObject","inLanguage":"de","@id":"https:\/\/naehrlich.de\/daserberoms\/2014\/03\/08\/gillette-des-germanicus\/#primaryimage","url":"https:\/\/naehrlich.de\/daserberoms\/wp-content\/uploads\/2014\/03\/rasiermesser.jpg","contentUrl":"https:\/\/naehrlich.de\/daserberoms\/wp-content\/uploads\/2014\/03\/rasiermesser.jpg","width":1840,"height":840,"caption":"Replik eines r\u00f6mischen Rasiermessers mit Greifenkopf"},{"@type":"BreadcrumbList","@id":"https:\/\/naehrlich.de\/daserberoms\/2014\/03\/08\/gillette-des-germanicus\/#breadcrumb","itemListElement":[{"@type":"ListItem","position":1,"name":"Startseite","item":"https:\/\/naehrlich.de\/daserberoms\/"},{"@type":"ListItem","position":2,"name":"Gillette des Germanicus?"}]},{"@type":"WebSite","@id":"https:\/\/naehrlich.de\/daserberoms\/#website","url":"https:\/\/naehrlich.de\/daserberoms\/","name":"DasErbeRoms - alterBlog","description":"Reisen auf den Spuren der alten R\u00f6mer. Von weltbekannt bis unbekannt. Fotos und Texte. Und ab und an einige Buch- und Filmbesprechungen und KI-Experimente.","potentialAction":[{"@type":"SearchAction","target":{"@type":"EntryPoint","urlTemplate":"https:\/\/naehrlich.de\/daserberoms\/?s={search_term_string}"},"query-input":{"@type":"PropertyValueSpecification","valueRequired":true,"valueName":"search_term_string"}}],"inLanguage":"de"},{"@type":"Person","@id":"https:\/\/naehrlich.de\/daserberoms\/#\/schema\/person\/abf3183c35b9b7643636e6115f1354a7","name":"Stefan N\u00e4hrlich","image":{"@type":"ImageObject","inLanguage":"de","@id":"https:\/\/secure.gravatar.com\/avatar\/de332640be3ed6dfba043afc9f0cf67943fba3256852b07fe117cd6a456a29f8?s=96&d=mm&r=g","url":"https:\/\/secure.gravatar.com\/avatar\/de332640be3ed6dfba043afc9f0cf67943fba3256852b07fe117cd6a456a29f8?s=96&d=mm&r=g","contentUrl":"https:\/\/secure.gravatar.com\/avatar\/de332640be3ed6dfba043afc9f0cf67943fba3256852b07fe117cd6a456a29f8?s=96&d=mm&r=g","caption":"Stefan N\u00e4hrlich"},"sameAs":["http:\/\/www.daserberoms.de"],"url":"https:\/\/naehrlich.de\/daserberoms\/author\/stefan-naehrlich\/"}]}},"_links":{"self":[{"href":"https:\/\/naehrlich.de\/daserberoms\/wp-json\/wp\/v2\/posts\/236","targetHints":{"allow":["GET"]}}],"collection":[{"href":"https:\/\/naehrlich.de\/daserberoms\/wp-json\/wp\/v2\/posts"}],"about":[{"href":"https:\/\/naehrlich.de\/daserberoms\/wp-json\/wp\/v2\/types\/post"}],"author":[{"embeddable":true,"href":"https:\/\/naehrlich.de\/daserberoms\/wp-json\/wp\/v2\/users\/1"}],"replies":[{"embeddable":true,"href":"https:\/\/naehrlich.de\/daserberoms\/wp-json\/wp\/v2\/comments?post=236"}],"version-history":[{"count":3,"href":"https:\/\/naehrlich.de\/daserberoms\/wp-json\/wp\/v2\/posts\/236\/revisions"}],"predecessor-version":[{"id":10353,"href":"https:\/\/naehrlich.de\/daserberoms\/wp-json\/wp\/v2\/posts\/236\/revisions\/10353"}],"wp:featuredmedia":[{"embeddable":true,"href":"https:\/\/naehrlich.de\/daserberoms\/wp-json\/wp\/v2\/media\/10352"}],"wp:attachment":[{"href":"https:\/\/naehrlich.de\/daserberoms\/wp-json\/wp\/v2\/media?parent=236"}],"wp:term":[{"taxonomy":"category","embeddable":true,"href":"https:\/\/naehrlich.de\/daserberoms\/wp-json\/wp\/v2\/categories?post=236"},{"taxonomy":"post_tag","embeddable":true,"href":"https:\/\/naehrlich.de\/daserberoms\/wp-json\/wp\/v2\/tags?post=236"}],"curies":[{"name":"wp","href":"https:\/\/api.w.org\/{rel}","templated":true}]}}