{"id":24457,"date":"2023-05-07T08:11:00","date_gmt":"2023-05-07T06:11:00","guid":{"rendered":"https:\/\/naehrlich.de\/daserberoms\/?p=24457"},"modified":"2023-05-07T09:04:38","modified_gmt":"2023-05-07T07:04:38","slug":"ich-canova-europaeisches-genie","status":"publish","type":"post","link":"https:\/\/naehrlich.de\/daserberoms\/2023\/05\/07\/ich-canova-europaeisches-genie\/","title":{"rendered":"Ich, Canova. Europ\u00e4isches Genie"},"content":{"rendered":"\n<p class=\"lead dropcap\">Von seinen Zeitgenossen als der gr\u00f6\u00dfte lebende K\u00fcnstler angesehen, wurde&nbsp;<em>Antonio Canova<\/em>&nbsp;als der Bildhauer gefeiert, der mit seinen Werken wieder zur Kunstfertigkeit der antiken Statuen aufschloss.&nbsp;Zu seinem 200. Todestag widmete das st\u00e4dtische Museum von Bassano del Grappa ihm die Ausstellung <em>Ich, Canova Europ\u00e4isches Genie<\/em>, die im M\u00e4rz zu Ende ging.<\/p>\n\n\n\n<p>Die Ausstellung pr\u00e4sentierte etwa 140 Werke, darunter Skulpturen, Gem\u00e4lde, Zeichnungen und B\u00fccher, von denen einige zum ersten Mal der \u00d6ffentlichkeit pr\u00e4sentiert wurden. Die Schau <em>Ich, Canova. Europ\u00e4isches Genie<\/em> ist in die drei Bereiche <em>Mensch und K\u00fcnstler<\/em>, <em>Canova und Europa<\/em> und <em>Canova in der Geschichte<\/em> gegliedert. Sie zeigt Werke aus Gips und Marmor wie die B\u00fcste der <em>Helena von Troja<\/em> oder die B\u00fcste der <em>Muse Kalliope<\/em>, Skulpturen wie die <em>Liegende Magdalena<\/em>, <em>Venus und Mars<\/em> oder die <em>Laokoon-Gruppe<\/em>.<\/p>\n\n\n\n\n\n\n\n\n\n<p>Das letzte gro\u00dfe Meisterwerk von Antonio Canova, dass er kurz vor seinem Tod 1822 fertig stellte, wird in der Ausstellung in Bassano zum ersten Mal der \u00d6ffentlichkeit pr\u00e4sentiert. Das Wissen, von wem die <em>Liegende Magdalena<\/em> stammt, ging nach dem Tod ihres Auftragsgebers Lord Liverpool im Jahr 1826 irgendwann in den folgenden Jahrzehnten verloren. Erst in den letzten 20 Jahren konnte der aktuelle Besitzer die wahre Identit\u00e4t der Skulptur kl\u00e4ren. Aus seiner privaten Sammlung kam die Skulptur jetzt nach Norditalien. Davor stand die <em>Liegende Magdalena<\/em> sechzig Jahre in einem englischen Garten als Dekorationsobjekt. Die Skulptur stellt Maria Magdalena in einem Zustand religi\u00f6ser Verz\u00fcckung dar und wurde seinerzeit von dem britischen Dichter Thomas Moore als Perfektion gepriesen. Das Auktionshaus Christie&#8217;s hatte den Wert der Skulptur auf bis zu 9 Millionen Euro gesch\u00e4tzt.<\/p>\n\n\n\n\n\n\n\n<p>Nicht nur f\u00fcr die Ausstellung <em>Ich, Canova Europ\u00e4isches Genie<\/em> war ich in Norditalien. Nur etwa zwanzig Kilometer von Bassano del Grappa entfernt liegt der Geburtsort von Canova, <a href=\"https:\/\/naehrlich.de\/daserberoms\/2023\/04\/09\/gypsotheca-antonio-canova-possagno\">Possagno<\/a>, mit dem Canova-Museum und dem Tempel mit seiner Grabst\u00e4tte.<\/p>\n\n\n\n\n\n<p>Die <a href=\"https:\/\/www.museibassano.it\/en\" target=\"_blank\" rel=\"noreferrer noopener\">Webseite<\/a> des St\u00e4dtischen Museums von Bassano del Grappa und auf <a href=\"https:\/\/goo.gl\/maps\/Aqu58caRospaQgcb7\" target=\"_blank\" rel=\"noreferrer noopener\">Google-Maps<\/a>. Die Stadt am Fu\u00dfe des Monte Grappa ist von Venedig in ein bis eineinhalb Stunden mit dem Zug zu erreichen.<\/p>\n","protected":false},"excerpt":{"rendered":"<p>Von seinen Zeitgenossen als der gr\u00f6\u00dfte lebende K\u00fcnstler angesehen, wurde&nbsp;Antonio Canova&nbsp;als der Bildhauer gefeiert, der mit seinen Werken wieder zur Kunstfertigkeit der antiken Statuen aufschloss.&nbsp;Zu seinem 200. Todestag widmete das st\u00e4dtische Museum von Bassano del Grappa ihm die Ausstellung Ich, Canova Europ\u00e4isches Genie, die im M\u00e4rz zu Ende ging. Die Ausstellung pr\u00e4sentierte etwa 140 Werke, [&hellip;]<\/p>\n","protected":false},"author":1,"featured_media":24469,"comment_status":"open","ping_status":"open","sticky":false,"template":"","format":"standard","meta":{"footnotes":""},"categories":[16,984,987],"tags":[67,994,922,995,384,599,930,229,858],"class_list":["post-24457","post","type-post","status-publish","format-standard","has-post-thumbnail","hentry","category-alle-beitraege","category-bildhauerei","category-klassizismus-bildhauerei","tag-busten","tag-helena-von-troja","tag-laokoon-gruppe","tag-liegende-magdalena","tag-mars","tag-muse","tag-perseus","tag-statuen","tag-venus"],"yoast_head":"<!-- This site is optimized with the Yoast SEO plugin v27.4 - https:\/\/yoast.com\/product\/yoast-seo-wordpress\/ -->\n<title>Ich, Canova. Europ\u00e4isches Genie - DasErbeRoms - alterBlog<\/title>\n<meta name=\"description\" content=\"Ich, Canova. Europ\u00e4isches Genie hei\u00dft die Ausstellung im Museen von Bassano del Grappa zum 200. Todestag von Antonio Canova.\" \/>\n<meta name=\"robots\" content=\"index, follow, max-snippet:-1, max-image-preview:large, max-video-preview:-1\" \/>\n<link rel=\"canonical\" href=\"https:\/\/naehrlich.de\/daserberoms\/2023\/05\/07\/ich-canova-europaeisches-genie\/\" \/>\n<meta property=\"og:locale\" content=\"de_DE\" \/>\n<meta property=\"og:type\" content=\"article\" \/>\n<meta property=\"og:title\" content=\"Ich, Canova. Europ\u00e4isches Genie - DasErbeRoms - alterBlog\" \/>\n<meta property=\"og:description\" content=\"Ich, Canova. Europ\u00e4isches Genie hei\u00dft die Ausstellung im Museen von Bassano del Grappa zum 200. Todestag von Antonio Canova.\" \/>\n<meta property=\"og:url\" content=\"https:\/\/naehrlich.de\/daserberoms\/2023\/05\/07\/ich-canova-europaeisches-genie\/\" \/>\n<meta property=\"og:site_name\" content=\"DasErbeRoms - alterBlog\" \/>\n<meta property=\"article:publisher\" content=\"http:\/\/www.facebook.com\/stefan.naehrlich\" \/>\n<meta property=\"article:published_time\" content=\"2023-05-07T06:11:00+00:00\" \/>\n<meta property=\"article:modified_time\" content=\"2023-05-07T07:04:38+00:00\" \/>\n<meta property=\"og:image\" content=\"https:\/\/naehrlich.de\/daserberoms\/wp-content\/uploads\/2023\/04\/ichcanovaeuropaeischesgenie.png\" \/>\n\t<meta property=\"og:image:width\" content=\"1800\" \/>\n\t<meta property=\"og:image:height\" content=\"800\" \/>\n\t<meta property=\"og:image:type\" content=\"image\/png\" \/>\n<meta name=\"author\" content=\"Stefan N\u00e4hrlich\" \/>\n<meta name=\"twitter:card\" content=\"summary_large_image\" \/>\n<meta name=\"twitter:creator\" content=\"@DasErbeRoms\" \/>\n<meta name=\"twitter:site\" content=\"@DasErbeRoms\" \/>\n<meta name=\"twitter:label1\" content=\"Verfasst von\" \/>\n\t<meta name=\"twitter:data1\" content=\"Stefan N\u00e4hrlich\" \/>\n\t<meta name=\"twitter:label2\" content=\"Gesch\u00e4tzte Lesezeit\" \/>\n\t<meta name=\"twitter:data2\" content=\"2\u00a0Minuten\" \/>\n<script type=\"application\/ld+json\" class=\"yoast-schema-graph\">{\"@context\":\"https:\\\/\\\/schema.org\",\"@graph\":[{\"@type\":\"Article\",\"@id\":\"https:\\\/\\\/naehrlich.de\\\/daserberoms\\\/2023\\\/05\\\/07\\\/ich-canova-europaeisches-genie\\\/#article\",\"isPartOf\":{\"@id\":\"https:\\\/\\\/naehrlich.de\\\/daserberoms\\\/2023\\\/05\\\/07\\\/ich-canova-europaeisches-genie\\\/\"},\"author\":{\"name\":\"Stefan N\u00e4hrlich\",\"@id\":\"https:\\\/\\\/naehrlich.de\\\/daserberoms\\\/#\\\/schema\\\/person\\\/abf3183c35b9b7643636e6115f1354a7\"},\"headline\":\"Ich, Canova. Europ\u00e4isches Genie\",\"datePublished\":\"2023-05-07T06:11:00+00:00\",\"dateModified\":\"2023-05-07T07:04:38+00:00\",\"mainEntityOfPage\":{\"@id\":\"https:\\\/\\\/naehrlich.de\\\/daserberoms\\\/2023\\\/05\\\/07\\\/ich-canova-europaeisches-genie\\\/\"},\"wordCount\":355,\"commentCount\":0,\"image\":{\"@id\":\"https:\\\/\\\/naehrlich.de\\\/daserberoms\\\/2023\\\/05\\\/07\\\/ich-canova-europaeisches-genie\\\/#primaryimage\"},\"thumbnailUrl\":\"https:\\\/\\\/naehrlich.de\\\/daserberoms\\\/wp-content\\\/uploads\\\/2023\\\/04\\\/ichcanovaeuropaeischesgenie.png\",\"keywords\":[\"B\u00fcsten\",\"Helena von Troja\",\"Laokoon-Gruppe\",\"Liegende Magdalena\",\"Mars\",\"Muse\",\"Perseus\",\"Statuen\",\"Venus\"],\"articleSection\":[\"Alle Beitr\u00e4ge\",\"Bildhauerei\",\"Klassizismus\"],\"inLanguage\":\"de\",\"potentialAction\":[{\"@type\":\"CommentAction\",\"name\":\"Comment\",\"target\":[\"https:\\\/\\\/naehrlich.de\\\/daserberoms\\\/2023\\\/05\\\/07\\\/ich-canova-europaeisches-genie\\\/#respond\"]}]},{\"@type\":\"WebPage\",\"@id\":\"https:\\\/\\\/naehrlich.de\\\/daserberoms\\\/2023\\\/05\\\/07\\\/ich-canova-europaeisches-genie\\\/\",\"url\":\"https:\\\/\\\/naehrlich.de\\\/daserberoms\\\/2023\\\/05\\\/07\\\/ich-canova-europaeisches-genie\\\/\",\"name\":\"Ich, Canova. Europ\u00e4isches Genie - DasErbeRoms - alterBlog\",\"isPartOf\":{\"@id\":\"https:\\\/\\\/naehrlich.de\\\/daserberoms\\\/#website\"},\"primaryImageOfPage\":{\"@id\":\"https:\\\/\\\/naehrlich.de\\\/daserberoms\\\/2023\\\/05\\\/07\\\/ich-canova-europaeisches-genie\\\/#primaryimage\"},\"image\":{\"@id\":\"https:\\\/\\\/naehrlich.de\\\/daserberoms\\\/2023\\\/05\\\/07\\\/ich-canova-europaeisches-genie\\\/#primaryimage\"},\"thumbnailUrl\":\"https:\\\/\\\/naehrlich.de\\\/daserberoms\\\/wp-content\\\/uploads\\\/2023\\\/04\\\/ichcanovaeuropaeischesgenie.png\",\"datePublished\":\"2023-05-07T06:11:00+00:00\",\"dateModified\":\"2023-05-07T07:04:38+00:00\",\"author\":{\"@id\":\"https:\\\/\\\/naehrlich.de\\\/daserberoms\\\/#\\\/schema\\\/person\\\/abf3183c35b9b7643636e6115f1354a7\"},\"description\":\"Ich, Canova. Europ\u00e4isches Genie hei\u00dft die Ausstellung im Museen von Bassano del Grappa zum 200. Todestag von Antonio Canova.\",\"breadcrumb\":{\"@id\":\"https:\\\/\\\/naehrlich.de\\\/daserberoms\\\/2023\\\/05\\\/07\\\/ich-canova-europaeisches-genie\\\/#breadcrumb\"},\"inLanguage\":\"de\",\"potentialAction\":[{\"@type\":\"ReadAction\",\"target\":[\"https:\\\/\\\/naehrlich.de\\\/daserberoms\\\/2023\\\/05\\\/07\\\/ich-canova-europaeisches-genie\\\/\"]}]},{\"@type\":\"ImageObject\",\"inLanguage\":\"de\",\"@id\":\"https:\\\/\\\/naehrlich.de\\\/daserberoms\\\/2023\\\/05\\\/07\\\/ich-canova-europaeisches-genie\\\/#primaryimage\",\"url\":\"https:\\\/\\\/naehrlich.de\\\/daserberoms\\\/wp-content\\\/uploads\\\/2023\\\/04\\\/ichcanovaeuropaeischesgenie.png\",\"contentUrl\":\"https:\\\/\\\/naehrlich.de\\\/daserberoms\\\/wp-content\\\/uploads\\\/2023\\\/04\\\/ichcanovaeuropaeischesgenie.png\",\"width\":1800,\"height\":800},{\"@type\":\"BreadcrumbList\",\"@id\":\"https:\\\/\\\/naehrlich.de\\\/daserberoms\\\/2023\\\/05\\\/07\\\/ich-canova-europaeisches-genie\\\/#breadcrumb\",\"itemListElement\":[{\"@type\":\"ListItem\",\"position\":1,\"name\":\"Startseite\",\"item\":\"https:\\\/\\\/naehrlich.de\\\/daserberoms\\\/\"},{\"@type\":\"ListItem\",\"position\":2,\"name\":\"Ich, Canova. Europ\u00e4isches Genie\"}]},{\"@type\":\"WebSite\",\"@id\":\"https:\\\/\\\/naehrlich.de\\\/daserberoms\\\/#website\",\"url\":\"https:\\\/\\\/naehrlich.de\\\/daserberoms\\\/\",\"name\":\"DasErbeRoms - alterBlog\",\"description\":\"Reisen auf den Spuren der alten R\u00f6mer. Von weltbekannt bis unbekannt. Fotos und Texte. Und ab und an einige Buch- und Filmbesprechungen und KI-Experimente.\",\"potentialAction\":[{\"@type\":\"SearchAction\",\"target\":{\"@type\":\"EntryPoint\",\"urlTemplate\":\"https:\\\/\\\/naehrlich.de\\\/daserberoms\\\/?s={search_term_string}\"},\"query-input\":{\"@type\":\"PropertyValueSpecification\",\"valueRequired\":true,\"valueName\":\"search_term_string\"}}],\"inLanguage\":\"de\"},{\"@type\":\"Person\",\"@id\":\"https:\\\/\\\/naehrlich.de\\\/daserberoms\\\/#\\\/schema\\\/person\\\/abf3183c35b9b7643636e6115f1354a7\",\"name\":\"Stefan N\u00e4hrlich\",\"image\":{\"@type\":\"ImageObject\",\"inLanguage\":\"de\",\"@id\":\"https:\\\/\\\/secure.gravatar.com\\\/avatar\\\/de332640be3ed6dfba043afc9f0cf67943fba3256852b07fe117cd6a456a29f8?s=96&d=mm&r=g\",\"url\":\"https:\\\/\\\/secure.gravatar.com\\\/avatar\\\/de332640be3ed6dfba043afc9f0cf67943fba3256852b07fe117cd6a456a29f8?s=96&d=mm&r=g\",\"contentUrl\":\"https:\\\/\\\/secure.gravatar.com\\\/avatar\\\/de332640be3ed6dfba043afc9f0cf67943fba3256852b07fe117cd6a456a29f8?s=96&d=mm&r=g\",\"caption\":\"Stefan N\u00e4hrlich\"},\"sameAs\":[\"http:\\\/\\\/www.daserberoms.de\"],\"url\":\"https:\\\/\\\/naehrlich.de\\\/daserberoms\\\/author\\\/stefan-naehrlich\\\/\"}]}<\/script>\n<!-- \/ Yoast SEO plugin. -->","yoast_head_json":{"title":"Ich, Canova. Europ\u00e4isches Genie - DasErbeRoms - alterBlog","description":"Ich, Canova. Europ\u00e4isches Genie hei\u00dft die Ausstellung im Museen von Bassano del Grappa zum 200. Todestag von Antonio Canova.","robots":{"index":"index","follow":"follow","max-snippet":"max-snippet:-1","max-image-preview":"max-image-preview:large","max-video-preview":"max-video-preview:-1"},"canonical":"https:\/\/naehrlich.de\/daserberoms\/2023\/05\/07\/ich-canova-europaeisches-genie\/","og_locale":"de_DE","og_type":"article","og_title":"Ich, Canova. Europ\u00e4isches Genie - DasErbeRoms - alterBlog","og_description":"Ich, Canova. Europ\u00e4isches Genie hei\u00dft die Ausstellung im Museen von Bassano del Grappa zum 200. Todestag von Antonio Canova.","og_url":"https:\/\/naehrlich.de\/daserberoms\/2023\/05\/07\/ich-canova-europaeisches-genie\/","og_site_name":"DasErbeRoms - alterBlog","article_publisher":"http:\/\/www.facebook.com\/stefan.naehrlich","article_published_time":"2023-05-07T06:11:00+00:00","article_modified_time":"2023-05-07T07:04:38+00:00","og_image":[{"width":1800,"height":800,"url":"https:\/\/naehrlich.de\/daserberoms\/wp-content\/uploads\/2023\/04\/ichcanovaeuropaeischesgenie.png","type":"image\/png"}],"author":"Stefan N\u00e4hrlich","twitter_card":"summary_large_image","twitter_creator":"@DasErbeRoms","twitter_site":"@DasErbeRoms","twitter_misc":{"Verfasst von":"Stefan N\u00e4hrlich","Gesch\u00e4tzte Lesezeit":"2\u00a0Minuten"},"schema":{"@context":"https:\/\/schema.org","@graph":[{"@type":"Article","@id":"https:\/\/naehrlich.de\/daserberoms\/2023\/05\/07\/ich-canova-europaeisches-genie\/#article","isPartOf":{"@id":"https:\/\/naehrlich.de\/daserberoms\/2023\/05\/07\/ich-canova-europaeisches-genie\/"},"author":{"name":"Stefan N\u00e4hrlich","@id":"https:\/\/naehrlich.de\/daserberoms\/#\/schema\/person\/abf3183c35b9b7643636e6115f1354a7"},"headline":"Ich, Canova. Europ\u00e4isches Genie","datePublished":"2023-05-07T06:11:00+00:00","dateModified":"2023-05-07T07:04:38+00:00","mainEntityOfPage":{"@id":"https:\/\/naehrlich.de\/daserberoms\/2023\/05\/07\/ich-canova-europaeisches-genie\/"},"wordCount":355,"commentCount":0,"image":{"@id":"https:\/\/naehrlich.de\/daserberoms\/2023\/05\/07\/ich-canova-europaeisches-genie\/#primaryimage"},"thumbnailUrl":"https:\/\/naehrlich.de\/daserberoms\/wp-content\/uploads\/2023\/04\/ichcanovaeuropaeischesgenie.png","keywords":["B\u00fcsten","Helena von Troja","Laokoon-Gruppe","Liegende Magdalena","Mars","Muse","Perseus","Statuen","Venus"],"articleSection":["Alle Beitr\u00e4ge","Bildhauerei","Klassizismus"],"inLanguage":"de","potentialAction":[{"@type":"CommentAction","name":"Comment","target":["https:\/\/naehrlich.de\/daserberoms\/2023\/05\/07\/ich-canova-europaeisches-genie\/#respond"]}]},{"@type":"WebPage","@id":"https:\/\/naehrlich.de\/daserberoms\/2023\/05\/07\/ich-canova-europaeisches-genie\/","url":"https:\/\/naehrlich.de\/daserberoms\/2023\/05\/07\/ich-canova-europaeisches-genie\/","name":"Ich, Canova. Europ\u00e4isches Genie - DasErbeRoms - alterBlog","isPartOf":{"@id":"https:\/\/naehrlich.de\/daserberoms\/#website"},"primaryImageOfPage":{"@id":"https:\/\/naehrlich.de\/daserberoms\/2023\/05\/07\/ich-canova-europaeisches-genie\/#primaryimage"},"image":{"@id":"https:\/\/naehrlich.de\/daserberoms\/2023\/05\/07\/ich-canova-europaeisches-genie\/#primaryimage"},"thumbnailUrl":"https:\/\/naehrlich.de\/daserberoms\/wp-content\/uploads\/2023\/04\/ichcanovaeuropaeischesgenie.png","datePublished":"2023-05-07T06:11:00+00:00","dateModified":"2023-05-07T07:04:38+00:00","author":{"@id":"https:\/\/naehrlich.de\/daserberoms\/#\/schema\/person\/abf3183c35b9b7643636e6115f1354a7"},"description":"Ich, Canova. Europ\u00e4isches Genie hei\u00dft die Ausstellung im Museen von Bassano del Grappa zum 200. Todestag von Antonio Canova.","breadcrumb":{"@id":"https:\/\/naehrlich.de\/daserberoms\/2023\/05\/07\/ich-canova-europaeisches-genie\/#breadcrumb"},"inLanguage":"de","potentialAction":[{"@type":"ReadAction","target":["https:\/\/naehrlich.de\/daserberoms\/2023\/05\/07\/ich-canova-europaeisches-genie\/"]}]},{"@type":"ImageObject","inLanguage":"de","@id":"https:\/\/naehrlich.de\/daserberoms\/2023\/05\/07\/ich-canova-europaeisches-genie\/#primaryimage","url":"https:\/\/naehrlich.de\/daserberoms\/wp-content\/uploads\/2023\/04\/ichcanovaeuropaeischesgenie.png","contentUrl":"https:\/\/naehrlich.de\/daserberoms\/wp-content\/uploads\/2023\/04\/ichcanovaeuropaeischesgenie.png","width":1800,"height":800},{"@type":"BreadcrumbList","@id":"https:\/\/naehrlich.de\/daserberoms\/2023\/05\/07\/ich-canova-europaeisches-genie\/#breadcrumb","itemListElement":[{"@type":"ListItem","position":1,"name":"Startseite","item":"https:\/\/naehrlich.de\/daserberoms\/"},{"@type":"ListItem","position":2,"name":"Ich, Canova. Europ\u00e4isches Genie"}]},{"@type":"WebSite","@id":"https:\/\/naehrlich.de\/daserberoms\/#website","url":"https:\/\/naehrlich.de\/daserberoms\/","name":"DasErbeRoms - alterBlog","description":"Reisen auf den Spuren der alten R\u00f6mer. Von weltbekannt bis unbekannt. Fotos und Texte. Und ab und an einige Buch- und Filmbesprechungen und KI-Experimente.","potentialAction":[{"@type":"SearchAction","target":{"@type":"EntryPoint","urlTemplate":"https:\/\/naehrlich.de\/daserberoms\/?s={search_term_string}"},"query-input":{"@type":"PropertyValueSpecification","valueRequired":true,"valueName":"search_term_string"}}],"inLanguage":"de"},{"@type":"Person","@id":"https:\/\/naehrlich.de\/daserberoms\/#\/schema\/person\/abf3183c35b9b7643636e6115f1354a7","name":"Stefan N\u00e4hrlich","image":{"@type":"ImageObject","inLanguage":"de","@id":"https:\/\/secure.gravatar.com\/avatar\/de332640be3ed6dfba043afc9f0cf67943fba3256852b07fe117cd6a456a29f8?s=96&d=mm&r=g","url":"https:\/\/secure.gravatar.com\/avatar\/de332640be3ed6dfba043afc9f0cf67943fba3256852b07fe117cd6a456a29f8?s=96&d=mm&r=g","contentUrl":"https:\/\/secure.gravatar.com\/avatar\/de332640be3ed6dfba043afc9f0cf67943fba3256852b07fe117cd6a456a29f8?s=96&d=mm&r=g","caption":"Stefan N\u00e4hrlich"},"sameAs":["http:\/\/www.daserberoms.de"],"url":"https:\/\/naehrlich.de\/daserberoms\/author\/stefan-naehrlich\/"}]}},"_links":{"self":[{"href":"https:\/\/naehrlich.de\/daserberoms\/wp-json\/wp\/v2\/posts\/24457","targetHints":{"allow":["GET"]}}],"collection":[{"href":"https:\/\/naehrlich.de\/daserberoms\/wp-json\/wp\/v2\/posts"}],"about":[{"href":"https:\/\/naehrlich.de\/daserberoms\/wp-json\/wp\/v2\/types\/post"}],"author":[{"embeddable":true,"href":"https:\/\/naehrlich.de\/daserberoms\/wp-json\/wp\/v2\/users\/1"}],"replies":[{"embeddable":true,"href":"https:\/\/naehrlich.de\/daserberoms\/wp-json\/wp\/v2\/comments?post=24457"}],"version-history":[{"count":53,"href":"https:\/\/naehrlich.de\/daserberoms\/wp-json\/wp\/v2\/posts\/24457\/revisions"}],"predecessor-version":[{"id":24744,"href":"https:\/\/naehrlich.de\/daserberoms\/wp-json\/wp\/v2\/posts\/24457\/revisions\/24744"}],"wp:featuredmedia":[{"embeddable":true,"href":"https:\/\/naehrlich.de\/daserberoms\/wp-json\/wp\/v2\/media\/24469"}],"wp:attachment":[{"href":"https:\/\/naehrlich.de\/daserberoms\/wp-json\/wp\/v2\/media?parent=24457"}],"wp:term":[{"taxonomy":"category","embeddable":true,"href":"https:\/\/naehrlich.de\/daserberoms\/wp-json\/wp\/v2\/categories?post=24457"},{"taxonomy":"post_tag","embeddable":true,"href":"https:\/\/naehrlich.de\/daserberoms\/wp-json\/wp\/v2\/tags?post=24457"}],"curies":[{"name":"wp","href":"https:\/\/api.w.org\/{rel}","templated":true}]}}