{"id":25792,"date":"2023-08-27T08:19:00","date_gmt":"2023-08-27T06:19:00","guid":{"rendered":"https:\/\/naehrlich.de\/daserberoms\/?p=25792"},"modified":"2023-08-26T04:02:02","modified_gmt":"2023-08-26T02:02:02","slug":"kelten-kaiser-und-klappmesser-das-roemische-avenches","status":"publish","type":"post","link":"https:\/\/naehrlich.de\/daserberoms\/2023\/08\/27\/kelten-kaiser-und-klappmesser-das-roemische-avenches\/","title":{"rendered":"Kelten, Kaiser und Klappmesser: Das r\u00f6mische Avenches"},"content":{"rendered":"\n<p class=\"lead dropcap\">Aventicum war die Hauptstadt der r\u00f6mischen Schweiz. Im Museum kann man die Mutter aller Schweizer Taschenmesser bestaunen und beim Spaziergang durch das r\u00f6mische Avenches die einstige Pracht der antiken Stadt erahnen.<\/p>\n\n\n\n<p>Um 15 v. Chr. gliederten die R\u00f6mer das Gebiet der helvetischen Kelten, das sich vom Genfersee bis zum Bodensee erstreckte, in ihr Imperium ein. Das antike <em>Aventicum<\/em> wurde die Hauptstadt und unter dem r\u00f6mischen Kaiser <em>Vespasian<\/em> im ersten Jahrhundert in den Rang einer Kolonie mit dem Namen <em>Colonia Pia Flavia Constans Emerita Helvetiorum Confoederata<\/em> erhoben. Vielleicht hat dazu beigetragen, dass Vespasian hier seine Jugend verbrachte und sein Vater <em>Titus Flavius Sabinus<\/em> in der Stadt Bankgesch\u00e4fte machte. Die keltische Bev\u00f6lkerung romanisierte sich im Laufe weniger Generationen und \u00fcbernahmen die lateinische Schrift und Sprache, Architektur und den <a href=\"https:\/\/naehrlich.de\/daserberoms\/2015\/04\/12\/romischer-way-of-life\/\">Roman Way of Life<\/a>. Unter Vespasian wurde mit dem Bau der Stadtmauer begonnen, ebenso wurden das Theater, das Amphitheater und das so genannte Cigognier-Heiligtum errichtet, die heute zum sichtbaren r\u00f6mischen Erbe von Avenches z\u00e4hlen. In ihrer Bl\u00fctezeit lebten rund 20.000 Menschen in Aventicum.<\/p>\n\n\n\n<p>Anfang oder Ende des Rundganges durch das r\u00f6mische Avenches ist meist das Amphitheater, mit dem im mittelalterlichen Turm untergebrachten R\u00f6mermuseum. Einst konnten sich bis zu 16.000 Menschen die Gladiatorenk\u00e4mpfe und Tierhetzen im Amphitheater ansehen. Heute geht es weniger blutig zu: die Arena wird f\u00fcr Konzerte und <a href=\"https:\/\/naehrlich.de\/daserberoms\/2020\/03\/22\/das-roemische-verona\/\">Opernauff\u00fchrungen<\/a> genutzt.&nbsp;<\/p>\n\n\n\n\n\n<p>Das Museum zeigt auf drei Ebenen Mosaiken, B\u00fcsten, Reliefs, Bronzen, Weihesteine, Geschirr und Krims und Krams aus dem Alltag der R\u00f6mer in Aventicum. Ein ganz besonderes Exponat ist das Klappmesser mit dem Griff aus Elfenbein aus dem 3.\u00a0Jahrhundert. Der Griff ist in Form zweier <a href=\"https:\/\/naehrlich.de\/daserberoms\/2021\/03\/28\/gladiatoren-helden-des-kolosseums\/\">Gladiatoren<\/a> geschnitzt, einem Secutor und einem Retiarius. Die Eisenklinge wurde in einen am R\u00fccken des Secutors befindlichen Schlitz eingeklappt. Quasi die Mutter aller Schweizer Taschenmesser.<\/p>\n\n\n\n<p>Die Kopie der B\u00fcste einer jungen R\u00f6merin stellt vielleicht Julia, die Tochter von Drusus dem J\u00fcngeren und der Livilla dar. Die B\u00fcste fand man 1847 bei Ausgrabungen im r\u00f6mischen Theater von Aventicum. Gesicht, Haare und Gewand waren <a href=\"https:\/\/naehrlich.de\/daserberoms\/2020\/06\/21\/bunte-goetter\/\">bemalt<\/a>. Die Gesichtsz\u00fcge der jungen Frau waren durch sorgf\u00e4ltige farbige Modellierung besonders hervorgehoben. <\/p>\n\n\n\n\n\n<p>Aventicum verf\u00fcgte auch \u00fcber ein B\u00fchnentheater. Aber statt zur Auff\u00fchrung von Kom\u00f6dien und Trag\u00f6dien d\u00fcrfte das Bauwerk wohl angesichts seiner axialen Ausrichtung auf das Cigognier-Heiligtum haupts\u00e4chlich im kultischem Kontext verwendet worden sein. Der Tempel war das gr\u00f6\u00dfte Heiligtum von Aventicum und wurde 98 nach Christus errichtet. Die Anlage mit einem von S\u00e4ulen umgebenen Hof war wohl den Schutzgottheiten der helvetischen Stammesgemeinschaft als auch dem verg\u00f6ttlichten r\u00f6mischen Kaiser geweiht. Seinen Name hat das Heiligtum von St\u00f6rchen (<em>cigogne<\/em>), die auf seiner einzig stehengebliebenen, 12 Meter hohen S\u00e4ule, immer wieder ihre Nester bauten. Fast alle anderen S\u00e4ulen wurden \u00fcber die Jahrhunderte zum Errichten von neuen Bauten in der mittelalterlichen Stadt verwendet.<\/p>\n\n\n\n\n\n<p>Ein gutes St\u00fcckchen vom Stadtkern Avenches entfernt befinden sich die \u00dcberreste des einstigen Osttores von Aventicum. Reisende, die vom Rheingebiet herkamen, konnten von der erh\u00f6hten Lage aus das gesamte von der Stadtmauer umschlossene Gebiet mit seinen Monumentalbauten auf einen Blick erfassen. Diese eindrucksvolle Rundsicht d\u00fcrfte beabsichtigt gewesen sein, um den Wohlstand und die Bedeutung der Stadt zu inszenieren.<\/p>\n\n\n\n\n\n<p>Vom Osttor waren fast nur noch die Grundmauern erhalten geblieben, weshalb der Arch\u00e4ologe <em>Louis Bosset<\/em> in den 1910er Jahren Teile der Anlage bis zu einer H\u00f6he von zwei Metern wieder aufbauen lie\u00df.&nbsp;Mit ihren Toren und T\u00fcrmen verk\u00f6rperten die Stadtbefestigungen den politischen Status zahlreicher antiker St\u00e4dte. Die Stadt Aventicum legte sich eine solche Prestigearchitektur erst zu, als sie in den Rang einer Kolonie erhoben wurde.<\/p>\n\n\n\n\n\n<p>Der n\u00f6rdlich des Osttors gelegene Turm, im Volksmund <em>Tornallaz<\/em> genannt, ist als einziger der 73 T\u00fcrme der Stadtmauer bis heute auch in seinem aufgehenden Mauerwerk erhalten geblieben. Sein \u00dcberleben verdankt das Bauwerk dem Umstand, dass er \u00fcber die Zeit der Antike hinaus als Beobachtungs- und Meldeposten diente. Zum Gl\u00fcck f\u00fcr das r\u00f6mische Avenches.<\/p>\n\n\n\n\n\n\n\n<p>Mehr \u00fcber das r\u00f6mische Avenches auf der Webseite des <a href=\"https:\/\/www.aventicum.org\/de\/\" target=\"_blank\" rel=\"noreferrer noopener\">R\u00f6mermuseums<\/a> und dem F\u00f6rderverein <a href=\"https:\/\/proaventico.ch\/de\/\" target=\"_blank\" rel=\"noreferrer noopener\">Association Pro Aventico<\/a>.<\/p>\n\n\n\n<p><a href=\"https:\/\/goo.gl\/maps\/Hxt6brk4g7eFjWs18\" target=\"_blank\" rel=\"noreferrer noopener\">Avenches auf Google-Maps<\/a>. Mit dem Zug von Z\u00fcrich oder Genf in 2 bis 2,5h zu erreichen.<\/p>\n","protected":false},"excerpt":{"rendered":"<p>Aventicum war die Hauptstadt der r\u00f6mischen Schweiz. Im Museum kann man die Mutter aller Schweizer Taschenmesser bestaunen und beim Spaziergang durch das r\u00f6mische Avenches die einstige Pracht der antiken Stadt erahnen. Um 15 v. Chr. gliederten die R\u00f6mer das Gebiet der helvetischen Kelten, das sich vom Genfersee bis zum Bodensee erstreckte, in ihr Imperium ein. [&hellip;]<\/p>\n","protected":false},"author":1,"featured_media":25823,"comment_status":"open","ping_status":"open","sticky":false,"template":"","format":"standard","meta":{"footnotes":""},"categories":[16,8,15,1011],"tags":[67,117,1012,486,175,708,363,238,395],"class_list":["post-25792","post","type-post","status-publish","format-standard","has-post-thumbnail","hentry","category-alle-beitraege","category-germanien","category-raetien","category-schweiz","tag-busten","tag-gladiatoren","tag-julia","tag-kapitolinische-woelfin","tag-museum","tag-stadtmauer","tag-stadttor","tag-theater","tag-vespasian"],"yoast_head":"<!-- This site is optimized with the Yoast SEO plugin v27.4 - https:\/\/yoast.com\/product\/yoast-seo-wordpress\/ -->\n<title>Kelten, Kaiser und Klappmesser: Das r\u00f6mische Avenches - DasErbeRoms - alterBlog<\/title>\n<meta name=\"description\" content=\"r\u00f6mische Avenches\" \/>\n<meta name=\"robots\" content=\"index, follow, max-snippet:-1, max-image-preview:large, max-video-preview:-1\" \/>\n<link rel=\"canonical\" href=\"https:\/\/naehrlich.de\/daserberoms\/2023\/08\/27\/kelten-kaiser-und-klappmesser-das-roemische-avenches\/\" \/>\n<meta property=\"og:locale\" content=\"de_DE\" \/>\n<meta property=\"og:type\" content=\"article\" \/>\n<meta property=\"og:title\" content=\"Kelten, Kaiser und Klappmesser: Das r\u00f6mische Avenches - DasErbeRoms - alterBlog\" \/>\n<meta property=\"og:description\" content=\"r\u00f6mische Avenches\" \/>\n<meta property=\"og:url\" content=\"https:\/\/naehrlich.de\/daserberoms\/2023\/08\/27\/kelten-kaiser-und-klappmesser-das-roemische-avenches\/\" \/>\n<meta property=\"og:site_name\" content=\"DasErbeRoms - alterBlog\" \/>\n<meta property=\"article:publisher\" content=\"http:\/\/www.facebook.com\/stefan.naehrlich\" \/>\n<meta property=\"article:published_time\" content=\"2023-08-27T06:19:00+00:00\" \/>\n<meta property=\"og:image\" content=\"https:\/\/naehrlich.de\/daserberoms\/wp-content\/uploads\/2023\/08\/avenchesosttor01.png\" \/>\n\t<meta property=\"og:image:width\" content=\"1800\" \/>\n\t<meta property=\"og:image:height\" content=\"800\" \/>\n\t<meta property=\"og:image:type\" content=\"image\/png\" \/>\n<meta name=\"author\" content=\"Stefan N\u00e4hrlich\" \/>\n<meta name=\"twitter:card\" content=\"summary_large_image\" \/>\n<meta name=\"twitter:creator\" content=\"@DasErbeRoms\" \/>\n<meta name=\"twitter:site\" content=\"@DasErbeRoms\" \/>\n<meta name=\"twitter:label1\" content=\"Verfasst von\" \/>\n\t<meta name=\"twitter:data1\" content=\"Stefan N\u00e4hrlich\" \/>\n\t<meta name=\"twitter:label2\" content=\"Gesch\u00e4tzte Lesezeit\" \/>\n\t<meta name=\"twitter:data2\" content=\"4\u00a0Minuten\" \/>\n<script type=\"application\/ld+json\" class=\"yoast-schema-graph\">{\"@context\":\"https:\\\/\\\/schema.org\",\"@graph\":[{\"@type\":\"Article\",\"@id\":\"https:\\\/\\\/naehrlich.de\\\/daserberoms\\\/2023\\\/08\\\/27\\\/kelten-kaiser-und-klappmesser-das-roemische-avenches\\\/#article\",\"isPartOf\":{\"@id\":\"https:\\\/\\\/naehrlich.de\\\/daserberoms\\\/2023\\\/08\\\/27\\\/kelten-kaiser-und-klappmesser-das-roemische-avenches\\\/\"},\"author\":{\"name\":\"Stefan N\u00e4hrlich\",\"@id\":\"https:\\\/\\\/naehrlich.de\\\/daserberoms\\\/#\\\/schema\\\/person\\\/abf3183c35b9b7643636e6115f1354a7\"},\"headline\":\"Kelten, Kaiser und Klappmesser: Das r\u00f6mische Avenches\",\"datePublished\":\"2023-08-27T06:19:00+00:00\",\"mainEntityOfPage\":{\"@id\":\"https:\\\/\\\/naehrlich.de\\\/daserberoms\\\/2023\\\/08\\\/27\\\/kelten-kaiser-und-klappmesser-das-roemische-avenches\\\/\"},\"wordCount\":709,\"commentCount\":0,\"image\":{\"@id\":\"https:\\\/\\\/naehrlich.de\\\/daserberoms\\\/2023\\\/08\\\/27\\\/kelten-kaiser-und-klappmesser-das-roemische-avenches\\\/#primaryimage\"},\"thumbnailUrl\":\"https:\\\/\\\/naehrlich.de\\\/daserberoms\\\/wp-content\\\/uploads\\\/2023\\\/08\\\/avenchesosttor01.png\",\"keywords\":[\"B\u00fcsten\",\"Gladiatoren\",\"Julia\",\"Kapitolinische W\u00f6lfin\",\"Museum\",\"Stadtmauer\",\"Stadttor\",\"Theater\",\"Vespasian\"],\"articleSection\":[\"Alle Beitr\u00e4ge\",\"Germanien\",\"Raetien\",\"Schweiz\"],\"inLanguage\":\"de\",\"potentialAction\":[{\"@type\":\"CommentAction\",\"name\":\"Comment\",\"target\":[\"https:\\\/\\\/naehrlich.de\\\/daserberoms\\\/2023\\\/08\\\/27\\\/kelten-kaiser-und-klappmesser-das-roemische-avenches\\\/#respond\"]}]},{\"@type\":\"WebPage\",\"@id\":\"https:\\\/\\\/naehrlich.de\\\/daserberoms\\\/2023\\\/08\\\/27\\\/kelten-kaiser-und-klappmesser-das-roemische-avenches\\\/\",\"url\":\"https:\\\/\\\/naehrlich.de\\\/daserberoms\\\/2023\\\/08\\\/27\\\/kelten-kaiser-und-klappmesser-das-roemische-avenches\\\/\",\"name\":\"Kelten, Kaiser und Klappmesser: Das r\u00f6mische Avenches - DasErbeRoms - alterBlog\",\"isPartOf\":{\"@id\":\"https:\\\/\\\/naehrlich.de\\\/daserberoms\\\/#website\"},\"primaryImageOfPage\":{\"@id\":\"https:\\\/\\\/naehrlich.de\\\/daserberoms\\\/2023\\\/08\\\/27\\\/kelten-kaiser-und-klappmesser-das-roemische-avenches\\\/#primaryimage\"},\"image\":{\"@id\":\"https:\\\/\\\/naehrlich.de\\\/daserberoms\\\/2023\\\/08\\\/27\\\/kelten-kaiser-und-klappmesser-das-roemische-avenches\\\/#primaryimage\"},\"thumbnailUrl\":\"https:\\\/\\\/naehrlich.de\\\/daserberoms\\\/wp-content\\\/uploads\\\/2023\\\/08\\\/avenchesosttor01.png\",\"datePublished\":\"2023-08-27T06:19:00+00:00\",\"author\":{\"@id\":\"https:\\\/\\\/naehrlich.de\\\/daserberoms\\\/#\\\/schema\\\/person\\\/abf3183c35b9b7643636e6115f1354a7\"},\"description\":\"r\u00f6mische Avenches\",\"breadcrumb\":{\"@id\":\"https:\\\/\\\/naehrlich.de\\\/daserberoms\\\/2023\\\/08\\\/27\\\/kelten-kaiser-und-klappmesser-das-roemische-avenches\\\/#breadcrumb\"},\"inLanguage\":\"de\",\"potentialAction\":[{\"@type\":\"ReadAction\",\"target\":[\"https:\\\/\\\/naehrlich.de\\\/daserberoms\\\/2023\\\/08\\\/27\\\/kelten-kaiser-und-klappmesser-das-roemische-avenches\\\/\"]}]},{\"@type\":\"ImageObject\",\"inLanguage\":\"de\",\"@id\":\"https:\\\/\\\/naehrlich.de\\\/daserberoms\\\/2023\\\/08\\\/27\\\/kelten-kaiser-und-klappmesser-das-roemische-avenches\\\/#primaryimage\",\"url\":\"https:\\\/\\\/naehrlich.de\\\/daserberoms\\\/wp-content\\\/uploads\\\/2023\\\/08\\\/avenchesosttor01.png\",\"contentUrl\":\"https:\\\/\\\/naehrlich.de\\\/daserberoms\\\/wp-content\\\/uploads\\\/2023\\\/08\\\/avenchesosttor01.png\",\"width\":1800,\"height\":800},{\"@type\":\"BreadcrumbList\",\"@id\":\"https:\\\/\\\/naehrlich.de\\\/daserberoms\\\/2023\\\/08\\\/27\\\/kelten-kaiser-und-klappmesser-das-roemische-avenches\\\/#breadcrumb\",\"itemListElement\":[{\"@type\":\"ListItem\",\"position\":1,\"name\":\"Startseite\",\"item\":\"https:\\\/\\\/naehrlich.de\\\/daserberoms\\\/\"},{\"@type\":\"ListItem\",\"position\":2,\"name\":\"Kelten, Kaiser und Klappmesser: Das r\u00f6mische Avenches\"}]},{\"@type\":\"WebSite\",\"@id\":\"https:\\\/\\\/naehrlich.de\\\/daserberoms\\\/#website\",\"url\":\"https:\\\/\\\/naehrlich.de\\\/daserberoms\\\/\",\"name\":\"DasErbeRoms - alterBlog\",\"description\":\"Reisen auf den Spuren der alten R\u00f6mer. Von weltbekannt bis unbekannt. Fotos und Texte. Und ab und an einige Buch- und Filmbesprechungen und KI-Experimente.\",\"potentialAction\":[{\"@type\":\"SearchAction\",\"target\":{\"@type\":\"EntryPoint\",\"urlTemplate\":\"https:\\\/\\\/naehrlich.de\\\/daserberoms\\\/?s={search_term_string}\"},\"query-input\":{\"@type\":\"PropertyValueSpecification\",\"valueRequired\":true,\"valueName\":\"search_term_string\"}}],\"inLanguage\":\"de\"},{\"@type\":\"Person\",\"@id\":\"https:\\\/\\\/naehrlich.de\\\/daserberoms\\\/#\\\/schema\\\/person\\\/abf3183c35b9b7643636e6115f1354a7\",\"name\":\"Stefan N\u00e4hrlich\",\"image\":{\"@type\":\"ImageObject\",\"inLanguage\":\"de\",\"@id\":\"https:\\\/\\\/secure.gravatar.com\\\/avatar\\\/de332640be3ed6dfba043afc9f0cf67943fba3256852b07fe117cd6a456a29f8?s=96&d=mm&r=g\",\"url\":\"https:\\\/\\\/secure.gravatar.com\\\/avatar\\\/de332640be3ed6dfba043afc9f0cf67943fba3256852b07fe117cd6a456a29f8?s=96&d=mm&r=g\",\"contentUrl\":\"https:\\\/\\\/secure.gravatar.com\\\/avatar\\\/de332640be3ed6dfba043afc9f0cf67943fba3256852b07fe117cd6a456a29f8?s=96&d=mm&r=g\",\"caption\":\"Stefan N\u00e4hrlich\"},\"sameAs\":[\"http:\\\/\\\/www.daserberoms.de\"],\"url\":\"https:\\\/\\\/naehrlich.de\\\/daserberoms\\\/author\\\/stefan-naehrlich\\\/\"}]}<\/script>\n<!-- \/ Yoast SEO plugin. -->","yoast_head_json":{"title":"Kelten, Kaiser und Klappmesser: Das r\u00f6mische Avenches - DasErbeRoms - alterBlog","description":"r\u00f6mische Avenches","robots":{"index":"index","follow":"follow","max-snippet":"max-snippet:-1","max-image-preview":"max-image-preview:large","max-video-preview":"max-video-preview:-1"},"canonical":"https:\/\/naehrlich.de\/daserberoms\/2023\/08\/27\/kelten-kaiser-und-klappmesser-das-roemische-avenches\/","og_locale":"de_DE","og_type":"article","og_title":"Kelten, Kaiser und Klappmesser: Das r\u00f6mische Avenches - DasErbeRoms - alterBlog","og_description":"r\u00f6mische Avenches","og_url":"https:\/\/naehrlich.de\/daserberoms\/2023\/08\/27\/kelten-kaiser-und-klappmesser-das-roemische-avenches\/","og_site_name":"DasErbeRoms - alterBlog","article_publisher":"http:\/\/www.facebook.com\/stefan.naehrlich","article_published_time":"2023-08-27T06:19:00+00:00","og_image":[{"width":1800,"height":800,"url":"https:\/\/naehrlich.de\/daserberoms\/wp-content\/uploads\/2023\/08\/avenchesosttor01.png","type":"image\/png"}],"author":"Stefan N\u00e4hrlich","twitter_card":"summary_large_image","twitter_creator":"@DasErbeRoms","twitter_site":"@DasErbeRoms","twitter_misc":{"Verfasst von":"Stefan N\u00e4hrlich","Gesch\u00e4tzte Lesezeit":"4\u00a0Minuten"},"schema":{"@context":"https:\/\/schema.org","@graph":[{"@type":"Article","@id":"https:\/\/naehrlich.de\/daserberoms\/2023\/08\/27\/kelten-kaiser-und-klappmesser-das-roemische-avenches\/#article","isPartOf":{"@id":"https:\/\/naehrlich.de\/daserberoms\/2023\/08\/27\/kelten-kaiser-und-klappmesser-das-roemische-avenches\/"},"author":{"name":"Stefan N\u00e4hrlich","@id":"https:\/\/naehrlich.de\/daserberoms\/#\/schema\/person\/abf3183c35b9b7643636e6115f1354a7"},"headline":"Kelten, Kaiser und Klappmesser: Das r\u00f6mische Avenches","datePublished":"2023-08-27T06:19:00+00:00","mainEntityOfPage":{"@id":"https:\/\/naehrlich.de\/daserberoms\/2023\/08\/27\/kelten-kaiser-und-klappmesser-das-roemische-avenches\/"},"wordCount":709,"commentCount":0,"image":{"@id":"https:\/\/naehrlich.de\/daserberoms\/2023\/08\/27\/kelten-kaiser-und-klappmesser-das-roemische-avenches\/#primaryimage"},"thumbnailUrl":"https:\/\/naehrlich.de\/daserberoms\/wp-content\/uploads\/2023\/08\/avenchesosttor01.png","keywords":["B\u00fcsten","Gladiatoren","Julia","Kapitolinische W\u00f6lfin","Museum","Stadtmauer","Stadttor","Theater","Vespasian"],"articleSection":["Alle Beitr\u00e4ge","Germanien","Raetien","Schweiz"],"inLanguage":"de","potentialAction":[{"@type":"CommentAction","name":"Comment","target":["https:\/\/naehrlich.de\/daserberoms\/2023\/08\/27\/kelten-kaiser-und-klappmesser-das-roemische-avenches\/#respond"]}]},{"@type":"WebPage","@id":"https:\/\/naehrlich.de\/daserberoms\/2023\/08\/27\/kelten-kaiser-und-klappmesser-das-roemische-avenches\/","url":"https:\/\/naehrlich.de\/daserberoms\/2023\/08\/27\/kelten-kaiser-und-klappmesser-das-roemische-avenches\/","name":"Kelten, Kaiser und Klappmesser: Das r\u00f6mische Avenches - DasErbeRoms - alterBlog","isPartOf":{"@id":"https:\/\/naehrlich.de\/daserberoms\/#website"},"primaryImageOfPage":{"@id":"https:\/\/naehrlich.de\/daserberoms\/2023\/08\/27\/kelten-kaiser-und-klappmesser-das-roemische-avenches\/#primaryimage"},"image":{"@id":"https:\/\/naehrlich.de\/daserberoms\/2023\/08\/27\/kelten-kaiser-und-klappmesser-das-roemische-avenches\/#primaryimage"},"thumbnailUrl":"https:\/\/naehrlich.de\/daserberoms\/wp-content\/uploads\/2023\/08\/avenchesosttor01.png","datePublished":"2023-08-27T06:19:00+00:00","author":{"@id":"https:\/\/naehrlich.de\/daserberoms\/#\/schema\/person\/abf3183c35b9b7643636e6115f1354a7"},"description":"r\u00f6mische Avenches","breadcrumb":{"@id":"https:\/\/naehrlich.de\/daserberoms\/2023\/08\/27\/kelten-kaiser-und-klappmesser-das-roemische-avenches\/#breadcrumb"},"inLanguage":"de","potentialAction":[{"@type":"ReadAction","target":["https:\/\/naehrlich.de\/daserberoms\/2023\/08\/27\/kelten-kaiser-und-klappmesser-das-roemische-avenches\/"]}]},{"@type":"ImageObject","inLanguage":"de","@id":"https:\/\/naehrlich.de\/daserberoms\/2023\/08\/27\/kelten-kaiser-und-klappmesser-das-roemische-avenches\/#primaryimage","url":"https:\/\/naehrlich.de\/daserberoms\/wp-content\/uploads\/2023\/08\/avenchesosttor01.png","contentUrl":"https:\/\/naehrlich.de\/daserberoms\/wp-content\/uploads\/2023\/08\/avenchesosttor01.png","width":1800,"height":800},{"@type":"BreadcrumbList","@id":"https:\/\/naehrlich.de\/daserberoms\/2023\/08\/27\/kelten-kaiser-und-klappmesser-das-roemische-avenches\/#breadcrumb","itemListElement":[{"@type":"ListItem","position":1,"name":"Startseite","item":"https:\/\/naehrlich.de\/daserberoms\/"},{"@type":"ListItem","position":2,"name":"Kelten, Kaiser und Klappmesser: Das r\u00f6mische Avenches"}]},{"@type":"WebSite","@id":"https:\/\/naehrlich.de\/daserberoms\/#website","url":"https:\/\/naehrlich.de\/daserberoms\/","name":"DasErbeRoms - alterBlog","description":"Reisen auf den Spuren der alten R\u00f6mer. Von weltbekannt bis unbekannt. Fotos und Texte. Und ab und an einige Buch- und Filmbesprechungen und KI-Experimente.","potentialAction":[{"@type":"SearchAction","target":{"@type":"EntryPoint","urlTemplate":"https:\/\/naehrlich.de\/daserberoms\/?s={search_term_string}"},"query-input":{"@type":"PropertyValueSpecification","valueRequired":true,"valueName":"search_term_string"}}],"inLanguage":"de"},{"@type":"Person","@id":"https:\/\/naehrlich.de\/daserberoms\/#\/schema\/person\/abf3183c35b9b7643636e6115f1354a7","name":"Stefan N\u00e4hrlich","image":{"@type":"ImageObject","inLanguage":"de","@id":"https:\/\/secure.gravatar.com\/avatar\/de332640be3ed6dfba043afc9f0cf67943fba3256852b07fe117cd6a456a29f8?s=96&d=mm&r=g","url":"https:\/\/secure.gravatar.com\/avatar\/de332640be3ed6dfba043afc9f0cf67943fba3256852b07fe117cd6a456a29f8?s=96&d=mm&r=g","contentUrl":"https:\/\/secure.gravatar.com\/avatar\/de332640be3ed6dfba043afc9f0cf67943fba3256852b07fe117cd6a456a29f8?s=96&d=mm&r=g","caption":"Stefan N\u00e4hrlich"},"sameAs":["http:\/\/www.daserberoms.de"],"url":"https:\/\/naehrlich.de\/daserberoms\/author\/stefan-naehrlich\/"}]}},"_links":{"self":[{"href":"https:\/\/naehrlich.de\/daserberoms\/wp-json\/wp\/v2\/posts\/25792","targetHints":{"allow":["GET"]}}],"collection":[{"href":"https:\/\/naehrlich.de\/daserberoms\/wp-json\/wp\/v2\/posts"}],"about":[{"href":"https:\/\/naehrlich.de\/daserberoms\/wp-json\/wp\/v2\/types\/post"}],"author":[{"embeddable":true,"href":"https:\/\/naehrlich.de\/daserberoms\/wp-json\/wp\/v2\/users\/1"}],"replies":[{"embeddable":true,"href":"https:\/\/naehrlich.de\/daserberoms\/wp-json\/wp\/v2\/comments?post=25792"}],"version-history":[{"count":75,"href":"https:\/\/naehrlich.de\/daserberoms\/wp-json\/wp\/v2\/posts\/25792\/revisions"}],"predecessor-version":[{"id":26056,"href":"https:\/\/naehrlich.de\/daserberoms\/wp-json\/wp\/v2\/posts\/25792\/revisions\/26056"}],"wp:featuredmedia":[{"embeddable":true,"href":"https:\/\/naehrlich.de\/daserberoms\/wp-json\/wp\/v2\/media\/25823"}],"wp:attachment":[{"href":"https:\/\/naehrlich.de\/daserberoms\/wp-json\/wp\/v2\/media?parent=25792"}],"wp:term":[{"taxonomy":"category","embeddable":true,"href":"https:\/\/naehrlich.de\/daserberoms\/wp-json\/wp\/v2\/categories?post=25792"},{"taxonomy":"post_tag","embeddable":true,"href":"https:\/\/naehrlich.de\/daserberoms\/wp-json\/wp\/v2\/tags?post=25792"}],"curies":[{"name":"wp","href":"https:\/\/api.w.org\/{rel}","templated":true}]}}