{"id":25976,"date":"2023-09-10T08:40:00","date_gmt":"2023-09-10T06:40:00","guid":{"rendered":"https:\/\/naehrlich.de\/daserberoms\/?p=25976"},"modified":"2023-09-02T20:41:03","modified_gmt":"2023-09-02T18:41:03","slug":"museum-fuer-kunst-und-geschichte-genf","status":"publish","type":"post","link":"https:\/\/naehrlich.de\/daserberoms\/2023\/09\/10\/museum-fuer-kunst-und-geschichte-genf\/","title":{"rendered":"Museum f\u00fcr Kunst und Geschichte Genf"},"content":{"rendered":"\n<p class=\"lead dropcap\">Das Museum f\u00fcr Kunst und Geschichte in Genf zeigt sehenswerte Skulpturen aus der r\u00f6mischen Antike und eines der Meisterwerke von Antonio Canova: die Doppelstatue Venus und Adonis aus dem Ende des 18. Jahrhunderts.<\/p>\n\n\n\n\n\n\n\n<p>Im R\u00f6mischen Saal der Arch\u00e4ologischen Ebene des Museums f\u00fcr Kunst und Geschichte sind B\u00fcsten und Statuen, M\u00fcnzen und Amphoren ausgestellt. Im Zentrum des Raumes r\u00f6mische B\u00fcsten wie die des <em>Gaius Octavius<\/em>, Gro\u00dfneffe und Erbe <em>Julius C\u00e4sars<\/em>, und sp\u00e4terer Kaiser <a href=\"https:\/\/naehrlich.de\/daserberoms\/2023\/07\/02\/mein-interview-mit-chatgpt4-als-kaiser-augustus\/\">Augustus<\/a>. Ihm gelang es, wie die Informationstafel des Museums betont, der Nachwelt das Bild eines Wiederherstellers von Frieden, Wohlstand und Traditionen zu hinterlassen, dessen Herrschaft durch eine Bl\u00fctezeit der K\u00fcnste und der Literatur gekennzeichnet war. Das Augustus ein Meister der politischen Propaganda war, hat letztes Jahr eine <a href=\"https:\/\/naehrlich.de\/daserberoms\/2022\/12\/18\/die-neuen-bilder-des-augustus-macht-und-medien-im-antiken-rom\/\">Ausstellung in Hamburg<\/a> noch einmal verdeutlicht. Das seine Ehefrau <em>Livia Drusilla<\/em> daran einen nicht unbetr\u00e4chtlichen Anteil hatte, vermittelt die <a href=\"https:\/\/naehrlich.de\/daserberoms\/2021\/07\/25\/livia-drusilla-der-kluegste-mann-in-rom-serie-domina\/\">TV-Serie Domina<\/a>, deren zweite Staffel diese Woche gestartet ist.<\/p>\n\n\n\n\n\n<p>Eine der beiden Statuen zeigt eine Nymphe, die in einem Nymph\u00e4um am Rande einer r\u00f6mischen Villa n\u00f6rdlich von Rom gefunden wurde. In den fehlenden Armen hielt sie wahrscheinlich ein muschelf\u00f6rmiges Wasserbecken. Die andere Statue h\u00e4lt in ihrer linken Hand ein Schwert in einer Scheide. Zun\u00e4chst als Kriegsgott <em>Mars<\/em> identifiziert, wurde er sp\u00e4ter als <em>Trajan<\/em> oder vielleicht sein Vater Marcus <em>Ulpius Trajanus Pater<\/em> interpretiert. Die Forschung tendiert heute zu einem lokalen Prominenten oder einem Wohlt\u00e4ter der Stadt. Zu einem der zehn Meisterwerke des Museum z\u00e4hlt der Kopf der <em>Pompeia Plotina<\/em>, der Frau des sp\u00e4teren Kaiser Trajan.<\/p>\n\n\n\n\n\n<p>Bevor man den R\u00f6mische Saal im Museums f\u00fcr Kunst und Geschichte verl\u00e4sst, gibt es noch etwas Besonderes zu sehen: Grabb\u00fcsten aus dem r\u00f6mischen <a href=\"https:\/\/naehrlich.de\/daserberoms\/2010\/09\/17\/das-roemische-syrien-2010\/\">Palmyra<\/a>. Sie stammen aus der Zeit zwischen dem Ende des ersten und dritten Jahrhunderts und dienten als Verschlussplatten von kleinen Grabkammern, in denen die Verstorbenen liegen. In den bildlichen Darstellungen vermischt sich griechisch-r\u00f6mische Kunst mit orientalischen Einfl\u00fcssen. Gro\u00dfe Aufmerksamkeit wurde dem Gesichtsausdruck und insbesondere dem Blick gewidmet, wodurch die Bildhauer den Eindruck von Individualit\u00e4t verst\u00e4rken.<\/p>\n\n\n\n\n\n<p>Die B\u00fcste der oben abgebildeten Frau tr\u00e4gt eine Tunika, einen ersten Mantel, der von einer gro\u00dfen kreisf\u00f6rmigen Fibel gehalten wird, und einen weiteren Mantel, der den Kopf bedeckt. Der Kopf ist von einem Turban mit drei Schichten von Falten umgeben, der unten von einem einfachen Diadem gehalten wird. Das Haar ist nach hinten gek\u00e4mmt, wobei die Str\u00e4hnen auf das Diadem hinaufreichen.<\/p>\n\n\n\n\n\n<p>Keine G\u00f6ttin aus der ersten <a href=\"https:\/\/naehrlich.de\/daserberoms\/2015\/02\/27\/antike-goetter-stars-und-sternchen\/\">Reihe<\/a>, aber eine Schutzg\u00f6ttin Roms mit einem Tempel auf dem Aventin: Luna. Ihre Kleidung besteht aus einem enganliegenden Chiton mit Umschlag, der von Fibeln und einem vorne gebundenen G\u00fcrtel zusammengehalten wird. Mit der rechten Hand h\u00e4lt sie ihren Mantel fest, der im Wind weht und dessen anderes Ende um ihren linken Arm gewickelt ist. Die linke Hand umfasst eine brennende Fackel. Vermutlich war die Statuette f\u00fcr den h\u00e4uslichen Gebrauch gedacht, als Dekor einer Villa oder eines privaten Gartens. <\/p>\n\n\n\n<p>Das wohl herausragendste St\u00fcck unter den Skulpturen im Museum f\u00fcr Kunst und Geschichte in Genf hat einen eigenen Kuppelsaal: die Doppelstatue Venus und Adonis des gro\u00dfen europ\u00e4ischen Bildhauers Antonio Canova.<\/p>\n\n\n\n\n\n<p>Venus und Adonis sind ein ber\u00fchmtes Liebespaar der r\u00f6mischen Mythologie. In der Bildenden Kunst wird zumeist der Augenblick gew\u00e4hlt, in dem Venus Adonis von der verh\u00e4ngnisvollen Jagd abzuhalten sucht, bei der er ums Leben kommt. <a href=\"https:\/\/naehrlich.de\/daserberoms\/2023\/05\/07\/ich-canova-europaeisches-genie\/\">Antonio Canova<\/a> hat die Marmorskulptur 1794 fertiggestellt.<\/p>\n\n\n\n\n\n<p>Webseite des <a href=\"https:\/\/www.mahmah.ch\/\">Museum f\u00fcr Kunst und Geschichte<\/a> Genf und auf <a href=\"https:\/\/goo.gl\/maps\/fHfgUzdjAzkaSCVi6\" target=\"_blank\" rel=\"noreferrer noopener\">Google-Maps<\/a>.<\/p>\n","protected":false},"excerpt":{"rendered":"<p>Das Museum f\u00fcr Kunst und Geschichte in Genf zeigt sehenswerte Skulpturen aus der r\u00f6mischen Antike und eines der Meisterwerke von Antonio Canova: die Doppelstatue Venus und Adonis aus dem Ende des 18. Jahrhunderts. Im R\u00f6mischen Saal der Arch\u00e4ologischen Ebene des Museums f\u00fcr Kunst und Geschichte sind B\u00fcsten und Statuen, M\u00fcnzen und Amphoren ausgestellt. Im Zentrum [&hellip;]<\/p>\n","protected":false},"author":1,"featured_media":26000,"comment_status":"open","ping_status":"open","sticky":false,"template":"","format":"standard","meta":{"footnotes":""},"categories":[16,984,987,1011],"tags":[1016,1018,1017,56,1015,175,823,186,935],"class_list":["post-25976","post","type-post","status-publish","format-standard","has-post-thumbnail","hentry","category-alle-beitraege","category-bildhauerei","category-klassizismus-bildhauerei","category-schweiz","tag-adonis-und-venus","tag-alexander-der-grosse","tag-antonio-canova","tag-augustus","tag-luna","tag-museum","tag-nymphe","tag-palmyra","tag-pompeia-plotina"],"yoast_head":"<!-- This site is optimized with the Yoast SEO plugin v27.4 - https:\/\/yoast.com\/product\/yoast-seo-wordpress\/ -->\n<title>Museum f\u00fcr Kunst und Geschichte Genf - DasErbeRoms - alterBlog<\/title>\n<meta name=\"robots\" content=\"index, follow, max-snippet:-1, max-image-preview:large, max-video-preview:-1\" \/>\n<link rel=\"canonical\" href=\"https:\/\/naehrlich.de\/daserberoms\/2023\/09\/10\/museum-fuer-kunst-und-geschichte-genf\/\" \/>\n<meta property=\"og:locale\" content=\"de_DE\" \/>\n<meta property=\"og:type\" content=\"article\" \/>\n<meta property=\"og:title\" content=\"Museum f\u00fcr Kunst und Geschichte Genf - DasErbeRoms - alterBlog\" \/>\n<meta property=\"og:description\" content=\"Das Museum f\u00fcr Kunst und Geschichte in Genf zeigt sehenswerte Skulpturen aus der r\u00f6mischen Antike und eines der Meisterwerke von Antonio Canova: die Doppelstatue Venus und Adonis aus dem Ende des 18. Jahrhunderts. Im R\u00f6mischen Saal der Arch\u00e4ologischen Ebene des Museums f\u00fcr Kunst und Geschichte sind B\u00fcsten und Statuen, M\u00fcnzen und Amphoren ausgestellt. Im Zentrum [&hellip;]\" \/>\n<meta property=\"og:url\" content=\"https:\/\/naehrlich.de\/daserberoms\/2023\/09\/10\/museum-fuer-kunst-und-geschichte-genf\/\" \/>\n<meta property=\"og:site_name\" content=\"DasErbeRoms - alterBlog\" \/>\n<meta property=\"article:publisher\" content=\"http:\/\/www.facebook.com\/stefan.naehrlich\" \/>\n<meta property=\"article:published_time\" content=\"2023-09-10T06:40:00+00:00\" \/>\n<meta property=\"og:image\" content=\"https:\/\/naehrlich.de\/daserberoms\/wp-content\/uploads\/2023\/08\/IMG_4977ki.png\" \/>\n\t<meta property=\"og:image:width\" content=\"1800\" \/>\n\t<meta property=\"og:image:height\" content=\"800\" \/>\n\t<meta property=\"og:image:type\" content=\"image\/png\" \/>\n<meta name=\"author\" content=\"Stefan N\u00e4hrlich\" \/>\n<meta name=\"twitter:card\" content=\"summary_large_image\" \/>\n<meta name=\"twitter:creator\" content=\"@DasErbeRoms\" \/>\n<meta name=\"twitter:site\" content=\"@DasErbeRoms\" \/>\n<meta name=\"twitter:label1\" content=\"Verfasst von\" \/>\n\t<meta name=\"twitter:data1\" content=\"Stefan N\u00e4hrlich\" \/>\n\t<meta name=\"twitter:label2\" content=\"Gesch\u00e4tzte Lesezeit\" \/>\n\t<meta name=\"twitter:data2\" content=\"4\u00a0Minuten\" \/>\n<script type=\"application\/ld+json\" class=\"yoast-schema-graph\">{\"@context\":\"https:\\\/\\\/schema.org\",\"@graph\":[{\"@type\":\"Article\",\"@id\":\"https:\\\/\\\/naehrlich.de\\\/daserberoms\\\/2023\\\/09\\\/10\\\/museum-fuer-kunst-und-geschichte-genf\\\/#article\",\"isPartOf\":{\"@id\":\"https:\\\/\\\/naehrlich.de\\\/daserberoms\\\/2023\\\/09\\\/10\\\/museum-fuer-kunst-und-geschichte-genf\\\/\"},\"author\":{\"name\":\"Stefan N\u00e4hrlich\",\"@id\":\"https:\\\/\\\/naehrlich.de\\\/daserberoms\\\/#\\\/schema\\\/person\\\/abf3183c35b9b7643636e6115f1354a7\"},\"headline\":\"Museum f\u00fcr Kunst und Geschichte Genf\",\"datePublished\":\"2023-09-10T06:40:00+00:00\",\"mainEntityOfPage\":{\"@id\":\"https:\\\/\\\/naehrlich.de\\\/daserberoms\\\/2023\\\/09\\\/10\\\/museum-fuer-kunst-und-geschichte-genf\\\/\"},\"wordCount\":608,\"commentCount\":0,\"image\":{\"@id\":\"https:\\\/\\\/naehrlich.de\\\/daserberoms\\\/2023\\\/09\\\/10\\\/museum-fuer-kunst-und-geschichte-genf\\\/#primaryimage\"},\"thumbnailUrl\":\"https:\\\/\\\/naehrlich.de\\\/daserberoms\\\/wp-content\\\/uploads\\\/2023\\\/08\\\/IMG_4977ki.png\",\"keywords\":[\"Adonis und Venus\",\"Alexander der Gro\u00dfe\",\"Antonio Canova\",\"Augustus\",\"Luna\",\"Museum\",\"Nymphe\",\"Palmyra\",\"Pompeia Plotina\"],\"articleSection\":[\"Alle Beitr\u00e4ge\",\"Bildhauerei\",\"Klassizismus\",\"Schweiz\"],\"inLanguage\":\"de\",\"potentialAction\":[{\"@type\":\"CommentAction\",\"name\":\"Comment\",\"target\":[\"https:\\\/\\\/naehrlich.de\\\/daserberoms\\\/2023\\\/09\\\/10\\\/museum-fuer-kunst-und-geschichte-genf\\\/#respond\"]}]},{\"@type\":\"WebPage\",\"@id\":\"https:\\\/\\\/naehrlich.de\\\/daserberoms\\\/2023\\\/09\\\/10\\\/museum-fuer-kunst-und-geschichte-genf\\\/\",\"url\":\"https:\\\/\\\/naehrlich.de\\\/daserberoms\\\/2023\\\/09\\\/10\\\/museum-fuer-kunst-und-geschichte-genf\\\/\",\"name\":\"Museum f\u00fcr Kunst und Geschichte Genf - DasErbeRoms - alterBlog\",\"isPartOf\":{\"@id\":\"https:\\\/\\\/naehrlich.de\\\/daserberoms\\\/#website\"},\"primaryImageOfPage\":{\"@id\":\"https:\\\/\\\/naehrlich.de\\\/daserberoms\\\/2023\\\/09\\\/10\\\/museum-fuer-kunst-und-geschichte-genf\\\/#primaryimage\"},\"image\":{\"@id\":\"https:\\\/\\\/naehrlich.de\\\/daserberoms\\\/2023\\\/09\\\/10\\\/museum-fuer-kunst-und-geschichte-genf\\\/#primaryimage\"},\"thumbnailUrl\":\"https:\\\/\\\/naehrlich.de\\\/daserberoms\\\/wp-content\\\/uploads\\\/2023\\\/08\\\/IMG_4977ki.png\",\"datePublished\":\"2023-09-10T06:40:00+00:00\",\"author\":{\"@id\":\"https:\\\/\\\/naehrlich.de\\\/daserberoms\\\/#\\\/schema\\\/person\\\/abf3183c35b9b7643636e6115f1354a7\"},\"breadcrumb\":{\"@id\":\"https:\\\/\\\/naehrlich.de\\\/daserberoms\\\/2023\\\/09\\\/10\\\/museum-fuer-kunst-und-geschichte-genf\\\/#breadcrumb\"},\"inLanguage\":\"de\",\"potentialAction\":[{\"@type\":\"ReadAction\",\"target\":[\"https:\\\/\\\/naehrlich.de\\\/daserberoms\\\/2023\\\/09\\\/10\\\/museum-fuer-kunst-und-geschichte-genf\\\/\"]}]},{\"@type\":\"ImageObject\",\"inLanguage\":\"de\",\"@id\":\"https:\\\/\\\/naehrlich.de\\\/daserberoms\\\/2023\\\/09\\\/10\\\/museum-fuer-kunst-und-geschichte-genf\\\/#primaryimage\",\"url\":\"https:\\\/\\\/naehrlich.de\\\/daserberoms\\\/wp-content\\\/uploads\\\/2023\\\/08\\\/IMG_4977ki.png\",\"contentUrl\":\"https:\\\/\\\/naehrlich.de\\\/daserberoms\\\/wp-content\\\/uploads\\\/2023\\\/08\\\/IMG_4977ki.png\",\"width\":1800,\"height\":800},{\"@type\":\"BreadcrumbList\",\"@id\":\"https:\\\/\\\/naehrlich.de\\\/daserberoms\\\/2023\\\/09\\\/10\\\/museum-fuer-kunst-und-geschichte-genf\\\/#breadcrumb\",\"itemListElement\":[{\"@type\":\"ListItem\",\"position\":1,\"name\":\"Startseite\",\"item\":\"https:\\\/\\\/naehrlich.de\\\/daserberoms\\\/\"},{\"@type\":\"ListItem\",\"position\":2,\"name\":\"Museum f\u00fcr Kunst und Geschichte Genf\"}]},{\"@type\":\"WebSite\",\"@id\":\"https:\\\/\\\/naehrlich.de\\\/daserberoms\\\/#website\",\"url\":\"https:\\\/\\\/naehrlich.de\\\/daserberoms\\\/\",\"name\":\"DasErbeRoms - alterBlog\",\"description\":\"Reisen auf den Spuren der alten R\u00f6mer. Von weltbekannt bis unbekannt. Fotos und Texte. Und ab und an einige Buch- und Filmbesprechungen und KI-Experimente.\",\"potentialAction\":[{\"@type\":\"SearchAction\",\"target\":{\"@type\":\"EntryPoint\",\"urlTemplate\":\"https:\\\/\\\/naehrlich.de\\\/daserberoms\\\/?s={search_term_string}\"},\"query-input\":{\"@type\":\"PropertyValueSpecification\",\"valueRequired\":true,\"valueName\":\"search_term_string\"}}],\"inLanguage\":\"de\"},{\"@type\":\"Person\",\"@id\":\"https:\\\/\\\/naehrlich.de\\\/daserberoms\\\/#\\\/schema\\\/person\\\/abf3183c35b9b7643636e6115f1354a7\",\"name\":\"Stefan N\u00e4hrlich\",\"image\":{\"@type\":\"ImageObject\",\"inLanguage\":\"de\",\"@id\":\"https:\\\/\\\/secure.gravatar.com\\\/avatar\\\/de332640be3ed6dfba043afc9f0cf67943fba3256852b07fe117cd6a456a29f8?s=96&d=mm&r=g\",\"url\":\"https:\\\/\\\/secure.gravatar.com\\\/avatar\\\/de332640be3ed6dfba043afc9f0cf67943fba3256852b07fe117cd6a456a29f8?s=96&d=mm&r=g\",\"contentUrl\":\"https:\\\/\\\/secure.gravatar.com\\\/avatar\\\/de332640be3ed6dfba043afc9f0cf67943fba3256852b07fe117cd6a456a29f8?s=96&d=mm&r=g\",\"caption\":\"Stefan N\u00e4hrlich\"},\"sameAs\":[\"http:\\\/\\\/www.daserberoms.de\"],\"url\":\"https:\\\/\\\/naehrlich.de\\\/daserberoms\\\/author\\\/stefan-naehrlich\\\/\"}]}<\/script>\n<!-- \/ Yoast SEO plugin. -->","yoast_head_json":{"title":"Museum f\u00fcr Kunst und Geschichte Genf - DasErbeRoms - alterBlog","robots":{"index":"index","follow":"follow","max-snippet":"max-snippet:-1","max-image-preview":"max-image-preview:large","max-video-preview":"max-video-preview:-1"},"canonical":"https:\/\/naehrlich.de\/daserberoms\/2023\/09\/10\/museum-fuer-kunst-und-geschichte-genf\/","og_locale":"de_DE","og_type":"article","og_title":"Museum f\u00fcr Kunst und Geschichte Genf - DasErbeRoms - alterBlog","og_description":"Das Museum f\u00fcr Kunst und Geschichte in Genf zeigt sehenswerte Skulpturen aus der r\u00f6mischen Antike und eines der Meisterwerke von Antonio Canova: die Doppelstatue Venus und Adonis aus dem Ende des 18. Jahrhunderts. Im R\u00f6mischen Saal der Arch\u00e4ologischen Ebene des Museums f\u00fcr Kunst und Geschichte sind B\u00fcsten und Statuen, M\u00fcnzen und Amphoren ausgestellt. Im Zentrum [&hellip;]","og_url":"https:\/\/naehrlich.de\/daserberoms\/2023\/09\/10\/museum-fuer-kunst-und-geschichte-genf\/","og_site_name":"DasErbeRoms - alterBlog","article_publisher":"http:\/\/www.facebook.com\/stefan.naehrlich","article_published_time":"2023-09-10T06:40:00+00:00","og_image":[{"width":1800,"height":800,"url":"https:\/\/naehrlich.de\/daserberoms\/wp-content\/uploads\/2023\/08\/IMG_4977ki.png","type":"image\/png"}],"author":"Stefan N\u00e4hrlich","twitter_card":"summary_large_image","twitter_creator":"@DasErbeRoms","twitter_site":"@DasErbeRoms","twitter_misc":{"Verfasst von":"Stefan N\u00e4hrlich","Gesch\u00e4tzte Lesezeit":"4\u00a0Minuten"},"schema":{"@context":"https:\/\/schema.org","@graph":[{"@type":"Article","@id":"https:\/\/naehrlich.de\/daserberoms\/2023\/09\/10\/museum-fuer-kunst-und-geschichte-genf\/#article","isPartOf":{"@id":"https:\/\/naehrlich.de\/daserberoms\/2023\/09\/10\/museum-fuer-kunst-und-geschichte-genf\/"},"author":{"name":"Stefan N\u00e4hrlich","@id":"https:\/\/naehrlich.de\/daserberoms\/#\/schema\/person\/abf3183c35b9b7643636e6115f1354a7"},"headline":"Museum f\u00fcr Kunst und Geschichte Genf","datePublished":"2023-09-10T06:40:00+00:00","mainEntityOfPage":{"@id":"https:\/\/naehrlich.de\/daserberoms\/2023\/09\/10\/museum-fuer-kunst-und-geschichte-genf\/"},"wordCount":608,"commentCount":0,"image":{"@id":"https:\/\/naehrlich.de\/daserberoms\/2023\/09\/10\/museum-fuer-kunst-und-geschichte-genf\/#primaryimage"},"thumbnailUrl":"https:\/\/naehrlich.de\/daserberoms\/wp-content\/uploads\/2023\/08\/IMG_4977ki.png","keywords":["Adonis und Venus","Alexander der Gro\u00dfe","Antonio Canova","Augustus","Luna","Museum","Nymphe","Palmyra","Pompeia Plotina"],"articleSection":["Alle Beitr\u00e4ge","Bildhauerei","Klassizismus","Schweiz"],"inLanguage":"de","potentialAction":[{"@type":"CommentAction","name":"Comment","target":["https:\/\/naehrlich.de\/daserberoms\/2023\/09\/10\/museum-fuer-kunst-und-geschichte-genf\/#respond"]}]},{"@type":"WebPage","@id":"https:\/\/naehrlich.de\/daserberoms\/2023\/09\/10\/museum-fuer-kunst-und-geschichte-genf\/","url":"https:\/\/naehrlich.de\/daserberoms\/2023\/09\/10\/museum-fuer-kunst-und-geschichte-genf\/","name":"Museum f\u00fcr Kunst und Geschichte Genf - DasErbeRoms - alterBlog","isPartOf":{"@id":"https:\/\/naehrlich.de\/daserberoms\/#website"},"primaryImageOfPage":{"@id":"https:\/\/naehrlich.de\/daserberoms\/2023\/09\/10\/museum-fuer-kunst-und-geschichte-genf\/#primaryimage"},"image":{"@id":"https:\/\/naehrlich.de\/daserberoms\/2023\/09\/10\/museum-fuer-kunst-und-geschichte-genf\/#primaryimage"},"thumbnailUrl":"https:\/\/naehrlich.de\/daserberoms\/wp-content\/uploads\/2023\/08\/IMG_4977ki.png","datePublished":"2023-09-10T06:40:00+00:00","author":{"@id":"https:\/\/naehrlich.de\/daserberoms\/#\/schema\/person\/abf3183c35b9b7643636e6115f1354a7"},"breadcrumb":{"@id":"https:\/\/naehrlich.de\/daserberoms\/2023\/09\/10\/museum-fuer-kunst-und-geschichte-genf\/#breadcrumb"},"inLanguage":"de","potentialAction":[{"@type":"ReadAction","target":["https:\/\/naehrlich.de\/daserberoms\/2023\/09\/10\/museum-fuer-kunst-und-geschichte-genf\/"]}]},{"@type":"ImageObject","inLanguage":"de","@id":"https:\/\/naehrlich.de\/daserberoms\/2023\/09\/10\/museum-fuer-kunst-und-geschichte-genf\/#primaryimage","url":"https:\/\/naehrlich.de\/daserberoms\/wp-content\/uploads\/2023\/08\/IMG_4977ki.png","contentUrl":"https:\/\/naehrlich.de\/daserberoms\/wp-content\/uploads\/2023\/08\/IMG_4977ki.png","width":1800,"height":800},{"@type":"BreadcrumbList","@id":"https:\/\/naehrlich.de\/daserberoms\/2023\/09\/10\/museum-fuer-kunst-und-geschichte-genf\/#breadcrumb","itemListElement":[{"@type":"ListItem","position":1,"name":"Startseite","item":"https:\/\/naehrlich.de\/daserberoms\/"},{"@type":"ListItem","position":2,"name":"Museum f\u00fcr Kunst und Geschichte Genf"}]},{"@type":"WebSite","@id":"https:\/\/naehrlich.de\/daserberoms\/#website","url":"https:\/\/naehrlich.de\/daserberoms\/","name":"DasErbeRoms - alterBlog","description":"Reisen auf den Spuren der alten R\u00f6mer. Von weltbekannt bis unbekannt. Fotos und Texte. Und ab und an einige Buch- und Filmbesprechungen und KI-Experimente.","potentialAction":[{"@type":"SearchAction","target":{"@type":"EntryPoint","urlTemplate":"https:\/\/naehrlich.de\/daserberoms\/?s={search_term_string}"},"query-input":{"@type":"PropertyValueSpecification","valueRequired":true,"valueName":"search_term_string"}}],"inLanguage":"de"},{"@type":"Person","@id":"https:\/\/naehrlich.de\/daserberoms\/#\/schema\/person\/abf3183c35b9b7643636e6115f1354a7","name":"Stefan N\u00e4hrlich","image":{"@type":"ImageObject","inLanguage":"de","@id":"https:\/\/secure.gravatar.com\/avatar\/de332640be3ed6dfba043afc9f0cf67943fba3256852b07fe117cd6a456a29f8?s=96&d=mm&r=g","url":"https:\/\/secure.gravatar.com\/avatar\/de332640be3ed6dfba043afc9f0cf67943fba3256852b07fe117cd6a456a29f8?s=96&d=mm&r=g","contentUrl":"https:\/\/secure.gravatar.com\/avatar\/de332640be3ed6dfba043afc9f0cf67943fba3256852b07fe117cd6a456a29f8?s=96&d=mm&r=g","caption":"Stefan N\u00e4hrlich"},"sameAs":["http:\/\/www.daserberoms.de"],"url":"https:\/\/naehrlich.de\/daserberoms\/author\/stefan-naehrlich\/"}]}},"_links":{"self":[{"href":"https:\/\/naehrlich.de\/daserberoms\/wp-json\/wp\/v2\/posts\/25976","targetHints":{"allow":["GET"]}}],"collection":[{"href":"https:\/\/naehrlich.de\/daserberoms\/wp-json\/wp\/v2\/posts"}],"about":[{"href":"https:\/\/naehrlich.de\/daserberoms\/wp-json\/wp\/v2\/types\/post"}],"author":[{"embeddable":true,"href":"https:\/\/naehrlich.de\/daserberoms\/wp-json\/wp\/v2\/users\/1"}],"replies":[{"embeddable":true,"href":"https:\/\/naehrlich.de\/daserberoms\/wp-json\/wp\/v2\/comments?post=25976"}],"version-history":[{"count":67,"href":"https:\/\/naehrlich.de\/daserberoms\/wp-json\/wp\/v2\/posts\/25976\/revisions"}],"predecessor-version":[{"id":26141,"href":"https:\/\/naehrlich.de\/daserberoms\/wp-json\/wp\/v2\/posts\/25976\/revisions\/26141"}],"wp:featuredmedia":[{"embeddable":true,"href":"https:\/\/naehrlich.de\/daserberoms\/wp-json\/wp\/v2\/media\/26000"}],"wp:attachment":[{"href":"https:\/\/naehrlich.de\/daserberoms\/wp-json\/wp\/v2\/media?parent=25976"}],"wp:term":[{"taxonomy":"category","embeddable":true,"href":"https:\/\/naehrlich.de\/daserberoms\/wp-json\/wp\/v2\/categories?post=25976"},{"taxonomy":"post_tag","embeddable":true,"href":"https:\/\/naehrlich.de\/daserberoms\/wp-json\/wp\/v2\/tags?post=25976"}],"curies":[{"name":"wp","href":"https:\/\/api.w.org\/{rel}","templated":true}]}}