{"id":27239,"date":"2024-03-03T08:26:00","date_gmt":"2024-03-03T07:26:00","guid":{"rendered":"https:\/\/naehrlich.de\/daserberoms\/?p=27239"},"modified":"2024-03-03T08:45:43","modified_gmt":"2024-03-03T07:45:43","slug":"die-ara-pacis-reliefs","status":"publish","type":"post","link":"https:\/\/naehrlich.de\/daserberoms\/2024\/03\/03\/die-ara-pacis-reliefs\/","title":{"rendered":"Die Ara Pacis Reliefs"},"content":{"rendered":"\n<p class=\"lead dropcap\">Die Ara Pacis Reliefs am Altar des Augusteischen Friedens symbolisieren den Machtanspruch der julisch-claudischen Dynastie und geben einen Einblick in die Patchwork-Familie des ersten r\u00f6mischen Kaisers Augustus.<\/p>\n\n\n\n\n\n<p>Die Ara Pacis Reliefs am Altar des Augusteischen Friedens vermitteln die Botschaft, das Frieden und Wohlstand im r\u00f6mischen Reich dem Handeln des ersten r\u00f6mischen Kaiser Augustus zu verdanken sind. Zugleich ist die Ara Pacis das erste Denkmal einer \u00f6ffentlichen politischen <a href=\"https:\/\/naehrlich.de\/daserberoms\/2022\/12\/18\/die-neuen-bilder-des-augustus-macht-und-medien-im-antiken-rom\/\">Selbstdarstellung<\/a> eines r\u00f6mischen Herrschers und Legitimation des Machtanspruches der julisch-claudischen Dynastie. In diesem Sinne sind die Reliefs an den vier Seiten des Altars zu verstehen. Sie zeigen den Mythos der Stadtgr\u00fcndung <a href=\"https:\/\/naehrlich.de\/daserberoms\/2012\/10\/19\/rom-ewige-stadt-und-haupt-der-welt\/\">Roms<\/a>, die g\u00f6ttliche Abstammung des Augustus und geben einen Einblick in die Patchwork-Familie des ersten r\u00f6mischen Kaisers. Und zu Augustus Zeiten sogar in <a href=\"https:\/\/naehrlich.de\/daserberoms\/2020\/06\/21\/bunte-goetter\/\">Farbe<\/a>, wie die Dokumentation im Ara Pacis Museum zeigt.<\/p>\n\n\n\n\n\n\n\n<p>An der Ostseite der Ara Pacis befindet sich links das sogenannte Tellus-Relief, das die Gottheit der m\u00fctterlichen Erde Tellus zwischen den Personifikationen der Land- und der Meereswinde zeigt. Andere Interpretationen gehen davon aus, dass es sich um die Darstellung der G\u00f6ttin <em>Venus<\/em>, Mutter des Aeneas und Stammvater des&nbsp;Geschlechts der Julier darstellt oder gar um die Verk\u00f6rperung der <em>Pax Augusta<\/em>, des augusteischen Friedens, nach der der Altar benannt ist. Auf der&nbsp;rechten Wand ist ein Fragment des Reliefs der&nbsp;G\u00f6ttin Roma&nbsp;erhalten.&nbsp;Die G\u00f6ttin wird als Amazone dargestellt und sitzt auf einer Waffentroph\u00e4e.<\/p>\n\n\n\n\n\n<p>An der Westseite des Monuments sind zwei weitere Reliefs. Sie thematisieren den Mythos von der Gr\u00fcndung Roms. Auf dem kaum noch vorhandenen linken Relief werden <em>Romulus<\/em> und <em>Remus<\/em> von der W\u00f6lfin ges\u00e4ugt, im Beisein des Hirten <em>Faustulus<\/em>, der sie adoptieren und gro\u00dfziehen wird und des Kriegsgottes <em>Mars<\/em>, der die Zwillinge mit der Vestalin <em>Rhea Silvia<\/em> gezeugt hat. Auf der rechten&nbsp;Seite ist das Relief zu sehen, das den bereits bejahrten&nbsp;<em>Aeneas<\/em> zeigt,&nbsp;der den Penaten opfert. Er wird er in einem Priestergewand mit bedecktem Kopf dargestellt, w\u00e4hrend er auf einem Altar eine Opfergabe darbringt.<\/p>\n\n\n\n<p>Auf der&nbsp;Nord- und S\u00fcdseite&nbsp;der Ara Pacis sind zwei dicht gedr\u00e4ngte Reihen von Personen dargestellt, die sich von links nach rechts bewegen, unter ihnen Priester, Beamte, M\u00e4nner, Frauen und Kinder, deren historische Identit\u00e4t teilweise nur hypothetisch rekonstruiert werden kann. Was die Prozession darstellt ist nicht gesichert. Vielleicht den Empfang des Augustus nach seiner R\u00fcckkehr aus Gallien und Spanien oder die&nbsp;Weihung des Bereiches auf dem Marsfeld, auf dem der Altar errichtet werden sollte.<\/p>\n\n\n\n\n\n<p>Die Prozessionen auf den Ara Pacis Reliefs werden von den Liktoren er\u00f6ffnet. Ihnen folgen Mitglieder der h\u00f6chsten Priesterkollegien, Auguren und m\u00f6glicherweise Konsuln. Die Mitglieder der Familie des Augustus bilden das Ende der dargestellten Prozessionen.<\/p>\n\n\n\n<p>Der erste Teil des Reliefs auf der S\u00fcdseite ist weitgehend unvollst\u00e4ndig, dort sind wohl mehrere <em>Liktoren<\/em> abgebildet gewesen. Dann folgt <em>Augustus<\/em>, die Toga \u00fcber den Kopf gezogen, was anzeigt, dass er eine kultische Handlung ausf\u00fchrt.&nbsp;Hinter ihm gehen die vier flamines maiores, <em>Priester<\/em> mit dem charakteristischen Kopfschmuck, der von einer Metallspitze gekr\u00f6nt ist. Ihnen schlie\u00dft sich Marcus Agrippa an, Freund und Schwiegersohn des Augustus und ihm folgen weiter Mitglieder der <em>Familie<\/em> des Augustus. <\/p>\n\n\n\n\n\n<p><em>Agrippa<\/em> ist dargestellt mit vom Saum der Toga bedecktem Kopf und mit einer Pergamentrolle in der rechten Hand. Sein Sohn <em>Gaius Caesar<\/em>&nbsp;h\u00e4lt sich an den Gew\u00e4ndern seines Vaters fest. Gaius steht der ihm folgenden weiblichen Figur gegen\u00fcber, in der man \u00fcblicherweise&nbsp;Livia&nbsp;Drusilla, die Frau des Augustus, erkennt. Sie ist mit einem verschleierten Kopf und einer Lorbeerkrone dargestellt, was sie zu einer hochrangigen Pers\u00f6nlichkeit macht.&nbsp;Nach einer neueren Interpretation wird diese Figur jedoch als <em>Julia<\/em>, Tochter des Augustus aus zweiter Ehe mit Scribonia,&nbsp;gedeutet, die hier ihrem Mann Agrippa und ihrem erstgeborenen Sohn Gaius Caesar folgt. <\/p>\n\n\n\n<p>Die m\u00e4nnliche Figur neben Julia soll den sp\u00e4teren Kaiser <em>Tiberius<\/em> darstellen, Sohn der <a href=\"https:\/\/naehrlich.de\/daserberoms\/2021\/07\/25\/livia-drusilla-der-kluegste-mann-in-rom-serie-domina\/\">Livia Drusilla<\/a> mit Tiberius Claudius Nero aus erster Ehe. Dem sogenannten Tiberius folgt eine Familiengruppe, die vermutlich aus&nbsp;<em>Antonia der J\u00fcngeren<\/em>, Enkelin des Augustus und Tochter von Marcus Antonius und Augustus Schwester Octavia, Antonias Ehemann&nbsp;<em>Drusus<\/em>&nbsp;und ihrem kleinen Sohn <a href=\"https:\/\/naehrlich.de\/daserberoms\/2017\/05\/26\/germanicus-triumph-ohne-sieg\/\">Germanicus<\/a> besteht. Nero Claudius Drusus ist das einzige Portr\u00e4t in Milit\u00e4rkleidung, er tr\u00e4gt den charakteristischen Soldatenmantel. Nero Claudius Drusus war wie Tiberius ein Sohn der&nbsp;Livia aus ihrer ersten Ehe. Es folgt eine zweite Familiengruppe, wahrscheinlich bestehend aus&nbsp;<em>Antonia der \u00c4lteren<\/em>, ebenfalls eine Enkelin des Augustus und Schwester der Antonia der J\u00fcngeren, ihrem Ehemann&nbsp;<em>Lucius Domitius Ahenobarbus<\/em>, Konsul im Jahr 16 v. Chr., und ihren beiden Kindern&nbsp;<em>Domitia<\/em>&nbsp;und&nbsp;<em>Gnaeus Domitius Ahenobarbus<\/em>, dem sp\u00e4teren Vater von <a href=\"https:\/\/naehrlich.de\/daserberoms\/2016\/08\/07\/nero-ausstellung\/\">Nero<\/a>.&nbsp;<\/p>\n\n\n\n\n\n<p>Der Bereich der Familienmitglieder des Augustus auf dem Relief an der Nordseite des Altars des Augusteischen Friedens beginnt weitgehend gesichert mit <em>Lucius Caesar<\/em>, dem zweite Sohn der Julia, Tochter des Augustus, und ihrem zweiten Ehemann Marcus Agrippa. Hier wird er als kleines Kind dargestellt, an der Hand gef\u00fchrt. Bei der&nbsp;folgenden verschleierten&nbsp;Frauenfigur in der gelblichen Stola k\u00f6nnte es sich um seine Mutter&nbsp;Julia&nbsp;handeln, auf die sich die Blicke der Umgebung richten.&nbsp;Doch da man heute eher davon ausgeht, dass Julia auf dem Relief der S\u00fcdseite dargestellt ist, k\u00f6nnte hier Augustus Ehefrau <em>Livia Drusilla<\/em> abgebildet sein.<\/p>\n\n\n\n<p>Die Frauenfigur im blauen Gewand hinter Livia wird allgemein als&nbsp;<em>Octavia die J\u00fcngere<\/em>, Schwester Kaiser Augustus, erkannt.&nbsp;Zwischen den beiden Frauen sticht im Vordergrund die Gestalt eines jungen Mannes hervor. Es handelt sich um den <em>dritten Sohn<\/em> von Marcus Agrippa&nbsp;und seiner ersten Frau Claudia Marcella der \u00c4lteren.&nbsp;Hinter Octavia ist die kleine&nbsp;<em>Julia die J\u00fcngere<\/em> zu erkennen, eine Tochter&nbsp;Agrippas&nbsp;und&nbsp;Julias. Als Augustus\u2018 Enkelin genie\u00dft sie das Recht, unter den bei der Zeremonie anwesenden M\u00e4dchen als Erste aufzutreten. Die Informationstafeln im Ara Pacis Museum weisen die weiteren Personen als Jullus Antonius, Marcus Appuleius, Claudia Marcella die \u00c4ltere und Lucius Antonius aus. Gesichert ist das aber nicht in jedem Fall. Vor den Familienmitgliedern des Augustus schreiten Mitglieder von Priesterkollegien, Auguren und Liktoren.<\/p>\n\n\n\n\n\n<p>Urspr\u00fcnglich befand sich der Altar des Augusteischen Friedens auf dem Marsfeld und bildete dort mit dem <a href=\"https:\/\/naehrlich.de\/daserberoms\/2022\/07\/17\/das-mausoleum-des-augustus-in-rom\/\">Augustusmausoleum<\/a> und dem Solarium Augusti eine Einheit. Dabei war der Bau so platziert, dass der Schatten der Obeliskspitze des Solarium Augusti an Augustus\u2019 Geburtstag \u00fcber den Tagesverlauf genau auf die Mitte der Ara Pacis zuwanderte.<\/p>\n\n\n\n<p>Im 16. und 19. Jahrhundert wurden Teile der Ara Pacis entdeckt und unter dem faschistische Regime Benito Mussolinis rekonstruierte man den Altar an der heutigen Stelle. Im Jahr 2006 wurde der bis dahin bestehende Pavillon&nbsp;durch den aktuellen <a href=\"https:\/\/naehrlich.de\/daserberoms\/2017\/05\/21\/ara-pacis-augustae\/\">Museumsbau<\/a> ersetzt.<\/p>\n\n\n\n<p>Ara Pacis Museum <a href=\"https:\/\/www.arapacis.it\/\" target=\"_blank\" rel=\"noreferrer noopener\">Webseite<\/a> und auf <a href=\"https:\/\/maps.app.goo.gl\/s4ggn7aGGQiju5Qx7\" target=\"_blank\" rel=\"noreferrer noopener\">Google Maps<\/a>.<\/p>\n","protected":false},"excerpt":{"rendered":"<p>Die Ara Pacis Reliefs am Altar des Augusteischen Friedens symbolisieren den Machtanspruch der julisch-claudischen Dynastie und geben einen Einblick in die Patchwork-Familie des ersten r\u00f6mischen Kaisers Augustus. Die Ara Pacis Reliefs am Altar des Augusteischen Friedens vermitteln die Botschaft, das Frieden und Wohlstand im r\u00f6mischen Reich dem Handeln des ersten r\u00f6mischen Kaiser Augustus zu verdanken [&hellip;]<\/p>\n","protected":false},"author":1,"featured_media":27281,"comment_status":"open","ping_status":"open","sticky":false,"template":"","format":"standard","meta":{"footnotes":""},"categories":[16,715,17],"tags":[577,56,893],"class_list":["post-27239","post","type-post","status-publish","format-standard","has-post-thumbnail","hentry","category-alle-beitraege","category-essentials","category-rom","tag-ara-pacis-augustae","tag-augustus","tag-relief"],"yoast_head":"<!-- This site is optimized with the Yoast SEO plugin v27.4 - https:\/\/yoast.com\/product\/yoast-seo-wordpress\/ -->\n<title>Die Ara Pacis Reliefs - DasErbeRoms - alterBlog<\/title>\n<meta name=\"description\" content=\"Die Ara Pacis Reliefs zeigen den Machtanspruch Augustus und geben einen Einblick in die Patchwork-Familie des ersten r\u00f6mischen Kaisers.\" \/>\n<meta name=\"robots\" content=\"index, follow, max-snippet:-1, max-image-preview:large, max-video-preview:-1\" \/>\n<link rel=\"canonical\" href=\"https:\/\/naehrlich.de\/daserberoms\/2024\/03\/03\/die-ara-pacis-reliefs\/\" \/>\n<meta property=\"og:locale\" content=\"de_DE\" \/>\n<meta property=\"og:type\" content=\"article\" \/>\n<meta property=\"og:title\" content=\"Die Ara Pacis Reliefs - DasErbeRoms - alterBlog\" \/>\n<meta property=\"og:description\" content=\"Die Ara Pacis Reliefs zeigen den Machtanspruch Augustus und geben einen Einblick in die Patchwork-Familie des ersten r\u00f6mischen Kaisers.\" \/>\n<meta property=\"og:url\" content=\"https:\/\/naehrlich.de\/daserberoms\/2024\/03\/03\/die-ara-pacis-reliefs\/\" \/>\n<meta property=\"og:site_name\" content=\"DasErbeRoms - alterBlog\" \/>\n<meta property=\"article:publisher\" content=\"http:\/\/www.facebook.com\/stefan.naehrlich\" \/>\n<meta property=\"article:published_time\" content=\"2024-03-03T07:26:00+00:00\" \/>\n<meta property=\"article:modified_time\" content=\"2024-03-03T07:45:43+00:00\" \/>\n<meta property=\"og:image\" content=\"https:\/\/naehrlich.de\/daserberoms\/wp-content\/uploads\/2023\/12\/arapacisfries.jpg\" \/>\n\t<meta property=\"og:image:width\" content=\"1800\" \/>\n\t<meta property=\"og:image:height\" content=\"793\" \/>\n\t<meta property=\"og:image:type\" content=\"image\/jpeg\" \/>\n<meta name=\"author\" content=\"Stefan N\u00e4hrlich\" \/>\n<meta name=\"twitter:card\" content=\"summary_large_image\" \/>\n<meta name=\"twitter:creator\" content=\"@DasErbeRoms\" \/>\n<meta name=\"twitter:site\" content=\"@DasErbeRoms\" \/>\n<meta name=\"twitter:label1\" content=\"Verfasst von\" \/>\n\t<meta name=\"twitter:data1\" content=\"Stefan N\u00e4hrlich\" \/>\n\t<meta name=\"twitter:label2\" content=\"Gesch\u00e4tzte Lesezeit\" \/>\n\t<meta name=\"twitter:data2\" content=\"7\u00a0Minuten\" \/>\n<script type=\"application\/ld+json\" class=\"yoast-schema-graph\">{\"@context\":\"https:\\\/\\\/schema.org\",\"@graph\":[{\"@type\":\"Article\",\"@id\":\"https:\\\/\\\/naehrlich.de\\\/daserberoms\\\/2024\\\/03\\\/03\\\/die-ara-pacis-reliefs\\\/#article\",\"isPartOf\":{\"@id\":\"https:\\\/\\\/naehrlich.de\\\/daserberoms\\\/2024\\\/03\\\/03\\\/die-ara-pacis-reliefs\\\/\"},\"author\":{\"name\":\"Stefan N\u00e4hrlich\",\"@id\":\"https:\\\/\\\/naehrlich.de\\\/daserberoms\\\/#\\\/schema\\\/person\\\/abf3183c35b9b7643636e6115f1354a7\"},\"headline\":\"Die Ara Pacis Reliefs\",\"datePublished\":\"2024-03-03T07:26:00+00:00\",\"dateModified\":\"2024-03-03T07:45:43+00:00\",\"mainEntityOfPage\":{\"@id\":\"https:\\\/\\\/naehrlich.de\\\/daserberoms\\\/2024\\\/03\\\/03\\\/die-ara-pacis-reliefs\\\/\"},\"wordCount\":1137,\"commentCount\":0,\"image\":{\"@id\":\"https:\\\/\\\/naehrlich.de\\\/daserberoms\\\/2024\\\/03\\\/03\\\/die-ara-pacis-reliefs\\\/#primaryimage\"},\"thumbnailUrl\":\"https:\\\/\\\/naehrlich.de\\\/daserberoms\\\/wp-content\\\/uploads\\\/2023\\\/12\\\/arapacisfries.jpg\",\"keywords\":[\"Ara Pacis Augustae\",\"Augustus\",\"Relief\"],\"articleSection\":[\"Alle Beitr\u00e4ge\",\"Essentials\",\"Rom\"],\"inLanguage\":\"de\",\"potentialAction\":[{\"@type\":\"CommentAction\",\"name\":\"Comment\",\"target\":[\"https:\\\/\\\/naehrlich.de\\\/daserberoms\\\/2024\\\/03\\\/03\\\/die-ara-pacis-reliefs\\\/#respond\"]}]},{\"@type\":\"WebPage\",\"@id\":\"https:\\\/\\\/naehrlich.de\\\/daserberoms\\\/2024\\\/03\\\/03\\\/die-ara-pacis-reliefs\\\/\",\"url\":\"https:\\\/\\\/naehrlich.de\\\/daserberoms\\\/2024\\\/03\\\/03\\\/die-ara-pacis-reliefs\\\/\",\"name\":\"Die Ara Pacis Reliefs - DasErbeRoms - alterBlog\",\"isPartOf\":{\"@id\":\"https:\\\/\\\/naehrlich.de\\\/daserberoms\\\/#website\"},\"primaryImageOfPage\":{\"@id\":\"https:\\\/\\\/naehrlich.de\\\/daserberoms\\\/2024\\\/03\\\/03\\\/die-ara-pacis-reliefs\\\/#primaryimage\"},\"image\":{\"@id\":\"https:\\\/\\\/naehrlich.de\\\/daserberoms\\\/2024\\\/03\\\/03\\\/die-ara-pacis-reliefs\\\/#primaryimage\"},\"thumbnailUrl\":\"https:\\\/\\\/naehrlich.de\\\/daserberoms\\\/wp-content\\\/uploads\\\/2023\\\/12\\\/arapacisfries.jpg\",\"datePublished\":\"2024-03-03T07:26:00+00:00\",\"dateModified\":\"2024-03-03T07:45:43+00:00\",\"author\":{\"@id\":\"https:\\\/\\\/naehrlich.de\\\/daserberoms\\\/#\\\/schema\\\/person\\\/abf3183c35b9b7643636e6115f1354a7\"},\"description\":\"Die Ara Pacis Reliefs zeigen den Machtanspruch Augustus und geben einen Einblick in die Patchwork-Familie des ersten r\u00f6mischen Kaisers.\",\"breadcrumb\":{\"@id\":\"https:\\\/\\\/naehrlich.de\\\/daserberoms\\\/2024\\\/03\\\/03\\\/die-ara-pacis-reliefs\\\/#breadcrumb\"},\"inLanguage\":\"de\",\"potentialAction\":[{\"@type\":\"ReadAction\",\"target\":[\"https:\\\/\\\/naehrlich.de\\\/daserberoms\\\/2024\\\/03\\\/03\\\/die-ara-pacis-reliefs\\\/\"]}]},{\"@type\":\"ImageObject\",\"inLanguage\":\"de\",\"@id\":\"https:\\\/\\\/naehrlich.de\\\/daserberoms\\\/2024\\\/03\\\/03\\\/die-ara-pacis-reliefs\\\/#primaryimage\",\"url\":\"https:\\\/\\\/naehrlich.de\\\/daserberoms\\\/wp-content\\\/uploads\\\/2023\\\/12\\\/arapacisfries.jpg\",\"contentUrl\":\"https:\\\/\\\/naehrlich.de\\\/daserberoms\\\/wp-content\\\/uploads\\\/2023\\\/12\\\/arapacisfries.jpg\",\"width\":1800,\"height\":793},{\"@type\":\"BreadcrumbList\",\"@id\":\"https:\\\/\\\/naehrlich.de\\\/daserberoms\\\/2024\\\/03\\\/03\\\/die-ara-pacis-reliefs\\\/#breadcrumb\",\"itemListElement\":[{\"@type\":\"ListItem\",\"position\":1,\"name\":\"Startseite\",\"item\":\"https:\\\/\\\/naehrlich.de\\\/daserberoms\\\/\"},{\"@type\":\"ListItem\",\"position\":2,\"name\":\"Die Ara Pacis Reliefs\"}]},{\"@type\":\"WebSite\",\"@id\":\"https:\\\/\\\/naehrlich.de\\\/daserberoms\\\/#website\",\"url\":\"https:\\\/\\\/naehrlich.de\\\/daserberoms\\\/\",\"name\":\"DasErbeRoms - alterBlog\",\"description\":\"Reisen auf den Spuren der alten R\u00f6mer. Von weltbekannt bis unbekannt. Fotos und Texte. Und ab und an einige Buch- und Filmbesprechungen und KI-Experimente.\",\"potentialAction\":[{\"@type\":\"SearchAction\",\"target\":{\"@type\":\"EntryPoint\",\"urlTemplate\":\"https:\\\/\\\/naehrlich.de\\\/daserberoms\\\/?s={search_term_string}\"},\"query-input\":{\"@type\":\"PropertyValueSpecification\",\"valueRequired\":true,\"valueName\":\"search_term_string\"}}],\"inLanguage\":\"de\"},{\"@type\":\"Person\",\"@id\":\"https:\\\/\\\/naehrlich.de\\\/daserberoms\\\/#\\\/schema\\\/person\\\/abf3183c35b9b7643636e6115f1354a7\",\"name\":\"Stefan N\u00e4hrlich\",\"image\":{\"@type\":\"ImageObject\",\"inLanguage\":\"de\",\"@id\":\"https:\\\/\\\/secure.gravatar.com\\\/avatar\\\/de332640be3ed6dfba043afc9f0cf67943fba3256852b07fe117cd6a456a29f8?s=96&d=mm&r=g\",\"url\":\"https:\\\/\\\/secure.gravatar.com\\\/avatar\\\/de332640be3ed6dfba043afc9f0cf67943fba3256852b07fe117cd6a456a29f8?s=96&d=mm&r=g\",\"contentUrl\":\"https:\\\/\\\/secure.gravatar.com\\\/avatar\\\/de332640be3ed6dfba043afc9f0cf67943fba3256852b07fe117cd6a456a29f8?s=96&d=mm&r=g\",\"caption\":\"Stefan N\u00e4hrlich\"},\"sameAs\":[\"http:\\\/\\\/www.daserberoms.de\"],\"url\":\"https:\\\/\\\/naehrlich.de\\\/daserberoms\\\/author\\\/stefan-naehrlich\\\/\"}]}<\/script>\n<!-- \/ Yoast SEO plugin. -->","yoast_head_json":{"title":"Die Ara Pacis Reliefs - DasErbeRoms - alterBlog","description":"Die Ara Pacis Reliefs zeigen den Machtanspruch Augustus und geben einen Einblick in die Patchwork-Familie des ersten r\u00f6mischen Kaisers.","robots":{"index":"index","follow":"follow","max-snippet":"max-snippet:-1","max-image-preview":"max-image-preview:large","max-video-preview":"max-video-preview:-1"},"canonical":"https:\/\/naehrlich.de\/daserberoms\/2024\/03\/03\/die-ara-pacis-reliefs\/","og_locale":"de_DE","og_type":"article","og_title":"Die Ara Pacis Reliefs - DasErbeRoms - alterBlog","og_description":"Die Ara Pacis Reliefs zeigen den Machtanspruch Augustus und geben einen Einblick in die Patchwork-Familie des ersten r\u00f6mischen Kaisers.","og_url":"https:\/\/naehrlich.de\/daserberoms\/2024\/03\/03\/die-ara-pacis-reliefs\/","og_site_name":"DasErbeRoms - alterBlog","article_publisher":"http:\/\/www.facebook.com\/stefan.naehrlich","article_published_time":"2024-03-03T07:26:00+00:00","article_modified_time":"2024-03-03T07:45:43+00:00","og_image":[{"width":1800,"height":793,"url":"https:\/\/naehrlich.de\/daserberoms\/wp-content\/uploads\/2023\/12\/arapacisfries.jpg","type":"image\/jpeg"}],"author":"Stefan N\u00e4hrlich","twitter_card":"summary_large_image","twitter_creator":"@DasErbeRoms","twitter_site":"@DasErbeRoms","twitter_misc":{"Verfasst von":"Stefan N\u00e4hrlich","Gesch\u00e4tzte Lesezeit":"7\u00a0Minuten"},"schema":{"@context":"https:\/\/schema.org","@graph":[{"@type":"Article","@id":"https:\/\/naehrlich.de\/daserberoms\/2024\/03\/03\/die-ara-pacis-reliefs\/#article","isPartOf":{"@id":"https:\/\/naehrlich.de\/daserberoms\/2024\/03\/03\/die-ara-pacis-reliefs\/"},"author":{"name":"Stefan N\u00e4hrlich","@id":"https:\/\/naehrlich.de\/daserberoms\/#\/schema\/person\/abf3183c35b9b7643636e6115f1354a7"},"headline":"Die Ara Pacis Reliefs","datePublished":"2024-03-03T07:26:00+00:00","dateModified":"2024-03-03T07:45:43+00:00","mainEntityOfPage":{"@id":"https:\/\/naehrlich.de\/daserberoms\/2024\/03\/03\/die-ara-pacis-reliefs\/"},"wordCount":1137,"commentCount":0,"image":{"@id":"https:\/\/naehrlich.de\/daserberoms\/2024\/03\/03\/die-ara-pacis-reliefs\/#primaryimage"},"thumbnailUrl":"https:\/\/naehrlich.de\/daserberoms\/wp-content\/uploads\/2023\/12\/arapacisfries.jpg","keywords":["Ara Pacis Augustae","Augustus","Relief"],"articleSection":["Alle Beitr\u00e4ge","Essentials","Rom"],"inLanguage":"de","potentialAction":[{"@type":"CommentAction","name":"Comment","target":["https:\/\/naehrlich.de\/daserberoms\/2024\/03\/03\/die-ara-pacis-reliefs\/#respond"]}]},{"@type":"WebPage","@id":"https:\/\/naehrlich.de\/daserberoms\/2024\/03\/03\/die-ara-pacis-reliefs\/","url":"https:\/\/naehrlich.de\/daserberoms\/2024\/03\/03\/die-ara-pacis-reliefs\/","name":"Die Ara Pacis Reliefs - DasErbeRoms - alterBlog","isPartOf":{"@id":"https:\/\/naehrlich.de\/daserberoms\/#website"},"primaryImageOfPage":{"@id":"https:\/\/naehrlich.de\/daserberoms\/2024\/03\/03\/die-ara-pacis-reliefs\/#primaryimage"},"image":{"@id":"https:\/\/naehrlich.de\/daserberoms\/2024\/03\/03\/die-ara-pacis-reliefs\/#primaryimage"},"thumbnailUrl":"https:\/\/naehrlich.de\/daserberoms\/wp-content\/uploads\/2023\/12\/arapacisfries.jpg","datePublished":"2024-03-03T07:26:00+00:00","dateModified":"2024-03-03T07:45:43+00:00","author":{"@id":"https:\/\/naehrlich.de\/daserberoms\/#\/schema\/person\/abf3183c35b9b7643636e6115f1354a7"},"description":"Die Ara Pacis Reliefs zeigen den Machtanspruch Augustus und geben einen Einblick in die Patchwork-Familie des ersten r\u00f6mischen Kaisers.","breadcrumb":{"@id":"https:\/\/naehrlich.de\/daserberoms\/2024\/03\/03\/die-ara-pacis-reliefs\/#breadcrumb"},"inLanguage":"de","potentialAction":[{"@type":"ReadAction","target":["https:\/\/naehrlich.de\/daserberoms\/2024\/03\/03\/die-ara-pacis-reliefs\/"]}]},{"@type":"ImageObject","inLanguage":"de","@id":"https:\/\/naehrlich.de\/daserberoms\/2024\/03\/03\/die-ara-pacis-reliefs\/#primaryimage","url":"https:\/\/naehrlich.de\/daserberoms\/wp-content\/uploads\/2023\/12\/arapacisfries.jpg","contentUrl":"https:\/\/naehrlich.de\/daserberoms\/wp-content\/uploads\/2023\/12\/arapacisfries.jpg","width":1800,"height":793},{"@type":"BreadcrumbList","@id":"https:\/\/naehrlich.de\/daserberoms\/2024\/03\/03\/die-ara-pacis-reliefs\/#breadcrumb","itemListElement":[{"@type":"ListItem","position":1,"name":"Startseite","item":"https:\/\/naehrlich.de\/daserberoms\/"},{"@type":"ListItem","position":2,"name":"Die Ara Pacis Reliefs"}]},{"@type":"WebSite","@id":"https:\/\/naehrlich.de\/daserberoms\/#website","url":"https:\/\/naehrlich.de\/daserberoms\/","name":"DasErbeRoms - alterBlog","description":"Reisen auf den Spuren der alten R\u00f6mer. Von weltbekannt bis unbekannt. Fotos und Texte. Und ab und an einige Buch- und Filmbesprechungen und KI-Experimente.","potentialAction":[{"@type":"SearchAction","target":{"@type":"EntryPoint","urlTemplate":"https:\/\/naehrlich.de\/daserberoms\/?s={search_term_string}"},"query-input":{"@type":"PropertyValueSpecification","valueRequired":true,"valueName":"search_term_string"}}],"inLanguage":"de"},{"@type":"Person","@id":"https:\/\/naehrlich.de\/daserberoms\/#\/schema\/person\/abf3183c35b9b7643636e6115f1354a7","name":"Stefan N\u00e4hrlich","image":{"@type":"ImageObject","inLanguage":"de","@id":"https:\/\/secure.gravatar.com\/avatar\/de332640be3ed6dfba043afc9f0cf67943fba3256852b07fe117cd6a456a29f8?s=96&d=mm&r=g","url":"https:\/\/secure.gravatar.com\/avatar\/de332640be3ed6dfba043afc9f0cf67943fba3256852b07fe117cd6a456a29f8?s=96&d=mm&r=g","contentUrl":"https:\/\/secure.gravatar.com\/avatar\/de332640be3ed6dfba043afc9f0cf67943fba3256852b07fe117cd6a456a29f8?s=96&d=mm&r=g","caption":"Stefan N\u00e4hrlich"},"sameAs":["http:\/\/www.daserberoms.de"],"url":"https:\/\/naehrlich.de\/daserberoms\/author\/stefan-naehrlich\/"}]}},"_links":{"self":[{"href":"https:\/\/naehrlich.de\/daserberoms\/wp-json\/wp\/v2\/posts\/27239","targetHints":{"allow":["GET"]}}],"collection":[{"href":"https:\/\/naehrlich.de\/daserberoms\/wp-json\/wp\/v2\/posts"}],"about":[{"href":"https:\/\/naehrlich.de\/daserberoms\/wp-json\/wp\/v2\/types\/post"}],"author":[{"embeddable":true,"href":"https:\/\/naehrlich.de\/daserberoms\/wp-json\/wp\/v2\/users\/1"}],"replies":[{"embeddable":true,"href":"https:\/\/naehrlich.de\/daserberoms\/wp-json\/wp\/v2\/comments?post=27239"}],"version-history":[{"count":108,"href":"https:\/\/naehrlich.de\/daserberoms\/wp-json\/wp\/v2\/posts\/27239\/revisions"}],"predecessor-version":[{"id":28810,"href":"https:\/\/naehrlich.de\/daserberoms\/wp-json\/wp\/v2\/posts\/27239\/revisions\/28810"}],"wp:featuredmedia":[{"embeddable":true,"href":"https:\/\/naehrlich.de\/daserberoms\/wp-json\/wp\/v2\/media\/27281"}],"wp:attachment":[{"href":"https:\/\/naehrlich.de\/daserberoms\/wp-json\/wp\/v2\/media?parent=27239"}],"wp:term":[{"taxonomy":"category","embeddable":true,"href":"https:\/\/naehrlich.de\/daserberoms\/wp-json\/wp\/v2\/categories?post=27239"},{"taxonomy":"post_tag","embeddable":true,"href":"https:\/\/naehrlich.de\/daserberoms\/wp-json\/wp\/v2\/tags?post=27239"}],"curies":[{"name":"wp","href":"https:\/\/api.w.org\/{rel}","templated":true}]}}