{"id":28439,"date":"2024-04-21T08:27:00","date_gmt":"2024-04-21T06:27:00","guid":{"rendered":"https:\/\/naehrlich.de\/daserberoms\/?p=28439"},"modified":"2024-10-04T09:16:16","modified_gmt":"2024-10-04T07:16:16","slug":"bonn-leben-am-limes-roms-fliessende-grenzen","status":"publish","type":"post","link":"https:\/\/naehrlich.de\/daserberoms\/2024\/04\/21\/bonn-leben-am-limes-roms-fliessende-grenzen\/","title":{"rendered":"Bonn &#8211; Leben am Limes: Roms flie\u00dfende Grenzen"},"content":{"rendered":"\n<p class=\"lead dropcap\">Leben am Limes: Roms flie\u00dfende Grenzen war eine Station der Arch\u00e4ologischen Landesausstellung NRW 2022 im LVR-LandesMuseum Bonn. Mit den im heutigen Bonn stationierten Legion\u00e4ren begann der Aufschwung der Region.<\/p>\n\n\n\n<p>Das Legionslager Bonn war eine bedeutende Garnison der r\u00f6mischen Armee am Rhein. Mehr als vierhundert Jahre war hier r\u00f6misches Milit\u00e4r stationiert. Am l\u00e4ngsten die <em>Legio I Minervia<\/em>, die in <em>Bonna<\/em> rund 270 Jahre ihren Heimatstandort hatte. Sie war von Kaiser <a href=\"https:\/\/naehrlich.de\/daserberoms\/2023\/01\/08\/kaiser-domitian-hass-und-liebe\/\">Domitian<\/a> in Norditalien und S\u00fcdfrankreich aufgestellt und direkt in Bonn stationiert worden.&nbsp;Das Milit\u00e4r und seine Soldaten hatten Kaufkraft und Bed\u00fcrfnisse und das zog Zivilisten an. Die versorgten die Soldaten mit allem, was sie brauchten und wohnten in zivilen Siedlungen um das Lager oder in der N\u00e4he.&nbsp;<\/p>\n\n\n\n\n\n<p>Die Ausstellung <em>Leben am Limes: Roms flie\u00dfende Grenzen<\/em> im LVR-Landesmuseum zeigte verschiedene Infanterie- und Reiterhelme. Heute nur noch durch die gepunzten Umrisslinien zu erahnen, sind die bronzenen G\u00f6tter- und Tierbilder, die sich von dem silbergl\u00e4nzenden Wei\u00dfmetall\u00fcberzug des Helmes abhoben. Die Inschrift nennt einen Soldaten der 30. Legion aus <a href=\"https:\/\/naehrlich.de\/daserberoms\/2022\/06\/12\/soldaten-der-xxx-legion-ulpia-victrix\/\">Xanten<\/a> als Besitzer. <\/p>\n\n\n\n<p>Die Gesichtsmaske geh\u00f6rte zu einem Reiterhelm und wurde bei Paraden und <a href=\"https:\/\/naehrlich.de\/daserberoms\/2017\/07\/09\/hadrians-cavalry-turma-reiter-roms\/\">Schauk\u00e4mpfen<\/a> getragen. Vielleicht auch im Kampfeinsatz. Auf der Innenseite haben sich Spuren des Lederfutters erhalten. Solche Masken wurden wahrscheinlich einheitlich durch ein Gussverfahren hergestellt und dann um die Augen-und Mundpartien f\u00fcr den jeweiligen Tr\u00e4ger speziell angepasst.<\/p>\n\n\n\n<p>Eine g\u00e4nzlich individuelle Anfertigung ist der Reiterhelm. Sein einst vergoldeter Olivenkranz verweist darauf, das er einem hohen Offizier geh\u00f6rte. Der Nackenschirm ist schr\u00e4g und der Ohrenschutz ist nicht symmetrisch gesetzt. Der Reiter, f\u00fcr den dieser Helm speziell angefertigt wurde, konnte wohl nach einer Halsmuskelverletzung seinen Kopf nicht mehr gerade halten und lie\u00df sich diesen speziellen Helm quasi als orthop\u00e4dische St\u00fctze anfertigen.<\/p>\n\n\n\n\n\n<p><em>Benefiziarier<\/em> waren abkommandierte Soldaten, die Polizeiaufgaben \u00fcbernahmen. Sie trugen als Erkennungszeichen und der verliehenen Macht eine spezielle Lanze mit durchbrochenem Blatt. Das bronzene Medaillon mit dem Kopf einer G\u00f6ttin geh\u00f6rte zur Ausstattung eines Kavalleriepferdes und wurde mit anderen Gegenst\u00e4nden zum Schutz und Schmuck des Pferdes getragen. Die kleine bronzene Tafel ist ein Dokument \u00fcber die ehrenvolle Entlassung eines Soldaten aus dem Milit\u00e4rdienst, ein sog. Milit\u00e4rdiplom. In diesem Fall geh\u00f6rt es dem Legion\u00e4r <em>Septimius Bubas<\/em>, der schon bei Dienstantritt r\u00f6mischer B\u00fcrger war. Die meisten gefundenen <a href=\"https:\/\/naehrlich.de\/daserberoms\/2016\/09\/03\/mogontiacum\/\">Milit\u00e4rdiplome<\/a> stammen aus dem Besitz von Hilfstruppensoldaten, die damit das durch den Milit\u00e4rdienst verdiente r\u00f6mische B\u00fcrgerrecht nachweisen konnten.<\/p>\n\n\n\n\n\n<p>Wer einen gef\u00e4hrlichen Job macht, kann Beistand gut gebrauchen. Hilfe boten die antiken G\u00f6tter, die es in gro\u00dfer Zahl gab und die jeweils f\u00fcr bestimmte Aufgaben zust\u00e4ndig waren. Besonders beliebt im Rheinland waren die <em>Matronen<\/em>. Die drei G\u00f6ttinnen versprachen Schutz und Wohlergehen in allen Lebenslagen. In ihrem Kult mischen sich germanische, keltische und r\u00f6mische Elemente. Auch einfache Soldaten verehrten die G\u00f6ttinnen. Zu ihnen geh\u00f6rte <em>Albanius Super<\/em>, dessen Altar ein besonderes Relief tr\u00e4gt: Ein r\u00f6mischer Soldat hat einen in orientalischer Tracht gekleideten Gegner zu Boden gezwungen, der um Gnade flehend seine Hand ausstreckt. Vermutlich war der Soldat mit einer Einheit der Bonner Legion am Feldzug des Kaisers <em>Lucius Verus<\/em> gegen die Parther an der Ostgrenze des r\u00f6mischen Reiches beteiligt. Nach seiner gl\u00fccklichen Heimkehr stiftete er aus Dankbarkeit den Matronen diesen Altar. <\/p>\n\n\n\n\n\n<p>Die silberne Scheibe war Teil eines antiken Feldzeichens einer Hilfstruppeneinheit. Das Reliefbild zeigt einen Kaiser als siegreichen Feldherren. Es wurde im r\u00f6mischen <a href=\"https:\/\/naehrlich.de\/daserberoms\/2016\/04\/23\/koblenz-ehrenbreitstein\/\">Limeskastell Niederbieber<\/a> gefunden. Feldzeichen f\u00fchrten Einheiten von der <em>Zenturie<\/em> an, \u00fcber die <em>Kohorte<\/em> bis zur <em>Legion<\/em>. Sie dienten nicht nur dazu, taktische Signale an die M\u00e4nner der Einheit zu geben, sondern an ihnen waren auch die milit\u00e4rischen Verdienste einer Einheit ablesbar und an ihnen machte sich der Stolz der Soldaten fest. Ein Feldzeichen zu verlieren war eine Schande, besonders wenn es sich um den Legionsadler, das oberste Feldzeichen einer Legion handelte.  <\/p>\n\n\n\n\n\n<p>Nach der Niederlage des <a href=\"https:\/\/naehrlich.de\/daserberoms\/2015\/10\/10\/so-lange-wird-germanien-nun-schon-besiegt\/\">Varus<\/a> im Jahr 9 gegen germanische Kriegerverb\u00e4nde gaben die R\u00f6mer die weitere Expansion in den Norden auf und zogen die Truppen an den Rhein zur\u00fcck. F\u00fcr mehr als 400 Jahre bildete er fortan die Grenze zwischen dem Imperium Romanum und dem freien Germanien. <\/p>\n\n\n\n<p>Die Rheingrenze war aber kein <em>eiserner Vorhang<\/em>, die Rheingrenze war durchl\u00e4ssig: Menschen, Waren, Ideen und technische Innovationen wechselten von dem einen auf das andere Ufer. Aus dem r\u00f6mischen Imperium wurden Luxusprodukte wie verzierte Bronzegef\u00e4\u00dfe, feine Gl\u00e4ser oder auch hochwertiges Tongeschirr, sogenannte <em>Terra Sigillata<\/em>, ausgef\u00fchrt. Sie waren f\u00fcr die germanische F\u00fchrungselite bestimmt oder dienten als Handels- oder Tauschobjekte. Als Gegenleistung boten die Germanen neben Bernstein, Metallerzen oder Baumaterialien auch Lebensmittel an. Die Kartendarstellung zeigt die St\u00e4dte und Milit\u00e4rlager entlang des Rheins, die Siedlungen und landwirtschaftliche Betriebe, die Heiligt\u00fcmer, H\u00e4fen und Br\u00fccken. <\/p>\n\n\n\n\n\n\n\n<p>Viele der Gutsh\u00f6fe waren wirtschaftlich erfolgreich. Ihre Besitzer investierten ihre Gewinne in ihre H\u00e4user. Fu\u00dfbodenheizungen, B\u00e4der, verglaste Fenster, kostbare Wandmalereien, Mosaiken oder Marmorverkleidungen geh\u00f6rten zum neuen <a href=\"https:\/\/naehrlich.de\/daserberoms\/2015\/04\/12\/romischer-way-of-life\/\">Roman Way of Life<\/a>. Auch die Haushaltswaren und M\u00f6bel waren teuer &#8211; sie bestanden aus Silber, Bronze oder Glas. Kostbarer Schmuck und Textilien aus Seide oder Kaschmirwolle spiegeln den Reichtum einiger Villenbesitzer wider. Als Grabbeigabe einer sogenannten <a href=\"https:\/\/www.virtuelles-museum.com\/zeit\/priesterin-eines-geheimen-kultes-aus-borschemich\/\" target=\"_blank\" rel=\"noreferrer noopener\">Priesterin<\/a> wurde auf dem Gel\u00e4nde ihrer <em>Villa Rustica<\/em> bei Borschemich ein eiserner Faltstuhl gefunden, deren originalgetreuer Nachbau in der Bonner Ausstellung gezeigt wurde.<\/p>\n\n\n\n\n\n<p>F\u00fcr mehr als 400 Jahre war der Rhein die flie\u00dfende Grenze zwischen dem R\u00f6mischem Reich und dem rechtsrheinischen <em>Barbaricum<\/em>. Als die fr\u00e4nkischen K\u00f6nige in der zweiten H\u00e4lfte des f\u00fcnften Jahrhunderts als neue Macht aufstiegen, war das Ende der Flussgrenze besiegelt. Die Kulturen beiderseits des Stroms waren zu diesem Zeitpunkt jedoch schon l\u00e4ngst miteinander verschmolzen. <\/p>\n\n\n\n\n\n<p>Leben am Limes: Roms flie\u00dfende Grenzen vom 25. November 2021 bis 3. Juli 2022 im <a href=\"https:\/\/landesmuseum-bonn.lvr.de\/de\/ausstellungen\/ausstellungsarchiv\/roms_fliessende_grenzen.html\" target=\"_blank\" rel=\"noreferrer noopener\">LVR-LandesMuseum Bonn<\/a>. Die weiteren Standorte der Arch\u00e4ologischen Landesausstellung waren: <a href=\"https:\/\/naehrlich.de\/daserberoms\/2022\/01\/30\/grenzueberschreitung-am-limes-roms-fliessende-grenzen\/\">Detmold<\/a>,\u00a0<a href=\"https:\/\/naehrlich.de\/daserberoms\/2022\/01\/30\/grenzueberschreitung-am-limes-roms-fliessende-grenzen\/\">Haltern<\/a>,\u00a0<a href=\"https:\/\/naehrlich.de\/daserberoms\/2024\/04\/14\/koeln-rom-am-rhein-roms-fliessende-grenzen\/\" target=\"_blank\" rel=\"noreferrer noopener\">K\u00f6ln<\/a> und\u00a0<a href=\"https:\/\/naehrlich.de\/daserberoms\/2022\/06\/26\/xanten-der-limes-am-niederrhein-roms-fliessende-grenzen\/\">Xanten<\/a>.<\/p>\n","protected":false},"excerpt":{"rendered":"<p>Leben am Limes: Roms flie\u00dfende Grenzen war eine Station der Arch\u00e4ologischen Landesausstellung NRW 2022 im LVR-LandesMuseum Bonn. Mit den im heutigen Bonn stationierten Legion\u00e4ren begann der Aufschwung der Region. Das Legionslager Bonn war eine bedeutende Garnison der r\u00f6mischen Armee am Rhein. Mehr als vierhundert Jahre war hier r\u00f6misches Milit\u00e4r stationiert. Am l\u00e4ngsten die Legio I [&hellip;]<\/p>\n","protected":false},"author":1,"featured_media":28441,"comment_status":"open","ping_status":"open","sticky":false,"template":"","format":"standard","meta":{"footnotes":""},"categories":[16,8],"tags":[497,1073,557,111,816,1074,439,1072],"class_list":["post-28439","post","type-post","status-publish","format-standard","has-post-thumbnail","hentry","category-alle-beitraege","category-germanien","tag-1-legion","tag-albanius-super","tag-beneficiarier","tag-gotter","tag-helm","tag-klappstuhl","tag-militaerdiplom","tag-septimius-bubas"],"yoast_head":"<!-- This site is optimized with the Yoast SEO plugin v27.4 - https:\/\/yoast.com\/product\/yoast-seo-wordpress\/ -->\n<title>Bonn - Leben am Limes: Roms flie\u00dfende Grenzen - DasErbeRoms - alterBlog<\/title>\n<meta name=\"description\" content=\"Leben am Limes: Roms flie\u00dfende Grenzen war eine Station der Arch\u00e4ologischen Landesausstellung NRW 2022 im LVR-LandesMuseum Bonn.\" \/>\n<meta name=\"robots\" content=\"index, follow, max-snippet:-1, max-image-preview:large, max-video-preview:-1\" \/>\n<link rel=\"canonical\" href=\"https:\/\/naehrlich.de\/daserberoms\/2024\/04\/21\/bonn-leben-am-limes-roms-fliessende-grenzen\/\" \/>\n<meta property=\"og:locale\" content=\"de_DE\" \/>\n<meta property=\"og:type\" content=\"article\" \/>\n<meta property=\"og:title\" content=\"Bonn - Leben am Limes: Roms flie\u00dfende Grenzen - DasErbeRoms - alterBlog\" \/>\n<meta property=\"og:description\" content=\"Leben am Limes: Roms flie\u00dfende Grenzen war eine Station der Arch\u00e4ologischen Landesausstellung NRW 2022 im LVR-LandesMuseum Bonn.\" \/>\n<meta property=\"og:url\" content=\"https:\/\/naehrlich.de\/daserberoms\/2024\/04\/21\/bonn-leben-am-limes-roms-fliessende-grenzen\/\" \/>\n<meta property=\"og:site_name\" content=\"DasErbeRoms - alterBlog\" \/>\n<meta property=\"article:publisher\" content=\"http:\/\/www.facebook.com\/stefan.naehrlich\" \/>\n<meta property=\"article:published_time\" content=\"2024-04-21T06:27:00+00:00\" \/>\n<meta property=\"article:modified_time\" content=\"2024-10-04T07:16:16+00:00\" \/>\n<meta property=\"og:image\" content=\"https:\/\/naehrlich.de\/daserberoms\/wp-content\/uploads\/2024\/01\/bonnlebenamlimis.png\" \/>\n\t<meta property=\"og:image:width\" content=\"1800\" \/>\n\t<meta property=\"og:image:height\" content=\"800\" \/>\n\t<meta property=\"og:image:type\" content=\"image\/png\" \/>\n<meta name=\"author\" content=\"Stefan N\u00e4hrlich\" \/>\n<meta name=\"twitter:card\" content=\"summary_large_image\" \/>\n<meta name=\"twitter:creator\" content=\"@DasErbeRoms\" \/>\n<meta name=\"twitter:site\" content=\"@DasErbeRoms\" \/>\n<meta name=\"twitter:label1\" content=\"Verfasst von\" \/>\n\t<meta name=\"twitter:data1\" content=\"Stefan N\u00e4hrlich\" \/>\n\t<meta name=\"twitter:label2\" content=\"Gesch\u00e4tzte Lesezeit\" \/>\n\t<meta name=\"twitter:data2\" content=\"6\u00a0Minuten\" \/>\n<script type=\"application\/ld+json\" class=\"yoast-schema-graph\">{\"@context\":\"https:\\\/\\\/schema.org\",\"@graph\":[{\"@type\":\"Article\",\"@id\":\"https:\\\/\\\/naehrlich.de\\\/daserberoms\\\/2024\\\/04\\\/21\\\/bonn-leben-am-limes-roms-fliessende-grenzen\\\/#article\",\"isPartOf\":{\"@id\":\"https:\\\/\\\/naehrlich.de\\\/daserberoms\\\/2024\\\/04\\\/21\\\/bonn-leben-am-limes-roms-fliessende-grenzen\\\/\"},\"author\":{\"name\":\"Stefan N\u00e4hrlich\",\"@id\":\"https:\\\/\\\/naehrlich.de\\\/daserberoms\\\/#\\\/schema\\\/person\\\/abf3183c35b9b7643636e6115f1354a7\"},\"headline\":\"Bonn &#8211; Leben am Limes: Roms flie\u00dfende Grenzen\",\"datePublished\":\"2024-04-21T06:27:00+00:00\",\"dateModified\":\"2024-10-04T07:16:16+00:00\",\"mainEntityOfPage\":{\"@id\":\"https:\\\/\\\/naehrlich.de\\\/daserberoms\\\/2024\\\/04\\\/21\\\/bonn-leben-am-limes-roms-fliessende-grenzen\\\/\"},\"wordCount\":997,\"commentCount\":0,\"image\":{\"@id\":\"https:\\\/\\\/naehrlich.de\\\/daserberoms\\\/2024\\\/04\\\/21\\\/bonn-leben-am-limes-roms-fliessende-grenzen\\\/#primaryimage\"},\"thumbnailUrl\":\"https:\\\/\\\/naehrlich.de\\\/daserberoms\\\/wp-content\\\/uploads\\\/2024\\\/01\\\/bonnlebenamlimis.png\",\"keywords\":[\"1. Legion\",\"Albanius Super\",\"Beneficiarier\",\"G\u00f6tter\",\"Helm\",\"Klappstuhl\",\"Milit\u00e4rdiplom\",\"Septimius Bubas\"],\"articleSection\":[\"Alle Beitr\u00e4ge\",\"Germanien\"],\"inLanguage\":\"de\",\"potentialAction\":[{\"@type\":\"CommentAction\",\"name\":\"Comment\",\"target\":[\"https:\\\/\\\/naehrlich.de\\\/daserberoms\\\/2024\\\/04\\\/21\\\/bonn-leben-am-limes-roms-fliessende-grenzen\\\/#respond\"]}]},{\"@type\":\"WebPage\",\"@id\":\"https:\\\/\\\/naehrlich.de\\\/daserberoms\\\/2024\\\/04\\\/21\\\/bonn-leben-am-limes-roms-fliessende-grenzen\\\/\",\"url\":\"https:\\\/\\\/naehrlich.de\\\/daserberoms\\\/2024\\\/04\\\/21\\\/bonn-leben-am-limes-roms-fliessende-grenzen\\\/\",\"name\":\"Bonn - Leben am Limes: Roms flie\u00dfende Grenzen - DasErbeRoms - alterBlog\",\"isPartOf\":{\"@id\":\"https:\\\/\\\/naehrlich.de\\\/daserberoms\\\/#website\"},\"primaryImageOfPage\":{\"@id\":\"https:\\\/\\\/naehrlich.de\\\/daserberoms\\\/2024\\\/04\\\/21\\\/bonn-leben-am-limes-roms-fliessende-grenzen\\\/#primaryimage\"},\"image\":{\"@id\":\"https:\\\/\\\/naehrlich.de\\\/daserberoms\\\/2024\\\/04\\\/21\\\/bonn-leben-am-limes-roms-fliessende-grenzen\\\/#primaryimage\"},\"thumbnailUrl\":\"https:\\\/\\\/naehrlich.de\\\/daserberoms\\\/wp-content\\\/uploads\\\/2024\\\/01\\\/bonnlebenamlimis.png\",\"datePublished\":\"2024-04-21T06:27:00+00:00\",\"dateModified\":\"2024-10-04T07:16:16+00:00\",\"author\":{\"@id\":\"https:\\\/\\\/naehrlich.de\\\/daserberoms\\\/#\\\/schema\\\/person\\\/abf3183c35b9b7643636e6115f1354a7\"},\"description\":\"Leben am Limes: Roms flie\u00dfende Grenzen war eine Station der Arch\u00e4ologischen Landesausstellung NRW 2022 im LVR-LandesMuseum Bonn.\",\"breadcrumb\":{\"@id\":\"https:\\\/\\\/naehrlich.de\\\/daserberoms\\\/2024\\\/04\\\/21\\\/bonn-leben-am-limes-roms-fliessende-grenzen\\\/#breadcrumb\"},\"inLanguage\":\"de\",\"potentialAction\":[{\"@type\":\"ReadAction\",\"target\":[\"https:\\\/\\\/naehrlich.de\\\/daserberoms\\\/2024\\\/04\\\/21\\\/bonn-leben-am-limes-roms-fliessende-grenzen\\\/\"]}]},{\"@type\":\"ImageObject\",\"inLanguage\":\"de\",\"@id\":\"https:\\\/\\\/naehrlich.de\\\/daserberoms\\\/2024\\\/04\\\/21\\\/bonn-leben-am-limes-roms-fliessende-grenzen\\\/#primaryimage\",\"url\":\"https:\\\/\\\/naehrlich.de\\\/daserberoms\\\/wp-content\\\/uploads\\\/2024\\\/01\\\/bonnlebenamlimis.png\",\"contentUrl\":\"https:\\\/\\\/naehrlich.de\\\/daserberoms\\\/wp-content\\\/uploads\\\/2024\\\/01\\\/bonnlebenamlimis.png\",\"width\":1800,\"height\":800},{\"@type\":\"BreadcrumbList\",\"@id\":\"https:\\\/\\\/naehrlich.de\\\/daserberoms\\\/2024\\\/04\\\/21\\\/bonn-leben-am-limes-roms-fliessende-grenzen\\\/#breadcrumb\",\"itemListElement\":[{\"@type\":\"ListItem\",\"position\":1,\"name\":\"Startseite\",\"item\":\"https:\\\/\\\/naehrlich.de\\\/daserberoms\\\/\"},{\"@type\":\"ListItem\",\"position\":2,\"name\":\"Bonn &#8211; Leben am Limes: Roms flie\u00dfende Grenzen\"}]},{\"@type\":\"WebSite\",\"@id\":\"https:\\\/\\\/naehrlich.de\\\/daserberoms\\\/#website\",\"url\":\"https:\\\/\\\/naehrlich.de\\\/daserberoms\\\/\",\"name\":\"DasErbeRoms - alterBlog\",\"description\":\"Reisen auf den Spuren der alten R\u00f6mer. Von weltbekannt bis unbekannt. Fotos und Texte. Und ab und an einige Buch- und Filmbesprechungen und KI-Experimente.\",\"potentialAction\":[{\"@type\":\"SearchAction\",\"target\":{\"@type\":\"EntryPoint\",\"urlTemplate\":\"https:\\\/\\\/naehrlich.de\\\/daserberoms\\\/?s={search_term_string}\"},\"query-input\":{\"@type\":\"PropertyValueSpecification\",\"valueRequired\":true,\"valueName\":\"search_term_string\"}}],\"inLanguage\":\"de\"},{\"@type\":\"Person\",\"@id\":\"https:\\\/\\\/naehrlich.de\\\/daserberoms\\\/#\\\/schema\\\/person\\\/abf3183c35b9b7643636e6115f1354a7\",\"name\":\"Stefan N\u00e4hrlich\",\"image\":{\"@type\":\"ImageObject\",\"inLanguage\":\"de\",\"@id\":\"https:\\\/\\\/secure.gravatar.com\\\/avatar\\\/de332640be3ed6dfba043afc9f0cf67943fba3256852b07fe117cd6a456a29f8?s=96&d=mm&r=g\",\"url\":\"https:\\\/\\\/secure.gravatar.com\\\/avatar\\\/de332640be3ed6dfba043afc9f0cf67943fba3256852b07fe117cd6a456a29f8?s=96&d=mm&r=g\",\"contentUrl\":\"https:\\\/\\\/secure.gravatar.com\\\/avatar\\\/de332640be3ed6dfba043afc9f0cf67943fba3256852b07fe117cd6a456a29f8?s=96&d=mm&r=g\",\"caption\":\"Stefan N\u00e4hrlich\"},\"sameAs\":[\"http:\\\/\\\/www.daserberoms.de\"],\"url\":\"https:\\\/\\\/naehrlich.de\\\/daserberoms\\\/author\\\/stefan-naehrlich\\\/\"}]}<\/script>\n<!-- \/ Yoast SEO plugin. -->","yoast_head_json":{"title":"Bonn - Leben am Limes: Roms flie\u00dfende Grenzen - DasErbeRoms - alterBlog","description":"Leben am Limes: Roms flie\u00dfende Grenzen war eine Station der Arch\u00e4ologischen Landesausstellung NRW 2022 im LVR-LandesMuseum Bonn.","robots":{"index":"index","follow":"follow","max-snippet":"max-snippet:-1","max-image-preview":"max-image-preview:large","max-video-preview":"max-video-preview:-1"},"canonical":"https:\/\/naehrlich.de\/daserberoms\/2024\/04\/21\/bonn-leben-am-limes-roms-fliessende-grenzen\/","og_locale":"de_DE","og_type":"article","og_title":"Bonn - Leben am Limes: Roms flie\u00dfende Grenzen - DasErbeRoms - alterBlog","og_description":"Leben am Limes: Roms flie\u00dfende Grenzen war eine Station der Arch\u00e4ologischen Landesausstellung NRW 2022 im LVR-LandesMuseum Bonn.","og_url":"https:\/\/naehrlich.de\/daserberoms\/2024\/04\/21\/bonn-leben-am-limes-roms-fliessende-grenzen\/","og_site_name":"DasErbeRoms - alterBlog","article_publisher":"http:\/\/www.facebook.com\/stefan.naehrlich","article_published_time":"2024-04-21T06:27:00+00:00","article_modified_time":"2024-10-04T07:16:16+00:00","og_image":[{"width":1800,"height":800,"url":"https:\/\/naehrlich.de\/daserberoms\/wp-content\/uploads\/2024\/01\/bonnlebenamlimis.png","type":"image\/png"}],"author":"Stefan N\u00e4hrlich","twitter_card":"summary_large_image","twitter_creator":"@DasErbeRoms","twitter_site":"@DasErbeRoms","twitter_misc":{"Verfasst von":"Stefan N\u00e4hrlich","Gesch\u00e4tzte Lesezeit":"6\u00a0Minuten"},"schema":{"@context":"https:\/\/schema.org","@graph":[{"@type":"Article","@id":"https:\/\/naehrlich.de\/daserberoms\/2024\/04\/21\/bonn-leben-am-limes-roms-fliessende-grenzen\/#article","isPartOf":{"@id":"https:\/\/naehrlich.de\/daserberoms\/2024\/04\/21\/bonn-leben-am-limes-roms-fliessende-grenzen\/"},"author":{"name":"Stefan N\u00e4hrlich","@id":"https:\/\/naehrlich.de\/daserberoms\/#\/schema\/person\/abf3183c35b9b7643636e6115f1354a7"},"headline":"Bonn &#8211; Leben am Limes: Roms flie\u00dfende Grenzen","datePublished":"2024-04-21T06:27:00+00:00","dateModified":"2024-10-04T07:16:16+00:00","mainEntityOfPage":{"@id":"https:\/\/naehrlich.de\/daserberoms\/2024\/04\/21\/bonn-leben-am-limes-roms-fliessende-grenzen\/"},"wordCount":997,"commentCount":0,"image":{"@id":"https:\/\/naehrlich.de\/daserberoms\/2024\/04\/21\/bonn-leben-am-limes-roms-fliessende-grenzen\/#primaryimage"},"thumbnailUrl":"https:\/\/naehrlich.de\/daserberoms\/wp-content\/uploads\/2024\/01\/bonnlebenamlimis.png","keywords":["1. Legion","Albanius Super","Beneficiarier","G\u00f6tter","Helm","Klappstuhl","Milit\u00e4rdiplom","Septimius Bubas"],"articleSection":["Alle Beitr\u00e4ge","Germanien"],"inLanguage":"de","potentialAction":[{"@type":"CommentAction","name":"Comment","target":["https:\/\/naehrlich.de\/daserberoms\/2024\/04\/21\/bonn-leben-am-limes-roms-fliessende-grenzen\/#respond"]}]},{"@type":"WebPage","@id":"https:\/\/naehrlich.de\/daserberoms\/2024\/04\/21\/bonn-leben-am-limes-roms-fliessende-grenzen\/","url":"https:\/\/naehrlich.de\/daserberoms\/2024\/04\/21\/bonn-leben-am-limes-roms-fliessende-grenzen\/","name":"Bonn - Leben am Limes: Roms flie\u00dfende Grenzen - DasErbeRoms - alterBlog","isPartOf":{"@id":"https:\/\/naehrlich.de\/daserberoms\/#website"},"primaryImageOfPage":{"@id":"https:\/\/naehrlich.de\/daserberoms\/2024\/04\/21\/bonn-leben-am-limes-roms-fliessende-grenzen\/#primaryimage"},"image":{"@id":"https:\/\/naehrlich.de\/daserberoms\/2024\/04\/21\/bonn-leben-am-limes-roms-fliessende-grenzen\/#primaryimage"},"thumbnailUrl":"https:\/\/naehrlich.de\/daserberoms\/wp-content\/uploads\/2024\/01\/bonnlebenamlimis.png","datePublished":"2024-04-21T06:27:00+00:00","dateModified":"2024-10-04T07:16:16+00:00","author":{"@id":"https:\/\/naehrlich.de\/daserberoms\/#\/schema\/person\/abf3183c35b9b7643636e6115f1354a7"},"description":"Leben am Limes: Roms flie\u00dfende Grenzen war eine Station der Arch\u00e4ologischen Landesausstellung NRW 2022 im LVR-LandesMuseum Bonn.","breadcrumb":{"@id":"https:\/\/naehrlich.de\/daserberoms\/2024\/04\/21\/bonn-leben-am-limes-roms-fliessende-grenzen\/#breadcrumb"},"inLanguage":"de","potentialAction":[{"@type":"ReadAction","target":["https:\/\/naehrlich.de\/daserberoms\/2024\/04\/21\/bonn-leben-am-limes-roms-fliessende-grenzen\/"]}]},{"@type":"ImageObject","inLanguage":"de","@id":"https:\/\/naehrlich.de\/daserberoms\/2024\/04\/21\/bonn-leben-am-limes-roms-fliessende-grenzen\/#primaryimage","url":"https:\/\/naehrlich.de\/daserberoms\/wp-content\/uploads\/2024\/01\/bonnlebenamlimis.png","contentUrl":"https:\/\/naehrlich.de\/daserberoms\/wp-content\/uploads\/2024\/01\/bonnlebenamlimis.png","width":1800,"height":800},{"@type":"BreadcrumbList","@id":"https:\/\/naehrlich.de\/daserberoms\/2024\/04\/21\/bonn-leben-am-limes-roms-fliessende-grenzen\/#breadcrumb","itemListElement":[{"@type":"ListItem","position":1,"name":"Startseite","item":"https:\/\/naehrlich.de\/daserberoms\/"},{"@type":"ListItem","position":2,"name":"Bonn &#8211; Leben am Limes: Roms flie\u00dfende Grenzen"}]},{"@type":"WebSite","@id":"https:\/\/naehrlich.de\/daserberoms\/#website","url":"https:\/\/naehrlich.de\/daserberoms\/","name":"DasErbeRoms - alterBlog","description":"Reisen auf den Spuren der alten R\u00f6mer. Von weltbekannt bis unbekannt. Fotos und Texte. Und ab und an einige Buch- und Filmbesprechungen und KI-Experimente.","potentialAction":[{"@type":"SearchAction","target":{"@type":"EntryPoint","urlTemplate":"https:\/\/naehrlich.de\/daserberoms\/?s={search_term_string}"},"query-input":{"@type":"PropertyValueSpecification","valueRequired":true,"valueName":"search_term_string"}}],"inLanguage":"de"},{"@type":"Person","@id":"https:\/\/naehrlich.de\/daserberoms\/#\/schema\/person\/abf3183c35b9b7643636e6115f1354a7","name":"Stefan N\u00e4hrlich","image":{"@type":"ImageObject","inLanguage":"de","@id":"https:\/\/secure.gravatar.com\/avatar\/de332640be3ed6dfba043afc9f0cf67943fba3256852b07fe117cd6a456a29f8?s=96&d=mm&r=g","url":"https:\/\/secure.gravatar.com\/avatar\/de332640be3ed6dfba043afc9f0cf67943fba3256852b07fe117cd6a456a29f8?s=96&d=mm&r=g","contentUrl":"https:\/\/secure.gravatar.com\/avatar\/de332640be3ed6dfba043afc9f0cf67943fba3256852b07fe117cd6a456a29f8?s=96&d=mm&r=g","caption":"Stefan N\u00e4hrlich"},"sameAs":["http:\/\/www.daserberoms.de"],"url":"https:\/\/naehrlich.de\/daserberoms\/author\/stefan-naehrlich\/"}]}},"_links":{"self":[{"href":"https:\/\/naehrlich.de\/daserberoms\/wp-json\/wp\/v2\/posts\/28439","targetHints":{"allow":["GET"]}}],"collection":[{"href":"https:\/\/naehrlich.de\/daserberoms\/wp-json\/wp\/v2\/posts"}],"about":[{"href":"https:\/\/naehrlich.de\/daserberoms\/wp-json\/wp\/v2\/types\/post"}],"author":[{"embeddable":true,"href":"https:\/\/naehrlich.de\/daserberoms\/wp-json\/wp\/v2\/users\/1"}],"replies":[{"embeddable":true,"href":"https:\/\/naehrlich.de\/daserberoms\/wp-json\/wp\/v2\/comments?post=28439"}],"version-history":[{"count":98,"href":"https:\/\/naehrlich.de\/daserberoms\/wp-json\/wp\/v2\/posts\/28439\/revisions"}],"predecessor-version":[{"id":31192,"href":"https:\/\/naehrlich.de\/daserberoms\/wp-json\/wp\/v2\/posts\/28439\/revisions\/31192"}],"wp:featuredmedia":[{"embeddable":true,"href":"https:\/\/naehrlich.de\/daserberoms\/wp-json\/wp\/v2\/media\/28441"}],"wp:attachment":[{"href":"https:\/\/naehrlich.de\/daserberoms\/wp-json\/wp\/v2\/media?parent=28439"}],"wp:term":[{"taxonomy":"category","embeddable":true,"href":"https:\/\/naehrlich.de\/daserberoms\/wp-json\/wp\/v2\/categories?post=28439"},{"taxonomy":"post_tag","embeddable":true,"href":"https:\/\/naehrlich.de\/daserberoms\/wp-json\/wp\/v2\/tags?post=28439"}],"curies":[{"name":"wp","href":"https:\/\/api.w.org\/{rel}","templated":true}]}}