{"id":32687,"date":"2025-03-30T08:37:00","date_gmt":"2025-03-30T06:37:00","guid":{"rendered":"https:\/\/naehrlich.de\/daserberoms\/?p=32687"},"modified":"2025-03-23T07:38:07","modified_gmt":"2025-03-23T06:38:07","slug":"mumienportraets-gesichter-aus-dem-roemischen-aegypten","status":"publish","type":"post","link":"https:\/\/naehrlich.de\/daserberoms\/2025\/03\/30\/mumienportraets-gesichter-aus-dem-roemischen-aegypten\/","title":{"rendered":"Mumienportr\u00e4ts: Gesichter aus dem r\u00f6mischen \u00c4gypten"},"content":{"rendered":"\n<p class=\"lead dropcap\">Wie sahen die Menschen in der Antike aus, wie lie\u00dfen sie sich bildlich darstellen? Aus dem r\u00f6mischen \u00c4gypten zeigen uns dies sogenannte Mumienportr\u00e4ts, bemalte Holzt\u00e4felchen, die man von Verstorbenen anfertige.<\/p>\n\n\n\n<p>Mumienportr\u00e4ts sind realistische, auf Holztafeln gemalte Bildnisse von Verstorbenen, die in die Leinenbinden von Mumien eingearbeitet wurden. Sie stammen aus der r\u00f6mischen Kaiserzeit des ersten bis dritten Jahrhunderts und wurden vor allem in \u00c4gypten gefunden. Diese Portr\u00e4ts geh\u00f6ren zur Tradition der \u00e4gyptischen Mumifizierung, zeigen aber starken griechisch-r\u00f6mischen Einfluss in Malstil und Technik. <\/p>\n\n\n\n<p>Die Maler verwendeten oft d\u00fcnne Holztafeln aus Hartholz, beispielsweise von Linden oder Zypressen, die mit dem Bildnis des Verstorbenen bemalt wurden. Angewendet wurde entweder die Enkaustik-Technik, wobei Farbpigmente mit hei\u00dfem Wachs vermischt wurden, oder die Darstellung erfolgte in Form der Temperamalerei. Hierbei wurde wasserverd\u00fcnntes Eigelb oder Leim als Bindemittel\u00a0verwendet. Die Portraits wurden dann \u00fcber das Gesicht der einbalsamierten Mumie gelegt und mit den Leinenbinden befestigt. Die meisten Mumienportr\u00e4ts wurden in \u00c4gypten gefunden, insbesondere auf den Friedh\u00f6fen von\u00a0<em>Hawara<\/em>\u00a0und\u00a0<em>Er-Rubayat<\/em>\u00a0im Fayyum\u200b-Becken in Mittel\u00e4gypten.<\/p>\n\n\n\n\n\n<p>Mumienportr\u00e4ts waren Teil der Begr\u00e4bniskultur in \u00c4gypten und sollten das Gesicht der Verstorbenen f\u00fcr das Jenseits bewahren. Sie spiegeln sowohl \u00e4gyptische Jenseitsvorstellungen als auch r\u00f6misch-hellenistische Portr\u00e4tkunst wider. Heute sind sie eine der wichtigsten Quellen f\u00fcr die r\u00f6mische Portr\u00e4tkunst und die Kultur des hellenistischen \u00c4gyptens. Sie geben einzigartige Einblicke in Kleidung, Frisuren und Schmuck der einheimischen Oberschicht, die sich kulturell stark an Rom orientierte\u200b.<\/p>\n\n\n\n\n\n<p>Die Mumienportraits zeigen auch das Fortbestehen einheimischer Traditionen unter Fremdherrschaft und gleichzeitig das Aufnehmen neuer kultureller Einfl\u00fcsse. Auch in Zeiten der griechischen und r\u00f6mischen Besatzung in \u00c4gypten waren die alten Bestattungssitten nicht aufgegeben worden. So wurden die Verstorbenen weiterhin einbalsamiert und in Form von Mumien beigesetzt. Als neues Element f\u00fcgte man zuweilen das auf eine Holzplatte gemalte &#8211; oft naturgetreu gehaltene &#8211; Portr\u00e4t des Toten in den Mumienk\u00f6rper ein.<\/p>\n\n\n\n<p>Dem <a href=\"https:\/\/liebieghaus.de\/de\/antike\/mumienbildnis-eines-maedchens\" target=\"_blank\" rel=\"noreferrer noopener\">Gesicht des M\u00e4dchens<\/a> auf dem Mumienportrait rechts oben verleihen dunkle und helle Bereiche Plastizit\u00e4t und Tiefe. Unter den feinen Stirnlocken liegt ein leichter Schattenwurf, der Nasenr\u00fccken ist durch ein Glanzlicht betont, der Nasenschatten durch Schraffur herausgearbeitet.<\/p>\n\n\n\n\n\n<p>Das Portr\u00e4t <em>\u00c4lterer Mann mit Vollbart<\/em>\u00a0zeigt einen Mann mit typisch betonter Augenpartie: gro\u00dfe, schwarz umrandete, dunkle Augen mit buschigen Brauen. Die schwarzen und wei\u00dfen Kopf- und Barthaare sind in vielen regelm\u00e4\u00dfigen Str\u00e4hnen auf dunkelbraunem Grund gemalt. Man erkennt deutlich den Malstil der Temperatechnik mit Linien und Schraffuren. Der Mann tr\u00e4gt r\u00f6mische Kleidung, eine wei\u00dfe Tunika mit roten Streifen. Das Mumienportrait stammt aus der Antikensammlung im <a href=\"https:\/\/www.khm.at\/en\/objectdb\/detail\/71682\/?offset=2&amp;lv=list\" target=\"_blank\" rel=\"noreferrer noopener\">Kunsthistorisches Museum Wien<\/a>.<\/p>\n\n\n\n\n\n<p>Aus einer r\u00f6merzeitlichen Grabkammer in Hawara stammt das gemalten Bildnis einer Frau, das heute im <a href=\"https:\/\/global.museum-digital.org\/object\/251782\" target=\"_blank\" rel=\"noreferrer noopener\">Neuen Museum Berlin<\/a> ausgestellt ist. Die griechische Inschrift nennt den Namen <em>Aline<\/em>, das Sterbealter von 35 Jahren und das Jahr zehn eines nicht genannten Kaisers. <\/p>\n\n\n\n<p>Anhand der Tracht und Frisur der Dargestellten, die sich am r\u00f6mischen Kaiserhaus orientierte, ist dieses Portr\u00e4ts relativ genau zu datieren, schreibt der <a href=\"https:\/\/www.aegyptisches-museum-berlin-verein.de\/c34.php\" target=\"_blank\" rel=\"noreferrer noopener\">Verein zur F\u00f6rderung des \u00c4gyptischen Museums Berlin<\/a>. Alines sorgsam geordnete L\u00f6ckchenfrisur entspricht der Mode unter Kaiser Tiberius, in dessen zehnten Regierungsjahr sie verstorben ist, so dass ihr Todestag im Jahr 24 liegen muss. Vor fast genau 2000 Jahren fertigte dementsprechend ein Maler das Portrait der Aline an.<\/p>\n\n\n\n<p>Realistische Darstellungen von Menschen gab es in der Antike auch noch in anderer Form. Aus der Oasenstadt Palmyra im heutigen Syrien sind <a href=\"https:\/\/naehrlich.de\/daserberoms\/2025\/03\/09\/palmyra-portraits-gesichter-aus-dem-roemischen-orient\/\">steinerne Portraits<\/a> von R\u00f6merinnen und R\u00f6mern erhalten geblieben.<\/p>\n\n\n\n<p class=\"has-text-align-center\">Danke f\u00fcrs Lesen. M\u00f6ge Fortuna stets mit Dir sein. Hier findest du den neuen Blog Das Erbe Roms: <a href=\"https:\/\/www.daserberoms.de\" target=\"_blank\" rel=\"noopener noreferrer\">www.daserberoms.de<\/a><\/p>\n\n\n\n<center>  <\/center>\n","protected":false},"excerpt":{"rendered":"<p>Wie sahen die Menschen in der Antike aus, wie lie\u00dfen sie sich bildlich darstellen? Aus dem r\u00f6mischen \u00c4gypten zeigen uns dies sogenannte Mumienportr\u00e4ts, bemalte Holzt\u00e4felchen, die man von Verstorbenen anfertige. Mumienportr\u00e4ts sind realistische, auf Holztafeln gemalte Bildnisse von Verstorbenen, die in die Leinenbinden von Mumien eingearbeitet wurden. Sie stammen aus der r\u00f6mischen Kaiserzeit des ersten [&hellip;]<\/p>\n","protected":false},"author":1,"featured_media":32702,"comment_status":"open","ping_status":"open","sticky":false,"template":"","format":"standard","meta":{"footnotes":""},"categories":[2,16,1007],"tags":[121],"class_list":["post-32687","post","type-post","status-publish","format-standard","has-post-thumbnail","hentry","category-aegypten","category-alle-beitraege","category-malerei","tag-grabmal"],"yoast_head":"<!-- This site is optimized with the Yoast SEO plugin v27.4 - https:\/\/yoast.com\/product\/yoast-seo-wordpress\/ -->\n<title>Mumienportr\u00e4ts: Gesichter aus dem r\u00f6mischen \u00c4gypten - DasErbeRoms - alterBlog<\/title>\n<meta name=\"description\" content=\"Wie sahen die Menschen in der Antike aus, wie lie\u00dfen sie sich bildlich darstellen? Aus dem r\u00f6mischen \u00c4gypten zeigen uns dies Mumienportr\u00e4ts.\" \/>\n<meta name=\"robots\" content=\"index, follow, max-snippet:-1, max-image-preview:large, max-video-preview:-1\" \/>\n<link rel=\"canonical\" href=\"https:\/\/naehrlich.de\/daserberoms\/2025\/03\/30\/mumienportraets-gesichter-aus-dem-roemischen-aegypten\/\" \/>\n<meta property=\"og:locale\" content=\"de_DE\" \/>\n<meta property=\"og:type\" content=\"article\" \/>\n<meta property=\"og:title\" content=\"Mumienportr\u00e4ts: Gesichter aus dem r\u00f6mischen \u00c4gypten - DasErbeRoms - alterBlog\" \/>\n<meta property=\"og:description\" content=\"Wie sahen die Menschen in der Antike aus, wie lie\u00dfen sie sich bildlich darstellen? Aus dem r\u00f6mischen \u00c4gypten zeigen uns dies Mumienportr\u00e4ts.\" \/>\n<meta property=\"og:url\" content=\"https:\/\/naehrlich.de\/daserberoms\/2025\/03\/30\/mumienportraets-gesichter-aus-dem-roemischen-aegypten\/\" \/>\n<meta property=\"og:site_name\" content=\"DasErbeRoms - alterBlog\" \/>\n<meta property=\"article:publisher\" content=\"http:\/\/www.facebook.com\/stefan.naehrlich\" \/>\n<meta property=\"article:published_time\" content=\"2025-03-30T06:37:00+00:00\" \/>\n<meta property=\"og:image\" content=\"https:\/\/naehrlich.de\/daserberoms\/wp-content\/uploads\/2025\/02\/mumienportraits03.jpg\" \/>\n\t<meta property=\"og:image:width\" content=\"1800\" \/>\n\t<meta property=\"og:image:height\" content=\"800\" \/>\n\t<meta property=\"og:image:type\" content=\"image\/jpeg\" \/>\n<meta name=\"author\" content=\"Stefan N\u00e4hrlich\" \/>\n<meta name=\"twitter:card\" content=\"summary_large_image\" \/>\n<meta name=\"twitter:creator\" content=\"@DasErbeRoms\" \/>\n<meta name=\"twitter:site\" content=\"@DasErbeRoms\" \/>\n<meta name=\"twitter:label1\" content=\"Verfasst von\" \/>\n\t<meta name=\"twitter:data1\" content=\"Stefan N\u00e4hrlich\" \/>\n\t<meta name=\"twitter:label2\" content=\"Gesch\u00e4tzte Lesezeit\" \/>\n\t<meta name=\"twitter:data2\" content=\"4\u00a0Minuten\" \/>\n<script type=\"application\/ld+json\" class=\"yoast-schema-graph\">{\"@context\":\"https:\\\/\\\/schema.org\",\"@graph\":[{\"@type\":\"Article\",\"@id\":\"https:\\\/\\\/naehrlich.de\\\/daserberoms\\\/2025\\\/03\\\/30\\\/mumienportraets-gesichter-aus-dem-roemischen-aegypten\\\/#article\",\"isPartOf\":{\"@id\":\"https:\\\/\\\/naehrlich.de\\\/daserberoms\\\/2025\\\/03\\\/30\\\/mumienportraets-gesichter-aus-dem-roemischen-aegypten\\\/\"},\"author\":{\"name\":\"Stefan N\u00e4hrlich\",\"@id\":\"https:\\\/\\\/naehrlich.de\\\/daserberoms\\\/#\\\/schema\\\/person\\\/abf3183c35b9b7643636e6115f1354a7\"},\"headline\":\"Mumienportr\u00e4ts: Gesichter aus dem r\u00f6mischen \u00c4gypten\",\"datePublished\":\"2025-03-30T06:37:00+00:00\",\"mainEntityOfPage\":{\"@id\":\"https:\\\/\\\/naehrlich.de\\\/daserberoms\\\/2025\\\/03\\\/30\\\/mumienportraets-gesichter-aus-dem-roemischen-aegypten\\\/\"},\"wordCount\":619,\"commentCount\":0,\"image\":{\"@id\":\"https:\\\/\\\/naehrlich.de\\\/daserberoms\\\/2025\\\/03\\\/30\\\/mumienportraets-gesichter-aus-dem-roemischen-aegypten\\\/#primaryimage\"},\"thumbnailUrl\":\"https:\\\/\\\/naehrlich.de\\\/daserberoms\\\/wp-content\\\/uploads\\\/2025\\\/02\\\/mumienportraits03.jpg\",\"keywords\":[\"Grabmal\"],\"articleSection\":[\"\u00c4gypten\",\"Alle Beitr\u00e4ge\",\"Malerei\"],\"inLanguage\":\"de\",\"potentialAction\":[{\"@type\":\"CommentAction\",\"name\":\"Comment\",\"target\":[\"https:\\\/\\\/naehrlich.de\\\/daserberoms\\\/2025\\\/03\\\/30\\\/mumienportraets-gesichter-aus-dem-roemischen-aegypten\\\/#respond\"]}]},{\"@type\":\"WebPage\",\"@id\":\"https:\\\/\\\/naehrlich.de\\\/daserberoms\\\/2025\\\/03\\\/30\\\/mumienportraets-gesichter-aus-dem-roemischen-aegypten\\\/\",\"url\":\"https:\\\/\\\/naehrlich.de\\\/daserberoms\\\/2025\\\/03\\\/30\\\/mumienportraets-gesichter-aus-dem-roemischen-aegypten\\\/\",\"name\":\"Mumienportr\u00e4ts: Gesichter aus dem r\u00f6mischen \u00c4gypten - DasErbeRoms - alterBlog\",\"isPartOf\":{\"@id\":\"https:\\\/\\\/naehrlich.de\\\/daserberoms\\\/#website\"},\"primaryImageOfPage\":{\"@id\":\"https:\\\/\\\/naehrlich.de\\\/daserberoms\\\/2025\\\/03\\\/30\\\/mumienportraets-gesichter-aus-dem-roemischen-aegypten\\\/#primaryimage\"},\"image\":{\"@id\":\"https:\\\/\\\/naehrlich.de\\\/daserberoms\\\/2025\\\/03\\\/30\\\/mumienportraets-gesichter-aus-dem-roemischen-aegypten\\\/#primaryimage\"},\"thumbnailUrl\":\"https:\\\/\\\/naehrlich.de\\\/daserberoms\\\/wp-content\\\/uploads\\\/2025\\\/02\\\/mumienportraits03.jpg\",\"datePublished\":\"2025-03-30T06:37:00+00:00\",\"author\":{\"@id\":\"https:\\\/\\\/naehrlich.de\\\/daserberoms\\\/#\\\/schema\\\/person\\\/abf3183c35b9b7643636e6115f1354a7\"},\"description\":\"Wie sahen die Menschen in der Antike aus, wie lie\u00dfen sie sich bildlich darstellen? Aus dem r\u00f6mischen \u00c4gypten zeigen uns dies Mumienportr\u00e4ts.\",\"breadcrumb\":{\"@id\":\"https:\\\/\\\/naehrlich.de\\\/daserberoms\\\/2025\\\/03\\\/30\\\/mumienportraets-gesichter-aus-dem-roemischen-aegypten\\\/#breadcrumb\"},\"inLanguage\":\"de\",\"potentialAction\":[{\"@type\":\"ReadAction\",\"target\":[\"https:\\\/\\\/naehrlich.de\\\/daserberoms\\\/2025\\\/03\\\/30\\\/mumienportraets-gesichter-aus-dem-roemischen-aegypten\\\/\"]}]},{\"@type\":\"ImageObject\",\"inLanguage\":\"de\",\"@id\":\"https:\\\/\\\/naehrlich.de\\\/daserberoms\\\/2025\\\/03\\\/30\\\/mumienportraets-gesichter-aus-dem-roemischen-aegypten\\\/#primaryimage\",\"url\":\"https:\\\/\\\/naehrlich.de\\\/daserberoms\\\/wp-content\\\/uploads\\\/2025\\\/02\\\/mumienportraits03.jpg\",\"contentUrl\":\"https:\\\/\\\/naehrlich.de\\\/daserberoms\\\/wp-content\\\/uploads\\\/2025\\\/02\\\/mumienportraits03.jpg\",\"width\":1800,\"height\":800},{\"@type\":\"BreadcrumbList\",\"@id\":\"https:\\\/\\\/naehrlich.de\\\/daserberoms\\\/2025\\\/03\\\/30\\\/mumienportraets-gesichter-aus-dem-roemischen-aegypten\\\/#breadcrumb\",\"itemListElement\":[{\"@type\":\"ListItem\",\"position\":1,\"name\":\"Startseite\",\"item\":\"https:\\\/\\\/naehrlich.de\\\/daserberoms\\\/\"},{\"@type\":\"ListItem\",\"position\":2,\"name\":\"Mumienportr\u00e4ts: Gesichter aus dem r\u00f6mischen \u00c4gypten\"}]},{\"@type\":\"WebSite\",\"@id\":\"https:\\\/\\\/naehrlich.de\\\/daserberoms\\\/#website\",\"url\":\"https:\\\/\\\/naehrlich.de\\\/daserberoms\\\/\",\"name\":\"DasErbeRoms - alterBlog\",\"description\":\"Reisen auf den Spuren der alten R\u00f6mer. Von weltbekannt bis unbekannt. Fotos und Texte. Und ab und an einige Buch- und Filmbesprechungen und KI-Experimente.\",\"potentialAction\":[{\"@type\":\"SearchAction\",\"target\":{\"@type\":\"EntryPoint\",\"urlTemplate\":\"https:\\\/\\\/naehrlich.de\\\/daserberoms\\\/?s={search_term_string}\"},\"query-input\":{\"@type\":\"PropertyValueSpecification\",\"valueRequired\":true,\"valueName\":\"search_term_string\"}}],\"inLanguage\":\"de\"},{\"@type\":\"Person\",\"@id\":\"https:\\\/\\\/naehrlich.de\\\/daserberoms\\\/#\\\/schema\\\/person\\\/abf3183c35b9b7643636e6115f1354a7\",\"name\":\"Stefan N\u00e4hrlich\",\"image\":{\"@type\":\"ImageObject\",\"inLanguage\":\"de\",\"@id\":\"https:\\\/\\\/secure.gravatar.com\\\/avatar\\\/de332640be3ed6dfba043afc9f0cf67943fba3256852b07fe117cd6a456a29f8?s=96&d=mm&r=g\",\"url\":\"https:\\\/\\\/secure.gravatar.com\\\/avatar\\\/de332640be3ed6dfba043afc9f0cf67943fba3256852b07fe117cd6a456a29f8?s=96&d=mm&r=g\",\"contentUrl\":\"https:\\\/\\\/secure.gravatar.com\\\/avatar\\\/de332640be3ed6dfba043afc9f0cf67943fba3256852b07fe117cd6a456a29f8?s=96&d=mm&r=g\",\"caption\":\"Stefan N\u00e4hrlich\"},\"sameAs\":[\"http:\\\/\\\/www.daserberoms.de\"],\"url\":\"https:\\\/\\\/naehrlich.de\\\/daserberoms\\\/author\\\/stefan-naehrlich\\\/\"}]}<\/script>\n<!-- \/ Yoast SEO plugin. -->","yoast_head_json":{"title":"Mumienportr\u00e4ts: Gesichter aus dem r\u00f6mischen \u00c4gypten - DasErbeRoms - alterBlog","description":"Wie sahen die Menschen in der Antike aus, wie lie\u00dfen sie sich bildlich darstellen? Aus dem r\u00f6mischen \u00c4gypten zeigen uns dies Mumienportr\u00e4ts.","robots":{"index":"index","follow":"follow","max-snippet":"max-snippet:-1","max-image-preview":"max-image-preview:large","max-video-preview":"max-video-preview:-1"},"canonical":"https:\/\/naehrlich.de\/daserberoms\/2025\/03\/30\/mumienportraets-gesichter-aus-dem-roemischen-aegypten\/","og_locale":"de_DE","og_type":"article","og_title":"Mumienportr\u00e4ts: Gesichter aus dem r\u00f6mischen \u00c4gypten - DasErbeRoms - alterBlog","og_description":"Wie sahen die Menschen in der Antike aus, wie lie\u00dfen sie sich bildlich darstellen? Aus dem r\u00f6mischen \u00c4gypten zeigen uns dies Mumienportr\u00e4ts.","og_url":"https:\/\/naehrlich.de\/daserberoms\/2025\/03\/30\/mumienportraets-gesichter-aus-dem-roemischen-aegypten\/","og_site_name":"DasErbeRoms - alterBlog","article_publisher":"http:\/\/www.facebook.com\/stefan.naehrlich","article_published_time":"2025-03-30T06:37:00+00:00","og_image":[{"width":1800,"height":800,"url":"https:\/\/naehrlich.de\/daserberoms\/wp-content\/uploads\/2025\/02\/mumienportraits03.jpg","type":"image\/jpeg"}],"author":"Stefan N\u00e4hrlich","twitter_card":"summary_large_image","twitter_creator":"@DasErbeRoms","twitter_site":"@DasErbeRoms","twitter_misc":{"Verfasst von":"Stefan N\u00e4hrlich","Gesch\u00e4tzte Lesezeit":"4\u00a0Minuten"},"schema":{"@context":"https:\/\/schema.org","@graph":[{"@type":"Article","@id":"https:\/\/naehrlich.de\/daserberoms\/2025\/03\/30\/mumienportraets-gesichter-aus-dem-roemischen-aegypten\/#article","isPartOf":{"@id":"https:\/\/naehrlich.de\/daserberoms\/2025\/03\/30\/mumienportraets-gesichter-aus-dem-roemischen-aegypten\/"},"author":{"name":"Stefan N\u00e4hrlich","@id":"https:\/\/naehrlich.de\/daserberoms\/#\/schema\/person\/abf3183c35b9b7643636e6115f1354a7"},"headline":"Mumienportr\u00e4ts: Gesichter aus dem r\u00f6mischen \u00c4gypten","datePublished":"2025-03-30T06:37:00+00:00","mainEntityOfPage":{"@id":"https:\/\/naehrlich.de\/daserberoms\/2025\/03\/30\/mumienportraets-gesichter-aus-dem-roemischen-aegypten\/"},"wordCount":619,"commentCount":0,"image":{"@id":"https:\/\/naehrlich.de\/daserberoms\/2025\/03\/30\/mumienportraets-gesichter-aus-dem-roemischen-aegypten\/#primaryimage"},"thumbnailUrl":"https:\/\/naehrlich.de\/daserberoms\/wp-content\/uploads\/2025\/02\/mumienportraits03.jpg","keywords":["Grabmal"],"articleSection":["\u00c4gypten","Alle Beitr\u00e4ge","Malerei"],"inLanguage":"de","potentialAction":[{"@type":"CommentAction","name":"Comment","target":["https:\/\/naehrlich.de\/daserberoms\/2025\/03\/30\/mumienportraets-gesichter-aus-dem-roemischen-aegypten\/#respond"]}]},{"@type":"WebPage","@id":"https:\/\/naehrlich.de\/daserberoms\/2025\/03\/30\/mumienportraets-gesichter-aus-dem-roemischen-aegypten\/","url":"https:\/\/naehrlich.de\/daserberoms\/2025\/03\/30\/mumienportraets-gesichter-aus-dem-roemischen-aegypten\/","name":"Mumienportr\u00e4ts: Gesichter aus dem r\u00f6mischen \u00c4gypten - DasErbeRoms - alterBlog","isPartOf":{"@id":"https:\/\/naehrlich.de\/daserberoms\/#website"},"primaryImageOfPage":{"@id":"https:\/\/naehrlich.de\/daserberoms\/2025\/03\/30\/mumienportraets-gesichter-aus-dem-roemischen-aegypten\/#primaryimage"},"image":{"@id":"https:\/\/naehrlich.de\/daserberoms\/2025\/03\/30\/mumienportraets-gesichter-aus-dem-roemischen-aegypten\/#primaryimage"},"thumbnailUrl":"https:\/\/naehrlich.de\/daserberoms\/wp-content\/uploads\/2025\/02\/mumienportraits03.jpg","datePublished":"2025-03-30T06:37:00+00:00","author":{"@id":"https:\/\/naehrlich.de\/daserberoms\/#\/schema\/person\/abf3183c35b9b7643636e6115f1354a7"},"description":"Wie sahen die Menschen in der Antike aus, wie lie\u00dfen sie sich bildlich darstellen? Aus dem r\u00f6mischen \u00c4gypten zeigen uns dies Mumienportr\u00e4ts.","breadcrumb":{"@id":"https:\/\/naehrlich.de\/daserberoms\/2025\/03\/30\/mumienportraets-gesichter-aus-dem-roemischen-aegypten\/#breadcrumb"},"inLanguage":"de","potentialAction":[{"@type":"ReadAction","target":["https:\/\/naehrlich.de\/daserberoms\/2025\/03\/30\/mumienportraets-gesichter-aus-dem-roemischen-aegypten\/"]}]},{"@type":"ImageObject","inLanguage":"de","@id":"https:\/\/naehrlich.de\/daserberoms\/2025\/03\/30\/mumienportraets-gesichter-aus-dem-roemischen-aegypten\/#primaryimage","url":"https:\/\/naehrlich.de\/daserberoms\/wp-content\/uploads\/2025\/02\/mumienportraits03.jpg","contentUrl":"https:\/\/naehrlich.de\/daserberoms\/wp-content\/uploads\/2025\/02\/mumienportraits03.jpg","width":1800,"height":800},{"@type":"BreadcrumbList","@id":"https:\/\/naehrlich.de\/daserberoms\/2025\/03\/30\/mumienportraets-gesichter-aus-dem-roemischen-aegypten\/#breadcrumb","itemListElement":[{"@type":"ListItem","position":1,"name":"Startseite","item":"https:\/\/naehrlich.de\/daserberoms\/"},{"@type":"ListItem","position":2,"name":"Mumienportr\u00e4ts: Gesichter aus dem r\u00f6mischen \u00c4gypten"}]},{"@type":"WebSite","@id":"https:\/\/naehrlich.de\/daserberoms\/#website","url":"https:\/\/naehrlich.de\/daserberoms\/","name":"DasErbeRoms - alterBlog","description":"Reisen auf den Spuren der alten R\u00f6mer. Von weltbekannt bis unbekannt. Fotos und Texte. Und ab und an einige Buch- und Filmbesprechungen und KI-Experimente.","potentialAction":[{"@type":"SearchAction","target":{"@type":"EntryPoint","urlTemplate":"https:\/\/naehrlich.de\/daserberoms\/?s={search_term_string}"},"query-input":{"@type":"PropertyValueSpecification","valueRequired":true,"valueName":"search_term_string"}}],"inLanguage":"de"},{"@type":"Person","@id":"https:\/\/naehrlich.de\/daserberoms\/#\/schema\/person\/abf3183c35b9b7643636e6115f1354a7","name":"Stefan N\u00e4hrlich","image":{"@type":"ImageObject","inLanguage":"de","@id":"https:\/\/secure.gravatar.com\/avatar\/de332640be3ed6dfba043afc9f0cf67943fba3256852b07fe117cd6a456a29f8?s=96&d=mm&r=g","url":"https:\/\/secure.gravatar.com\/avatar\/de332640be3ed6dfba043afc9f0cf67943fba3256852b07fe117cd6a456a29f8?s=96&d=mm&r=g","contentUrl":"https:\/\/secure.gravatar.com\/avatar\/de332640be3ed6dfba043afc9f0cf67943fba3256852b07fe117cd6a456a29f8?s=96&d=mm&r=g","caption":"Stefan N\u00e4hrlich"},"sameAs":["http:\/\/www.daserberoms.de"],"url":"https:\/\/naehrlich.de\/daserberoms\/author\/stefan-naehrlich\/"}]}},"_links":{"self":[{"href":"https:\/\/naehrlich.de\/daserberoms\/wp-json\/wp\/v2\/posts\/32687","targetHints":{"allow":["GET"]}}],"collection":[{"href":"https:\/\/naehrlich.de\/daserberoms\/wp-json\/wp\/v2\/posts"}],"about":[{"href":"https:\/\/naehrlich.de\/daserberoms\/wp-json\/wp\/v2\/types\/post"}],"author":[{"embeddable":true,"href":"https:\/\/naehrlich.de\/daserberoms\/wp-json\/wp\/v2\/users\/1"}],"replies":[{"embeddable":true,"href":"https:\/\/naehrlich.de\/daserberoms\/wp-json\/wp\/v2\/comments?post=32687"}],"version-history":[{"count":55,"href":"https:\/\/naehrlich.de\/daserberoms\/wp-json\/wp\/v2\/posts\/32687\/revisions"}],"predecessor-version":[{"id":32885,"href":"https:\/\/naehrlich.de\/daserberoms\/wp-json\/wp\/v2\/posts\/32687\/revisions\/32885"}],"wp:featuredmedia":[{"embeddable":true,"href":"https:\/\/naehrlich.de\/daserberoms\/wp-json\/wp\/v2\/media\/32702"}],"wp:attachment":[{"href":"https:\/\/naehrlich.de\/daserberoms\/wp-json\/wp\/v2\/media?parent=32687"}],"wp:term":[{"taxonomy":"category","embeddable":true,"href":"https:\/\/naehrlich.de\/daserberoms\/wp-json\/wp\/v2\/categories?post=32687"},{"taxonomy":"post_tag","embeddable":true,"href":"https:\/\/naehrlich.de\/daserberoms\/wp-json\/wp\/v2\/tags?post=32687"}],"curies":[{"name":"wp","href":"https:\/\/api.w.org\/{rel}","templated":true}]}}