{"id":353,"date":"2014-05-11T12:08:07","date_gmt":"2014-05-11T10:08:07","guid":{"rendered":"http:\/\/daserberoms.wordpress.com\/?p=353"},"modified":"2024-10-03T21:15:17","modified_gmt":"2024-10-03T19:15:17","slug":"die-drei-von-der-30","status":"publish","type":"post","link":"https:\/\/naehrlich.de\/daserberoms\/2014\/05\/11\/die-drei-von-der-30\/","title":{"rendered":"Die Drei von der Drei\u00dfigsten"},"content":{"rendered":"<p class=\"lead dropcap\">Marcus Antistius Placidinus, Marcus Ulpius Aspadius und Lucius Julius Victor sind ehrenhaft aus dem Dienst als Feldzeichentr\u00e4ger der 30. Legion entlassen worden und haben deshalb dieses Geschenk dargebracht. Im Jahr als Faustinus und Rufus Konsuln waren.<\/p>\n<p>Zu sehen auf einer \u00e4hnlichen Darstellung im <a href=\"https:\/\/apx.lvr.de\/de\/das_lvr_roemermuseum\/das_lvr_roemermuseum.html\" target=\"_blank\" rel=\"noopener\">LVR-R\u00f6merMuseum<\/a> in Xanten. Der gestiftete Weihealtar sollte zugleich Dank an die G\u00f6tter, Erinnerung an die Dienstzeit und Versch\u00f6nerung des Versammlungslokals (der Gemeinschaft der Feldzeichentr\u00e4ger?) sein. Die <a href=\"http:\/\/de.wikipedia.org\/wiki\/Legio_XXX_Ulpia_Victrix\" target=\"_blank\" rel=\"noopener\">30. Legion Ulpia Victrix<\/a> im Legionslager Vetera nahe Xanten in Niedergermanien. <\/p>\n<p>Auch andere Menschen haben Spuren hinterlassen, z.B. Flavius Super und Titus Paternus Perpetuus. Super, genannt &#8222;Zwiebelchen&#8220;, diente ebenfalls unter den Adlern und geh\u00f6rte zu den Legionseinheiten, die unter Kaiser Septimus Severus von Xanten nach Lyon verlegt wurden. Nach dem Ende seiner Dienstzeit machte er seine Leidenschaft zum Beruf und arbeitet als Schauspieler. Perpetuus brachte es in der 30. zum B\u00fcroleiter des Legionskommandeurs. Seine Vorfahren kamen aus der Gegend von Trier. Den alten G\u00f6ttern der Treverer f\u00fchlt er sich immer noch verbunden und hinterlie\u00df einen Dank an sie. Ob seine Kameraden gesp\u00f6ttelt haben, das ein Schreibtischjob f\u00fcr einen verweichtlichten Gallier typisch ist?<\/p>\n[aesop_gallery id=&#8220;10331&#8243; revealfx=&#8220;off&#8220; overlay_revealfx=&#8220;off&#8220;]\n","protected":false},"excerpt":{"rendered":"<p>Marcus Antistius Placidinus, Marcus Ulpius Aspadius und Lucius Julius Victor sind ehrenhaft aus dem Dienst als Feldzeichentr\u00e4ger der 30. Legion entlassen worden und haben deshalb dieses Geschenk dargebracht. Im Jahr als Faustinus und Rufus Konsuln waren. Zu sehen auf einer \u00e4hnlichen Darstellung im LVR-R\u00f6merMuseum in Xanten. Der gestiftete Weihealtar sollte zugleich Dank an die G\u00f6tter, [&hellip;]<\/p>\n","protected":false},"author":1,"featured_media":10334,"comment_status":"open","ping_status":"open","sticky":false,"template":"","format":"image","meta":{"footnotes":""},"categories":[16,8],"tags":[33,101,111,150,257,266,268],"class_list":["post-353","post","type-post","status-publish","format-image","has-post-thumbnail","hentry","category-alle-beitraege","category-germanien","tag-30-legion","tag-feldzeichentrager","tag-gotter","tag-lebenslaufe","tag-vetera","tag-weihealtar","tag-xanten","post_format-post-format-image"],"yoast_head":"<!-- This site is optimized with the Yoast SEO plugin v27.4 - https:\/\/yoast.com\/product\/yoast-seo-wordpress\/ -->\n<title>Die Drei von der Drei\u00dfigsten - DasErbeRoms - alterBlog<\/title>\n<meta name=\"description\" content=\"Wer waren die Menschen, die in der R\u00f6merzeit hier Spuren hinterlassen haben? Im\u00a0LVR-R\u00f6mermuseum in Xanten lernt man einige kennen.\" \/>\n<meta name=\"robots\" content=\"index, follow, max-snippet:-1, max-image-preview:large, max-video-preview:-1\" \/>\n<link rel=\"canonical\" href=\"https:\/\/naehrlich.de\/daserberoms\/2014\/05\/11\/die-drei-von-der-30\/\" \/>\n<meta property=\"og:locale\" content=\"de_DE\" \/>\n<meta property=\"og:type\" content=\"article\" \/>\n<meta property=\"og:title\" content=\"Die Drei von der Drei\u00dfigsten - DasErbeRoms - alterBlog\" \/>\n<meta property=\"og:description\" content=\"Wer waren die Menschen, die in der R\u00f6merzeit hier Spuren hinterlassen haben? Im\u00a0LVR-R\u00f6mermuseum in Xanten lernt man einige kennen.\" \/>\n<meta property=\"og:url\" content=\"https:\/\/naehrlich.de\/daserberoms\/2014\/05\/11\/die-drei-von-der-30\/\" \/>\n<meta property=\"og:site_name\" content=\"DasErbeRoms - alterBlog\" \/>\n<meta property=\"article:publisher\" content=\"http:\/\/www.facebook.com\/stefan.naehrlich\" \/>\n<meta property=\"article:published_time\" content=\"2014-05-11T10:08:07+00:00\" \/>\n<meta property=\"article:modified_time\" content=\"2024-10-03T19:15:17+00:00\" \/>\n<meta property=\"og:image\" content=\"https:\/\/naehrlich.de\/daserberoms\/wp-content\/uploads\/2014\/05\/weihealtar.jpg\" \/>\n\t<meta property=\"og:image:width\" content=\"1840\" \/>\n\t<meta property=\"og:image:height\" content=\"840\" \/>\n\t<meta property=\"og:image:type\" content=\"image\/jpeg\" \/>\n<meta name=\"author\" content=\"Stefan N\u00e4hrlich\" \/>\n<meta name=\"twitter:card\" content=\"summary_large_image\" \/>\n<meta name=\"twitter:creator\" content=\"@DasErbeRoms\" \/>\n<meta name=\"twitter:site\" content=\"@DasErbeRoms\" \/>\n<meta name=\"twitter:label1\" content=\"Verfasst von\" \/>\n\t<meta name=\"twitter:data1\" content=\"Stefan N\u00e4hrlich\" \/>\n\t<meta name=\"twitter:label2\" content=\"Gesch\u00e4tzte Lesezeit\" \/>\n\t<meta name=\"twitter:data2\" content=\"1\u00a0Minute\" \/>\n<script type=\"application\/ld+json\" class=\"yoast-schema-graph\">{\"@context\":\"https:\\\/\\\/schema.org\",\"@graph\":[{\"@type\":\"Article\",\"@id\":\"https:\\\/\\\/naehrlich.de\\\/daserberoms\\\/2014\\\/05\\\/11\\\/die-drei-von-der-30\\\/#article\",\"isPartOf\":{\"@id\":\"https:\\\/\\\/naehrlich.de\\\/daserberoms\\\/2014\\\/05\\\/11\\\/die-drei-von-der-30\\\/\"},\"author\":{\"name\":\"Stefan N\u00e4hrlich\",\"@id\":\"https:\\\/\\\/naehrlich.de\\\/daserberoms\\\/#\\\/schema\\\/person\\\/abf3183c35b9b7643636e6115f1354a7\"},\"headline\":\"Die Drei von der Drei\u00dfigsten\",\"datePublished\":\"2014-05-11T10:08:07+00:00\",\"dateModified\":\"2024-10-03T19:15:17+00:00\",\"mainEntityOfPage\":{\"@id\":\"https:\\\/\\\/naehrlich.de\\\/daserberoms\\\/2014\\\/05\\\/11\\\/die-drei-von-der-30\\\/\"},\"wordCount\":204,\"commentCount\":0,\"image\":{\"@id\":\"https:\\\/\\\/naehrlich.de\\\/daserberoms\\\/2014\\\/05\\\/11\\\/die-drei-von-der-30\\\/#primaryimage\"},\"thumbnailUrl\":\"https:\\\/\\\/naehrlich.de\\\/daserberoms\\\/wp-content\\\/uploads\\\/2014\\\/05\\\/weihealtar.jpg\",\"keywords\":[\"30. Legion\",\"Feldzeichentr\u00e4ger\",\"G\u00f6tter\",\"Lebensl\u00e4ufe\",\"Vetera\",\"Weihealtar\",\"Xanten\"],\"articleSection\":[\"Alle Beitr\u00e4ge\",\"Germanien\"],\"inLanguage\":\"de\",\"potentialAction\":[{\"@type\":\"CommentAction\",\"name\":\"Comment\",\"target\":[\"https:\\\/\\\/naehrlich.de\\\/daserberoms\\\/2014\\\/05\\\/11\\\/die-drei-von-der-30\\\/#respond\"]}]},{\"@type\":\"WebPage\",\"@id\":\"https:\\\/\\\/naehrlich.de\\\/daserberoms\\\/2014\\\/05\\\/11\\\/die-drei-von-der-30\\\/\",\"url\":\"https:\\\/\\\/naehrlich.de\\\/daserberoms\\\/2014\\\/05\\\/11\\\/die-drei-von-der-30\\\/\",\"name\":\"Die Drei von der Drei\u00dfigsten - DasErbeRoms - alterBlog\",\"isPartOf\":{\"@id\":\"https:\\\/\\\/naehrlich.de\\\/daserberoms\\\/#website\"},\"primaryImageOfPage\":{\"@id\":\"https:\\\/\\\/naehrlich.de\\\/daserberoms\\\/2014\\\/05\\\/11\\\/die-drei-von-der-30\\\/#primaryimage\"},\"image\":{\"@id\":\"https:\\\/\\\/naehrlich.de\\\/daserberoms\\\/2014\\\/05\\\/11\\\/die-drei-von-der-30\\\/#primaryimage\"},\"thumbnailUrl\":\"https:\\\/\\\/naehrlich.de\\\/daserberoms\\\/wp-content\\\/uploads\\\/2014\\\/05\\\/weihealtar.jpg\",\"datePublished\":\"2014-05-11T10:08:07+00:00\",\"dateModified\":\"2024-10-03T19:15:17+00:00\",\"author\":{\"@id\":\"https:\\\/\\\/naehrlich.de\\\/daserberoms\\\/#\\\/schema\\\/person\\\/abf3183c35b9b7643636e6115f1354a7\"},\"description\":\"Wer waren die Menschen, die in der R\u00f6merzeit hier Spuren hinterlassen haben? Im\u00a0LVR-R\u00f6mermuseum in Xanten lernt man einige kennen.\",\"breadcrumb\":{\"@id\":\"https:\\\/\\\/naehrlich.de\\\/daserberoms\\\/2014\\\/05\\\/11\\\/die-drei-von-der-30\\\/#breadcrumb\"},\"inLanguage\":\"de\",\"potentialAction\":[{\"@type\":\"ReadAction\",\"target\":[\"https:\\\/\\\/naehrlich.de\\\/daserberoms\\\/2014\\\/05\\\/11\\\/die-drei-von-der-30\\\/\"]}]},{\"@type\":\"ImageObject\",\"inLanguage\":\"de\",\"@id\":\"https:\\\/\\\/naehrlich.de\\\/daserberoms\\\/2014\\\/05\\\/11\\\/die-drei-von-der-30\\\/#primaryimage\",\"url\":\"https:\\\/\\\/naehrlich.de\\\/daserberoms\\\/wp-content\\\/uploads\\\/2014\\\/05\\\/weihealtar.jpg\",\"contentUrl\":\"https:\\\/\\\/naehrlich.de\\\/daserberoms\\\/wp-content\\\/uploads\\\/2014\\\/05\\\/weihealtar.jpg\",\"width\":1840,\"height\":840,\"caption\":\"Weihealtar der Gemeinschaft der Feldzeichentr\u00e4ger im Museum in Xanten.\"},{\"@type\":\"BreadcrumbList\",\"@id\":\"https:\\\/\\\/naehrlich.de\\\/daserberoms\\\/2014\\\/05\\\/11\\\/die-drei-von-der-30\\\/#breadcrumb\",\"itemListElement\":[{\"@type\":\"ListItem\",\"position\":1,\"name\":\"Startseite\",\"item\":\"https:\\\/\\\/naehrlich.de\\\/daserberoms\\\/\"},{\"@type\":\"ListItem\",\"position\":2,\"name\":\"Die Drei von der Drei\u00dfigsten\"}]},{\"@type\":\"WebSite\",\"@id\":\"https:\\\/\\\/naehrlich.de\\\/daserberoms\\\/#website\",\"url\":\"https:\\\/\\\/naehrlich.de\\\/daserberoms\\\/\",\"name\":\"DasErbeRoms - alterBlog\",\"description\":\"Reisen auf den Spuren der alten R\u00f6mer. Von weltbekannt bis unbekannt. Fotos und Texte. Und ab und an einige Buch- und Filmbesprechungen und KI-Experimente.\",\"potentialAction\":[{\"@type\":\"SearchAction\",\"target\":{\"@type\":\"EntryPoint\",\"urlTemplate\":\"https:\\\/\\\/naehrlich.de\\\/daserberoms\\\/?s={search_term_string}\"},\"query-input\":{\"@type\":\"PropertyValueSpecification\",\"valueRequired\":true,\"valueName\":\"search_term_string\"}}],\"inLanguage\":\"de\"},{\"@type\":\"Person\",\"@id\":\"https:\\\/\\\/naehrlich.de\\\/daserberoms\\\/#\\\/schema\\\/person\\\/abf3183c35b9b7643636e6115f1354a7\",\"name\":\"Stefan N\u00e4hrlich\",\"image\":{\"@type\":\"ImageObject\",\"inLanguage\":\"de\",\"@id\":\"https:\\\/\\\/secure.gravatar.com\\\/avatar\\\/de332640be3ed6dfba043afc9f0cf67943fba3256852b07fe117cd6a456a29f8?s=96&d=mm&r=g\",\"url\":\"https:\\\/\\\/secure.gravatar.com\\\/avatar\\\/de332640be3ed6dfba043afc9f0cf67943fba3256852b07fe117cd6a456a29f8?s=96&d=mm&r=g\",\"contentUrl\":\"https:\\\/\\\/secure.gravatar.com\\\/avatar\\\/de332640be3ed6dfba043afc9f0cf67943fba3256852b07fe117cd6a456a29f8?s=96&d=mm&r=g\",\"caption\":\"Stefan N\u00e4hrlich\"},\"sameAs\":[\"http:\\\/\\\/www.daserberoms.de\"],\"url\":\"https:\\\/\\\/naehrlich.de\\\/daserberoms\\\/author\\\/stefan-naehrlich\\\/\"}]}<\/script>\n<!-- \/ Yoast SEO plugin. -->","yoast_head_json":{"title":"Die Drei von der Drei\u00dfigsten - DasErbeRoms - alterBlog","description":"Wer waren die Menschen, die in der R\u00f6merzeit hier Spuren hinterlassen haben? Im\u00a0LVR-R\u00f6mermuseum in Xanten lernt man einige kennen.","robots":{"index":"index","follow":"follow","max-snippet":"max-snippet:-1","max-image-preview":"max-image-preview:large","max-video-preview":"max-video-preview:-1"},"canonical":"https:\/\/naehrlich.de\/daserberoms\/2014\/05\/11\/die-drei-von-der-30\/","og_locale":"de_DE","og_type":"article","og_title":"Die Drei von der Drei\u00dfigsten - DasErbeRoms - alterBlog","og_description":"Wer waren die Menschen, die in der R\u00f6merzeit hier Spuren hinterlassen haben? Im\u00a0LVR-R\u00f6mermuseum in Xanten lernt man einige kennen.","og_url":"https:\/\/naehrlich.de\/daserberoms\/2014\/05\/11\/die-drei-von-der-30\/","og_site_name":"DasErbeRoms - alterBlog","article_publisher":"http:\/\/www.facebook.com\/stefan.naehrlich","article_published_time":"2014-05-11T10:08:07+00:00","article_modified_time":"2024-10-03T19:15:17+00:00","og_image":[{"width":1840,"height":840,"url":"https:\/\/naehrlich.de\/daserberoms\/wp-content\/uploads\/2014\/05\/weihealtar.jpg","type":"image\/jpeg"}],"author":"Stefan N\u00e4hrlich","twitter_card":"summary_large_image","twitter_creator":"@DasErbeRoms","twitter_site":"@DasErbeRoms","twitter_misc":{"Verfasst von":"Stefan N\u00e4hrlich","Gesch\u00e4tzte Lesezeit":"1\u00a0Minute"},"schema":{"@context":"https:\/\/schema.org","@graph":[{"@type":"Article","@id":"https:\/\/naehrlich.de\/daserberoms\/2014\/05\/11\/die-drei-von-der-30\/#article","isPartOf":{"@id":"https:\/\/naehrlich.de\/daserberoms\/2014\/05\/11\/die-drei-von-der-30\/"},"author":{"name":"Stefan N\u00e4hrlich","@id":"https:\/\/naehrlich.de\/daserberoms\/#\/schema\/person\/abf3183c35b9b7643636e6115f1354a7"},"headline":"Die Drei von der Drei\u00dfigsten","datePublished":"2014-05-11T10:08:07+00:00","dateModified":"2024-10-03T19:15:17+00:00","mainEntityOfPage":{"@id":"https:\/\/naehrlich.de\/daserberoms\/2014\/05\/11\/die-drei-von-der-30\/"},"wordCount":204,"commentCount":0,"image":{"@id":"https:\/\/naehrlich.de\/daserberoms\/2014\/05\/11\/die-drei-von-der-30\/#primaryimage"},"thumbnailUrl":"https:\/\/naehrlich.de\/daserberoms\/wp-content\/uploads\/2014\/05\/weihealtar.jpg","keywords":["30. Legion","Feldzeichentr\u00e4ger","G\u00f6tter","Lebensl\u00e4ufe","Vetera","Weihealtar","Xanten"],"articleSection":["Alle Beitr\u00e4ge","Germanien"],"inLanguage":"de","potentialAction":[{"@type":"CommentAction","name":"Comment","target":["https:\/\/naehrlich.de\/daserberoms\/2014\/05\/11\/die-drei-von-der-30\/#respond"]}]},{"@type":"WebPage","@id":"https:\/\/naehrlich.de\/daserberoms\/2014\/05\/11\/die-drei-von-der-30\/","url":"https:\/\/naehrlich.de\/daserberoms\/2014\/05\/11\/die-drei-von-der-30\/","name":"Die Drei von der Drei\u00dfigsten - DasErbeRoms - alterBlog","isPartOf":{"@id":"https:\/\/naehrlich.de\/daserberoms\/#website"},"primaryImageOfPage":{"@id":"https:\/\/naehrlich.de\/daserberoms\/2014\/05\/11\/die-drei-von-der-30\/#primaryimage"},"image":{"@id":"https:\/\/naehrlich.de\/daserberoms\/2014\/05\/11\/die-drei-von-der-30\/#primaryimage"},"thumbnailUrl":"https:\/\/naehrlich.de\/daserberoms\/wp-content\/uploads\/2014\/05\/weihealtar.jpg","datePublished":"2014-05-11T10:08:07+00:00","dateModified":"2024-10-03T19:15:17+00:00","author":{"@id":"https:\/\/naehrlich.de\/daserberoms\/#\/schema\/person\/abf3183c35b9b7643636e6115f1354a7"},"description":"Wer waren die Menschen, die in der R\u00f6merzeit hier Spuren hinterlassen haben? Im\u00a0LVR-R\u00f6mermuseum in Xanten lernt man einige kennen.","breadcrumb":{"@id":"https:\/\/naehrlich.de\/daserberoms\/2014\/05\/11\/die-drei-von-der-30\/#breadcrumb"},"inLanguage":"de","potentialAction":[{"@type":"ReadAction","target":["https:\/\/naehrlich.de\/daserberoms\/2014\/05\/11\/die-drei-von-der-30\/"]}]},{"@type":"ImageObject","inLanguage":"de","@id":"https:\/\/naehrlich.de\/daserberoms\/2014\/05\/11\/die-drei-von-der-30\/#primaryimage","url":"https:\/\/naehrlich.de\/daserberoms\/wp-content\/uploads\/2014\/05\/weihealtar.jpg","contentUrl":"https:\/\/naehrlich.de\/daserberoms\/wp-content\/uploads\/2014\/05\/weihealtar.jpg","width":1840,"height":840,"caption":"Weihealtar der Gemeinschaft der Feldzeichentr\u00e4ger im Museum in Xanten."},{"@type":"BreadcrumbList","@id":"https:\/\/naehrlich.de\/daserberoms\/2014\/05\/11\/die-drei-von-der-30\/#breadcrumb","itemListElement":[{"@type":"ListItem","position":1,"name":"Startseite","item":"https:\/\/naehrlich.de\/daserberoms\/"},{"@type":"ListItem","position":2,"name":"Die Drei von der Drei\u00dfigsten"}]},{"@type":"WebSite","@id":"https:\/\/naehrlich.de\/daserberoms\/#website","url":"https:\/\/naehrlich.de\/daserberoms\/","name":"DasErbeRoms - alterBlog","description":"Reisen auf den Spuren der alten R\u00f6mer. Von weltbekannt bis unbekannt. Fotos und Texte. Und ab und an einige Buch- und Filmbesprechungen und KI-Experimente.","potentialAction":[{"@type":"SearchAction","target":{"@type":"EntryPoint","urlTemplate":"https:\/\/naehrlich.de\/daserberoms\/?s={search_term_string}"},"query-input":{"@type":"PropertyValueSpecification","valueRequired":true,"valueName":"search_term_string"}}],"inLanguage":"de"},{"@type":"Person","@id":"https:\/\/naehrlich.de\/daserberoms\/#\/schema\/person\/abf3183c35b9b7643636e6115f1354a7","name":"Stefan N\u00e4hrlich","image":{"@type":"ImageObject","inLanguage":"de","@id":"https:\/\/secure.gravatar.com\/avatar\/de332640be3ed6dfba043afc9f0cf67943fba3256852b07fe117cd6a456a29f8?s=96&d=mm&r=g","url":"https:\/\/secure.gravatar.com\/avatar\/de332640be3ed6dfba043afc9f0cf67943fba3256852b07fe117cd6a456a29f8?s=96&d=mm&r=g","contentUrl":"https:\/\/secure.gravatar.com\/avatar\/de332640be3ed6dfba043afc9f0cf67943fba3256852b07fe117cd6a456a29f8?s=96&d=mm&r=g","caption":"Stefan N\u00e4hrlich"},"sameAs":["http:\/\/www.daserberoms.de"],"url":"https:\/\/naehrlich.de\/daserberoms\/author\/stefan-naehrlich\/"}]}},"_links":{"self":[{"href":"https:\/\/naehrlich.de\/daserberoms\/wp-json\/wp\/v2\/posts\/353","targetHints":{"allow":["GET"]}}],"collection":[{"href":"https:\/\/naehrlich.de\/daserberoms\/wp-json\/wp\/v2\/posts"}],"about":[{"href":"https:\/\/naehrlich.de\/daserberoms\/wp-json\/wp\/v2\/types\/post"}],"author":[{"embeddable":true,"href":"https:\/\/naehrlich.de\/daserberoms\/wp-json\/wp\/v2\/users\/1"}],"replies":[{"embeddable":true,"href":"https:\/\/naehrlich.de\/daserberoms\/wp-json\/wp\/v2\/comments?post=353"}],"version-history":[{"count":10,"href":"https:\/\/naehrlich.de\/daserberoms\/wp-json\/wp\/v2\/posts\/353\/revisions"}],"predecessor-version":[{"id":31180,"href":"https:\/\/naehrlich.de\/daserberoms\/wp-json\/wp\/v2\/posts\/353\/revisions\/31180"}],"wp:featuredmedia":[{"embeddable":true,"href":"https:\/\/naehrlich.de\/daserberoms\/wp-json\/wp\/v2\/media\/10334"}],"wp:attachment":[{"href":"https:\/\/naehrlich.de\/daserberoms\/wp-json\/wp\/v2\/media?parent=353"}],"wp:term":[{"taxonomy":"category","embeddable":true,"href":"https:\/\/naehrlich.de\/daserberoms\/wp-json\/wp\/v2\/categories?post=353"},{"taxonomy":"post_tag","embeddable":true,"href":"https:\/\/naehrlich.de\/daserberoms\/wp-json\/wp\/v2\/tags?post=353"}],"curies":[{"name":"wp","href":"https:\/\/api.w.org\/{rel}","templated":true}]}}