{"id":35552,"date":"2025-11-16T08:28:00","date_gmt":"2025-11-16T07:28:00","guid":{"rendered":"https:\/\/naehrlich.de\/daserberoms\/?p=35552"},"modified":"2025-12-03T12:31:18","modified_gmt":"2025-12-03T11:31:18","slug":"die-roemischen-grabhuegel-von-oberloestern","status":"publish","type":"post","link":"https:\/\/naehrlich.de\/daserberoms\/2025\/11\/16\/die-roemischen-grabhuegel-von-oberloestern\/","title":{"rendered":"Die r\u00f6mischen Grabh\u00fcgel von Oberl\u00f6stern"},"content":{"rendered":"\n<p class=\"lead dropcap\">Wohin die R\u00f6mer kamen, wurde die einheimische Bev\u00f6lkerung romanisiert. Doch das dauerte mitunter Jahrhunderte und war oft eine Verschmelzung zweier Kulturen. Davon zeugen die r\u00f6mischen Grabh\u00fcgel von Oberl\u00f6stern. Im Sommer wurde die Inwertsetzung abgeschlossen.<\/p>\n\n\n\n\n\n<p>Die beiden Grabh\u00fcgel in Oberl\u00f6stern sind als&nbsp;gallor\u00f6mische Monumentalgrabh\u00fcgel&nbsp;bekannt. Sie erinnern an den&nbsp;Besitzer des dortigen Gutshofes&nbsp;und seine Frau und wurden im&nbsp;sp\u00e4ten zweiten Jahrhundert errichtet.<\/p>\n\n\n\n<p>Obwohl die Aufsch\u00fcttung der H\u00fcgel der&nbsp;keltischen Sitte&nbsp;folgte, waren die Umfriedungen aus Steinquadern und die massiven inneren Grabkammern der&nbsp;r\u00f6mischen Tradition&nbsp;verpflichtet. Die H\u00fcgel wurden zudem von&nbsp;steinernen Pinienzapfen&nbsp;bekr\u00f6nt, einem antiken Symbol der Unverg\u00e4nglichkeit. In den Grabkammern wurden r\u00f6mische Beigaben gefunden, wie M\u00fcnzen, Gef\u00e4\u00dfe und hochwertiges Tafelgeschirr aus Keramik, dem sogenannten terra sigillata. Die H\u00fcgel errichtete man beiderseits eines ca.&nbsp;7,5 Meter steinernen Grabdenkmals aus dem mittleren zweiten Jahrhundert. Der Sockel mit Inschrift trug ein Bildstein, der den&nbsp;Gutsherrn in r\u00f6mischer Kleidung und seine Frau in keltischer Kleidung&nbsp;zeigte. Das Grabmal war verziert mit einem geschuppten Dach, Pinienzapfen und Figurenschmuck in Form menschlicher K\u00f6pfe.<\/p>\n\n\n\n<p>Dem dort bestatteten Ehepaar geh\u00f6rte der Gutshofs mit dem landwirtschaftlichen Betrieb in Oberl\u00f6stern. Er war das Wirtschaftszentrum der Region und bildet heute mit dem Gr\u00e4berfeld, den nahegelegenen Steinbr\u00fcchen zur Gewinnung von Baumaterial, einem&nbsp;Umgangstempel sowie einer&nbsp;sp\u00e4teisenzeitlich-fr\u00fchr\u00f6mischen Vorg\u00e4ngersiedlung das Denkm\u00e4lerensemble von Oberl\u00f6stern.<\/p>\n\n\n\n\n\n<p>An den Grabh\u00fcgeln von Oberl\u00f6stern kann man gut ablesen, dass die Romanisierung eher eine Fusion beider Kulturen war, als eine \u00dcbernahme und sich zudem \u00fcber einen langen Zeitraum zog. Die Ankunft der R\u00f6mer nach der Eroberung Galliens durch Caesar f\u00fchrte nicht zu einem abrupten kulturellen Bruch, auch wenn nat\u00fcrlich die Amtssprache Latein wurde, das r\u00f6mische Recht und das politisches System des Imperium Romanum Einzug hielten. Stattdessen entwickelte sich \u00fcber Jahrhunderte eine neue gallor\u00f6mische Kultur, in der einheimischer keltischer Traditionen mit neuen r\u00f6mischen Einfl\u00fcssen verschmolzen.<\/p>\n\n\n\n<p>Die lokale Elite hielt beispielsweise an ihrer althergebrachten Tradition fest, ihre Toten in imposanten Grabh\u00fcgeln beizusetzen. Gleichzeitig f\u00fcllten sie diese Gr\u00e4ber aber mit typisch r\u00f6mischen Beigaben. In Oberl\u00f6stern existierten diese alten und neuen Traditionen nachweislich bis weit ins vierte Jahrhundert hinein nebeneinander.<\/p>\n\n\n\n\n\n<p>Das r\u00f6mische Gr\u00e4berfeld mit den zwei Grabh\u00fcgeln wurde in den 1990er Jahren entdeckt. Im Jahr 2000 wurden die beiden Grabh\u00fcgel rekonstruiert. Erforscht wird der Bereich von der Arch\u00e4ologin Sabine Hornung von der Universit\u00e4t des Saarlandes und ihrem Team. Dieses Jahr im Sommer wurde eine umfangreiche Inwertsetzung der Anlage abgeschlossen. Neue Informationstafeln wurden aufgestellt, virtuelle Rekonstruktionen vermitteln einen Eindruck von Aussehen der Gr\u00e4beranlage in der Antike. Aber auch die touristische Nutzbarkeit wurde beispielsweise durch barrierefreie Wege und Sitzgelegenheiten verbessert und zwei Figuren des gallor\u00f6mischen Paares aufgestellt. Die Silhouetten sind aus pulverbeschichtetem Flachstahl und wurden von der Ausstellungsgestalterin Regina Hauber entworfen.<\/p>\n\n\n\n<p>Von dem Gutshof, dem Umgangstempel und dem Steinbruch ist heute nichts mehr zu sehen. In anderen Teilen Deutschlands finden sich jedoch vergleichbare Bauwerke und Anlagen, wie beispielsweise im <a href=\"https:\/\/naehrlich.de\/daserberoms\/2016\/10\/14\/pax-romana-roemer-im-suedwesten\/\">R\u00f6mischen Freilichtmuseum Hechingen-Stein<\/a>, im <a href=\"https:\/\/naehrlich.de\/daserberoms\/2015\/08\/23\/tour-strassen-der-roemer\/\">Arch\u00e4ologiepark Martberg<\/a> oder dem <a href=\"https:\/\/naehrlich.de\/daserberoms\/2024\/12\/29\/roemischer-steinbruch-kriemhildenstuhl\/\">r\u00f6mischen Steinbruch Kriemhildenstuhl<\/a>.<\/p>\n\n\n\n<p><a href=\"https:\/\/www.siedlungskammer-oberloestern.de\" target=\"_blank\" rel=\"noreferrer noopener\">Webseite<\/a> zum r\u00f6merzeitlichen Oberl\u00f6stern von der Stadt Wadern und die Grabh\u00fcgel auf <a href=\"https:\/\/share.google\/uQ7FbxjjuQQ98VXdO\" target=\"_blank\" rel=\"noreferrer noopener\">Google Maps<\/a>.<\/p>\n\n\n\n<p class=\"has-text-align-center\">Danke f\u00fcrs Lesen. M\u00f6ge Fortuna stets mit Dir sein. Hier findest du den neuen Blog Das Erbe Roms: <a href=\"https:\/\/www.daserberoms.de\" target=\"_blank\" rel=\"noopener noreferrer\">www.daserberoms.de<\/a><\/p>\n\n\n\n<center>  <\/center>\n","protected":false},"excerpt":{"rendered":"<p>Wohin die R\u00f6mer kamen, wurde die einheimische Bev\u00f6lkerung romanisiert. Doch das dauerte mitunter Jahrhunderte und war oft eine Verschmelzung zweier Kulturen. Davon zeugen die r\u00f6mischen Grabh\u00fcgel von Oberl\u00f6stern. Im Sommer wurde die Inwertsetzung abgeschlossen. Die beiden Grabh\u00fcgel in Oberl\u00f6stern sind als&nbsp;gallor\u00f6mische Monumentalgrabh\u00fcgel&nbsp;bekannt. Sie erinnern an den&nbsp;Besitzer des dortigen Gutshofes&nbsp;und seine Frau und wurden im&nbsp;sp\u00e4ten zweiten [&hellip;]<\/p>\n","protected":false},"author":1,"featured_media":35555,"comment_status":"open","ping_status":"open","sticky":false,"template":"","format":"standard","meta":{"footnotes":""},"categories":[16,8],"tags":[800,121],"class_list":["post-35552","post","type-post","status-publish","format-standard","has-post-thumbnail","hentry","category-alle-beitraege","category-germanien","tag-grabbau","tag-grabmal"],"yoast_head":"<!-- This site is optimized with the Yoast SEO plugin v27.4 - https:\/\/yoast.com\/product\/yoast-seo-wordpress\/ -->\n<title>Die r\u00f6mischen Grabh\u00fcgel von Oberl\u00f6stern - DasErbeRoms - alterBlog<\/title>\n<meta name=\"description\" content=\"Vom Prozess der Romanisierung Germaniens zeugen die r\u00f6mischen Grabh\u00fcgel von Oberl\u00f6stern. Im Sommer wurde die Inwertsetzung abgeschlossen.\" \/>\n<meta name=\"robots\" content=\"index, follow, max-snippet:-1, max-image-preview:large, max-video-preview:-1\" \/>\n<link rel=\"canonical\" href=\"https:\/\/naehrlich.de\/daserberoms\/2025\/11\/16\/die-roemischen-grabhuegel-von-oberloestern\/\" \/>\n<meta property=\"og:locale\" content=\"de_DE\" \/>\n<meta property=\"og:type\" content=\"article\" \/>\n<meta property=\"og:title\" content=\"Die r\u00f6mischen Grabh\u00fcgel von Oberl\u00f6stern - DasErbeRoms - alterBlog\" \/>\n<meta property=\"og:description\" content=\"Vom Prozess der Romanisierung Germaniens zeugen die r\u00f6mischen Grabh\u00fcgel von Oberl\u00f6stern. Im Sommer wurde die Inwertsetzung abgeschlossen.\" \/>\n<meta property=\"og:url\" content=\"https:\/\/naehrlich.de\/daserberoms\/2025\/11\/16\/die-roemischen-grabhuegel-von-oberloestern\/\" \/>\n<meta property=\"og:site_name\" content=\"DasErbeRoms - alterBlog\" \/>\n<meta property=\"article:publisher\" content=\"http:\/\/www.facebook.com\/stefan.naehrlich\" \/>\n<meta property=\"article:published_time\" content=\"2025-11-16T07:28:00+00:00\" \/>\n<meta property=\"article:modified_time\" content=\"2025-12-03T11:31:18+00:00\" \/>\n<meta property=\"og:image\" content=\"https:\/\/naehrlich.de\/daserberoms\/wp-content\/uploads\/2025\/10\/MonumentalgrabhuegelOberloestern-.jpg\" \/>\n\t<meta property=\"og:image:width\" content=\"1800\" \/>\n\t<meta property=\"og:image:height\" content=\"800\" \/>\n\t<meta property=\"og:image:type\" content=\"image\/jpeg\" \/>\n<meta name=\"author\" content=\"Stefan N\u00e4hrlich\" \/>\n<meta name=\"twitter:card\" content=\"summary_large_image\" \/>\n<meta name=\"twitter:creator\" content=\"@DasErbeRoms\" \/>\n<meta name=\"twitter:site\" content=\"@DasErbeRoms\" \/>\n<meta name=\"twitter:label1\" content=\"Verfasst von\" \/>\n\t<meta name=\"twitter:data1\" content=\"Stefan N\u00e4hrlich\" \/>\n\t<meta name=\"twitter:label2\" content=\"Gesch\u00e4tzte Lesezeit\" \/>\n\t<meta name=\"twitter:data2\" content=\"4\u00a0Minuten\" \/>\n<script type=\"application\/ld+json\" class=\"yoast-schema-graph\">{\"@context\":\"https:\\\/\\\/schema.org\",\"@graph\":[{\"@type\":\"Article\",\"@id\":\"https:\\\/\\\/naehrlich.de\\\/daserberoms\\\/2025\\\/11\\\/16\\\/die-roemischen-grabhuegel-von-oberloestern\\\/#article\",\"isPartOf\":{\"@id\":\"https:\\\/\\\/naehrlich.de\\\/daserberoms\\\/2025\\\/11\\\/16\\\/die-roemischen-grabhuegel-von-oberloestern\\\/\"},\"author\":{\"name\":\"Stefan N\u00e4hrlich\",\"@id\":\"https:\\\/\\\/naehrlich.de\\\/daserberoms\\\/#\\\/schema\\\/person\\\/abf3183c35b9b7643636e6115f1354a7\"},\"headline\":\"Die r\u00f6mischen Grabh\u00fcgel von Oberl\u00f6stern\",\"datePublished\":\"2025-11-16T07:28:00+00:00\",\"dateModified\":\"2025-12-03T11:31:18+00:00\",\"mainEntityOfPage\":{\"@id\":\"https:\\\/\\\/naehrlich.de\\\/daserberoms\\\/2025\\\/11\\\/16\\\/die-roemischen-grabhuegel-von-oberloestern\\\/\"},\"wordCount\":593,\"commentCount\":0,\"image\":{\"@id\":\"https:\\\/\\\/naehrlich.de\\\/daserberoms\\\/2025\\\/11\\\/16\\\/die-roemischen-grabhuegel-von-oberloestern\\\/#primaryimage\"},\"thumbnailUrl\":\"https:\\\/\\\/naehrlich.de\\\/daserberoms\\\/wp-content\\\/uploads\\\/2025\\\/10\\\/MonumentalgrabhuegelOberloestern-.jpg\",\"keywords\":[\"Grabbau\",\"Grabmal\"],\"articleSection\":[\"Alle Beitr\u00e4ge\",\"Germanien\"],\"inLanguage\":\"de\",\"potentialAction\":[{\"@type\":\"CommentAction\",\"name\":\"Comment\",\"target\":[\"https:\\\/\\\/naehrlich.de\\\/daserberoms\\\/2025\\\/11\\\/16\\\/die-roemischen-grabhuegel-von-oberloestern\\\/#respond\"]}]},{\"@type\":\"WebPage\",\"@id\":\"https:\\\/\\\/naehrlich.de\\\/daserberoms\\\/2025\\\/11\\\/16\\\/die-roemischen-grabhuegel-von-oberloestern\\\/\",\"url\":\"https:\\\/\\\/naehrlich.de\\\/daserberoms\\\/2025\\\/11\\\/16\\\/die-roemischen-grabhuegel-von-oberloestern\\\/\",\"name\":\"Die r\u00f6mischen Grabh\u00fcgel von Oberl\u00f6stern - DasErbeRoms - alterBlog\",\"isPartOf\":{\"@id\":\"https:\\\/\\\/naehrlich.de\\\/daserberoms\\\/#website\"},\"primaryImageOfPage\":{\"@id\":\"https:\\\/\\\/naehrlich.de\\\/daserberoms\\\/2025\\\/11\\\/16\\\/die-roemischen-grabhuegel-von-oberloestern\\\/#primaryimage\"},\"image\":{\"@id\":\"https:\\\/\\\/naehrlich.de\\\/daserberoms\\\/2025\\\/11\\\/16\\\/die-roemischen-grabhuegel-von-oberloestern\\\/#primaryimage\"},\"thumbnailUrl\":\"https:\\\/\\\/naehrlich.de\\\/daserberoms\\\/wp-content\\\/uploads\\\/2025\\\/10\\\/MonumentalgrabhuegelOberloestern-.jpg\",\"datePublished\":\"2025-11-16T07:28:00+00:00\",\"dateModified\":\"2025-12-03T11:31:18+00:00\",\"author\":{\"@id\":\"https:\\\/\\\/naehrlich.de\\\/daserberoms\\\/#\\\/schema\\\/person\\\/abf3183c35b9b7643636e6115f1354a7\"},\"description\":\"Vom Prozess der Romanisierung Germaniens zeugen die r\u00f6mischen Grabh\u00fcgel von Oberl\u00f6stern. Im Sommer wurde die Inwertsetzung abgeschlossen.\",\"breadcrumb\":{\"@id\":\"https:\\\/\\\/naehrlich.de\\\/daserberoms\\\/2025\\\/11\\\/16\\\/die-roemischen-grabhuegel-von-oberloestern\\\/#breadcrumb\"},\"inLanguage\":\"de\",\"potentialAction\":[{\"@type\":\"ReadAction\",\"target\":[\"https:\\\/\\\/naehrlich.de\\\/daserberoms\\\/2025\\\/11\\\/16\\\/die-roemischen-grabhuegel-von-oberloestern\\\/\"]}]},{\"@type\":\"ImageObject\",\"inLanguage\":\"de\",\"@id\":\"https:\\\/\\\/naehrlich.de\\\/daserberoms\\\/2025\\\/11\\\/16\\\/die-roemischen-grabhuegel-von-oberloestern\\\/#primaryimage\",\"url\":\"https:\\\/\\\/naehrlich.de\\\/daserberoms\\\/wp-content\\\/uploads\\\/2025\\\/10\\\/MonumentalgrabhuegelOberloestern-.jpg\",\"contentUrl\":\"https:\\\/\\\/naehrlich.de\\\/daserberoms\\\/wp-content\\\/uploads\\\/2025\\\/10\\\/MonumentalgrabhuegelOberloestern-.jpg\",\"width\":1800,\"height\":800},{\"@type\":\"BreadcrumbList\",\"@id\":\"https:\\\/\\\/naehrlich.de\\\/daserberoms\\\/2025\\\/11\\\/16\\\/die-roemischen-grabhuegel-von-oberloestern\\\/#breadcrumb\",\"itemListElement\":[{\"@type\":\"ListItem\",\"position\":1,\"name\":\"Startseite\",\"item\":\"https:\\\/\\\/naehrlich.de\\\/daserberoms\\\/\"},{\"@type\":\"ListItem\",\"position\":2,\"name\":\"Die r\u00f6mischen Grabh\u00fcgel von Oberl\u00f6stern\"}]},{\"@type\":\"WebSite\",\"@id\":\"https:\\\/\\\/naehrlich.de\\\/daserberoms\\\/#website\",\"url\":\"https:\\\/\\\/naehrlich.de\\\/daserberoms\\\/\",\"name\":\"DasErbeRoms - alterBlog\",\"description\":\"Reisen auf den Spuren der alten R\u00f6mer. Von weltbekannt bis unbekannt. Fotos und Texte. Und ab und an einige Buch- und Filmbesprechungen und KI-Experimente.\",\"potentialAction\":[{\"@type\":\"SearchAction\",\"target\":{\"@type\":\"EntryPoint\",\"urlTemplate\":\"https:\\\/\\\/naehrlich.de\\\/daserberoms\\\/?s={search_term_string}\"},\"query-input\":{\"@type\":\"PropertyValueSpecification\",\"valueRequired\":true,\"valueName\":\"search_term_string\"}}],\"inLanguage\":\"de\"},{\"@type\":\"Person\",\"@id\":\"https:\\\/\\\/naehrlich.de\\\/daserberoms\\\/#\\\/schema\\\/person\\\/abf3183c35b9b7643636e6115f1354a7\",\"name\":\"Stefan N\u00e4hrlich\",\"image\":{\"@type\":\"ImageObject\",\"inLanguage\":\"de\",\"@id\":\"https:\\\/\\\/secure.gravatar.com\\\/avatar\\\/de332640be3ed6dfba043afc9f0cf67943fba3256852b07fe117cd6a456a29f8?s=96&d=mm&r=g\",\"url\":\"https:\\\/\\\/secure.gravatar.com\\\/avatar\\\/de332640be3ed6dfba043afc9f0cf67943fba3256852b07fe117cd6a456a29f8?s=96&d=mm&r=g\",\"contentUrl\":\"https:\\\/\\\/secure.gravatar.com\\\/avatar\\\/de332640be3ed6dfba043afc9f0cf67943fba3256852b07fe117cd6a456a29f8?s=96&d=mm&r=g\",\"caption\":\"Stefan N\u00e4hrlich\"},\"sameAs\":[\"http:\\\/\\\/www.daserberoms.de\"],\"url\":\"https:\\\/\\\/naehrlich.de\\\/daserberoms\\\/author\\\/stefan-naehrlich\\\/\"}]}<\/script>\n<!-- \/ Yoast SEO plugin. -->","yoast_head_json":{"title":"Die r\u00f6mischen Grabh\u00fcgel von Oberl\u00f6stern - DasErbeRoms - alterBlog","description":"Vom Prozess der Romanisierung Germaniens zeugen die r\u00f6mischen Grabh\u00fcgel von Oberl\u00f6stern. Im Sommer wurde die Inwertsetzung abgeschlossen.","robots":{"index":"index","follow":"follow","max-snippet":"max-snippet:-1","max-image-preview":"max-image-preview:large","max-video-preview":"max-video-preview:-1"},"canonical":"https:\/\/naehrlich.de\/daserberoms\/2025\/11\/16\/die-roemischen-grabhuegel-von-oberloestern\/","og_locale":"de_DE","og_type":"article","og_title":"Die r\u00f6mischen Grabh\u00fcgel von Oberl\u00f6stern - DasErbeRoms - alterBlog","og_description":"Vom Prozess der Romanisierung Germaniens zeugen die r\u00f6mischen Grabh\u00fcgel von Oberl\u00f6stern. Im Sommer wurde die Inwertsetzung abgeschlossen.","og_url":"https:\/\/naehrlich.de\/daserberoms\/2025\/11\/16\/die-roemischen-grabhuegel-von-oberloestern\/","og_site_name":"DasErbeRoms - alterBlog","article_publisher":"http:\/\/www.facebook.com\/stefan.naehrlich","article_published_time":"2025-11-16T07:28:00+00:00","article_modified_time":"2025-12-03T11:31:18+00:00","og_image":[{"width":1800,"height":800,"url":"https:\/\/naehrlich.de\/daserberoms\/wp-content\/uploads\/2025\/10\/MonumentalgrabhuegelOberloestern-.jpg","type":"image\/jpeg"}],"author":"Stefan N\u00e4hrlich","twitter_card":"summary_large_image","twitter_creator":"@DasErbeRoms","twitter_site":"@DasErbeRoms","twitter_misc":{"Verfasst von":"Stefan N\u00e4hrlich","Gesch\u00e4tzte Lesezeit":"4\u00a0Minuten"},"schema":{"@context":"https:\/\/schema.org","@graph":[{"@type":"Article","@id":"https:\/\/naehrlich.de\/daserberoms\/2025\/11\/16\/die-roemischen-grabhuegel-von-oberloestern\/#article","isPartOf":{"@id":"https:\/\/naehrlich.de\/daserberoms\/2025\/11\/16\/die-roemischen-grabhuegel-von-oberloestern\/"},"author":{"name":"Stefan N\u00e4hrlich","@id":"https:\/\/naehrlich.de\/daserberoms\/#\/schema\/person\/abf3183c35b9b7643636e6115f1354a7"},"headline":"Die r\u00f6mischen Grabh\u00fcgel von Oberl\u00f6stern","datePublished":"2025-11-16T07:28:00+00:00","dateModified":"2025-12-03T11:31:18+00:00","mainEntityOfPage":{"@id":"https:\/\/naehrlich.de\/daserberoms\/2025\/11\/16\/die-roemischen-grabhuegel-von-oberloestern\/"},"wordCount":593,"commentCount":0,"image":{"@id":"https:\/\/naehrlich.de\/daserberoms\/2025\/11\/16\/die-roemischen-grabhuegel-von-oberloestern\/#primaryimage"},"thumbnailUrl":"https:\/\/naehrlich.de\/daserberoms\/wp-content\/uploads\/2025\/10\/MonumentalgrabhuegelOberloestern-.jpg","keywords":["Grabbau","Grabmal"],"articleSection":["Alle Beitr\u00e4ge","Germanien"],"inLanguage":"de","potentialAction":[{"@type":"CommentAction","name":"Comment","target":["https:\/\/naehrlich.de\/daserberoms\/2025\/11\/16\/die-roemischen-grabhuegel-von-oberloestern\/#respond"]}]},{"@type":"WebPage","@id":"https:\/\/naehrlich.de\/daserberoms\/2025\/11\/16\/die-roemischen-grabhuegel-von-oberloestern\/","url":"https:\/\/naehrlich.de\/daserberoms\/2025\/11\/16\/die-roemischen-grabhuegel-von-oberloestern\/","name":"Die r\u00f6mischen Grabh\u00fcgel von Oberl\u00f6stern - DasErbeRoms - alterBlog","isPartOf":{"@id":"https:\/\/naehrlich.de\/daserberoms\/#website"},"primaryImageOfPage":{"@id":"https:\/\/naehrlich.de\/daserberoms\/2025\/11\/16\/die-roemischen-grabhuegel-von-oberloestern\/#primaryimage"},"image":{"@id":"https:\/\/naehrlich.de\/daserberoms\/2025\/11\/16\/die-roemischen-grabhuegel-von-oberloestern\/#primaryimage"},"thumbnailUrl":"https:\/\/naehrlich.de\/daserberoms\/wp-content\/uploads\/2025\/10\/MonumentalgrabhuegelOberloestern-.jpg","datePublished":"2025-11-16T07:28:00+00:00","dateModified":"2025-12-03T11:31:18+00:00","author":{"@id":"https:\/\/naehrlich.de\/daserberoms\/#\/schema\/person\/abf3183c35b9b7643636e6115f1354a7"},"description":"Vom Prozess der Romanisierung Germaniens zeugen die r\u00f6mischen Grabh\u00fcgel von Oberl\u00f6stern. Im Sommer wurde die Inwertsetzung abgeschlossen.","breadcrumb":{"@id":"https:\/\/naehrlich.de\/daserberoms\/2025\/11\/16\/die-roemischen-grabhuegel-von-oberloestern\/#breadcrumb"},"inLanguage":"de","potentialAction":[{"@type":"ReadAction","target":["https:\/\/naehrlich.de\/daserberoms\/2025\/11\/16\/die-roemischen-grabhuegel-von-oberloestern\/"]}]},{"@type":"ImageObject","inLanguage":"de","@id":"https:\/\/naehrlich.de\/daserberoms\/2025\/11\/16\/die-roemischen-grabhuegel-von-oberloestern\/#primaryimage","url":"https:\/\/naehrlich.de\/daserberoms\/wp-content\/uploads\/2025\/10\/MonumentalgrabhuegelOberloestern-.jpg","contentUrl":"https:\/\/naehrlich.de\/daserberoms\/wp-content\/uploads\/2025\/10\/MonumentalgrabhuegelOberloestern-.jpg","width":1800,"height":800},{"@type":"BreadcrumbList","@id":"https:\/\/naehrlich.de\/daserberoms\/2025\/11\/16\/die-roemischen-grabhuegel-von-oberloestern\/#breadcrumb","itemListElement":[{"@type":"ListItem","position":1,"name":"Startseite","item":"https:\/\/naehrlich.de\/daserberoms\/"},{"@type":"ListItem","position":2,"name":"Die r\u00f6mischen Grabh\u00fcgel von Oberl\u00f6stern"}]},{"@type":"WebSite","@id":"https:\/\/naehrlich.de\/daserberoms\/#website","url":"https:\/\/naehrlich.de\/daserberoms\/","name":"DasErbeRoms - alterBlog","description":"Reisen auf den Spuren der alten R\u00f6mer. Von weltbekannt bis unbekannt. Fotos und Texte. Und ab und an einige Buch- und Filmbesprechungen und KI-Experimente.","potentialAction":[{"@type":"SearchAction","target":{"@type":"EntryPoint","urlTemplate":"https:\/\/naehrlich.de\/daserberoms\/?s={search_term_string}"},"query-input":{"@type":"PropertyValueSpecification","valueRequired":true,"valueName":"search_term_string"}}],"inLanguage":"de"},{"@type":"Person","@id":"https:\/\/naehrlich.de\/daserberoms\/#\/schema\/person\/abf3183c35b9b7643636e6115f1354a7","name":"Stefan N\u00e4hrlich","image":{"@type":"ImageObject","inLanguage":"de","@id":"https:\/\/secure.gravatar.com\/avatar\/de332640be3ed6dfba043afc9f0cf67943fba3256852b07fe117cd6a456a29f8?s=96&d=mm&r=g","url":"https:\/\/secure.gravatar.com\/avatar\/de332640be3ed6dfba043afc9f0cf67943fba3256852b07fe117cd6a456a29f8?s=96&d=mm&r=g","contentUrl":"https:\/\/secure.gravatar.com\/avatar\/de332640be3ed6dfba043afc9f0cf67943fba3256852b07fe117cd6a456a29f8?s=96&d=mm&r=g","caption":"Stefan N\u00e4hrlich"},"sameAs":["http:\/\/www.daserberoms.de"],"url":"https:\/\/naehrlich.de\/daserberoms\/author\/stefan-naehrlich\/"}]}},"_links":{"self":[{"href":"https:\/\/naehrlich.de\/daserberoms\/wp-json\/wp\/v2\/posts\/35552","targetHints":{"allow":["GET"]}}],"collection":[{"href":"https:\/\/naehrlich.de\/daserberoms\/wp-json\/wp\/v2\/posts"}],"about":[{"href":"https:\/\/naehrlich.de\/daserberoms\/wp-json\/wp\/v2\/types\/post"}],"author":[{"embeddable":true,"href":"https:\/\/naehrlich.de\/daserberoms\/wp-json\/wp\/v2\/users\/1"}],"replies":[{"embeddable":true,"href":"https:\/\/naehrlich.de\/daserberoms\/wp-json\/wp\/v2\/comments?post=35552"}],"version-history":[{"count":20,"href":"https:\/\/naehrlich.de\/daserberoms\/wp-json\/wp\/v2\/posts\/35552\/revisions"}],"predecessor-version":[{"id":35618,"href":"https:\/\/naehrlich.de\/daserberoms\/wp-json\/wp\/v2\/posts\/35552\/revisions\/35618"}],"wp:featuredmedia":[{"embeddable":true,"href":"https:\/\/naehrlich.de\/daserberoms\/wp-json\/wp\/v2\/media\/35555"}],"wp:attachment":[{"href":"https:\/\/naehrlich.de\/daserberoms\/wp-json\/wp\/v2\/media?parent=35552"}],"wp:term":[{"taxonomy":"category","embeddable":true,"href":"https:\/\/naehrlich.de\/daserberoms\/wp-json\/wp\/v2\/categories?post=35552"},{"taxonomy":"post_tag","embeddable":true,"href":"https:\/\/naehrlich.de\/daserberoms\/wp-json\/wp\/v2\/tags?post=35552"}],"curies":[{"name":"wp","href":"https:\/\/api.w.org\/{rel}","templated":true}]}}