{"id":4191,"date":"2016-04-23T09:00:02","date_gmt":"2016-04-23T07:00:02","guid":{"rendered":"http:\/\/naehrlich.de\/daserberoms\/?p=4191"},"modified":"2018-08-14T20:12:15","modified_gmt":"2018-08-14T18:12:15","slug":"koblenz-ehrenbreitstein","status":"publish","type":"post","link":"https:\/\/naehrlich.de\/daserberoms\/2016\/04\/23\/koblenz-ehrenbreitstein\/","title":{"rendered":"Koblenz Ehrenbreitstein"},"content":{"rendered":"<p class=\"lead dropcap\">Koblenz Ehrenbreitstein: Stadtteil, Berg und Festung auf Koblenz rechter Rheinseite. Kein anderer Ort in Deutschland war so lange durchgehend eine milit\u00e4rische Befestigung.<\/p>\n<p>Bereits 1000 v. Chr. stand hier eine keltische Fliehburg, in der Sp\u00e4tantike ein r\u00f6mischer Burgus. Der letzte milit\u00e4rische Nutzer war die Wehrmacht, die hier Flakstellungen und einen Luftschutzbunker einrichteten. Heute dienen Festung und Festungspark <a href=\"http:\/\/www.diefestungehrenbreitstein.de\/\" target=\"_blank\">Ehrenbreitstein <\/a>als Ausflugsziel, Kulturzentrum und Museum.<\/p>\n<p>Im Haus der Arch\u00e4ologie auf Ehrenbreitstein werden geborgene Sch\u00e4tze von Mittelrhein und Mosel gezeigt. Einzigartig ist die im unweit entfernten Kastell Niederbieber gefundene Reiterstandarte r\u00f6mischer Hilfstruppen. Der sehr gut erhaltene Drachenkopf des Feldzeichens geh\u00f6rte wohl zu einer Abteilung niedergermanischer Aufkl\u00e4rer (Exploratorum Germanicorum Divitiensium) die hier seit sp\u00e4testens 238 n. Chr. stationiert waren. Aus der Fr\u00fchzeit des Koblenzer Kastells stammt ein anderer herausragender Fund. Eine kostbare G\u00fcrtelschnalle aus Bronze mit farbigen Emaille Einlagen. Sie war Teil eines r\u00f6mischen Milit\u00e4rg\u00fcrtels aus dem 2. Jahrhundert. Ebenfalls aus dieser Zeit stammt das Tintenf\u00e4sschen, dass im heutigen Bad Breisig gefunden wurde. Ansonsten bietet das Festungsgel\u00e4nde ein paar sch\u00f6ne Motive und einen tollen Blick \u00fcber Koblenz.<\/p>\n[aesop_gallery id=&#8220;9747&#8243; revealfx=&#8220;off&#8220; overlay_revealfx=&#8220;off&#8220;]\n<p>Das r\u00f6mische Koblenz in K\u00fcrze: Um 55 v. Chr. setzen r\u00f6mische Legion\u00e4re hier zum ersten Mal ihre genagelten Sandalen auf germanischen Boden, als sie zwischen Koblenz und Andernach eine Br\u00fccke \u00fcber den Rhein schlugen. Einige Jahre sp\u00e4ter wurde ein erstes Milit\u00e4rlager am Zusammenfluss von Mosel und Rhein errichtet, das Castellum apud Confluentes, &#8222;Kastell bei den Zusammenflie\u00dfenden&#8220;. Wahrscheinlich wurde hier im Jahr 16 <a href=\"http:\/\/naehrlich.de\/daserberoms\/2015\/10\/10\/so-lange-wird-germanien-nun-schon-besiegt\/\">Germanicus <\/a>Tochter Drusilla geboren. Etwa 100 Jahre sp\u00e4ter wurde auf dem Gebiet eines heutigen Koblenzer Stadtteils das Kastell Niederberg errichtet. Hier dienten r\u00f6mische Hilfstruppen aus dem Alpenraum, die zum Schutz des Limes hierher kommandiert waren. Die 7. teilberittene Raeter-Kohorte fand 259\/260 ihr Ende im Abwehrkampf gegen die Franken. Sie waren ihren Kameraden in Niederbieber zu Hilfe geeilt und wurden bei der Verteidigung des Kastells aufgerieben. Im Oktober 1814 entdeckte man bei Ausgrabungen das <a href=\"https:\/\/lvrlandesmuseumbonn.wordpress.com\/2014\/10\/16\/ein-milchbartiger-romer-wird-200\/\" target=\"_blank\">Skelett des Feldzeichentr\u00e4gers<\/a> an der Stelle des Fahnenheiligtums des Kastells. Schwert und Standarte lagen noch neben ihm. Die R\u00f6mer r\u00e4umten das rechtsrheinische Gebiet und befestigten ein Areal auf dem Gebiet der heutigen Koblenzer Altstadt. Bis in das fr\u00fche 5. Jahrhundert ist die Pr\u00e4senz der R\u00f6mer in Koblenz und Ehrenbreitstein belegt.<\/p>\n[aesop_image img=&#8220;https:\/\/naehrlich.de\/daserberoms\/wp-content\/uploads\/2016\/04\/IMG_1814.jpg&#8220; panorama=&#8220;off&#8220; align=&#8220;center&#8220; lightbox=&#8220;on&#8220; caption=&#8220;Verschiedene Feldzeichen im Fahnenheiligtum einer Garnison. Sie waren zusammen mit der Truppenkasse im r\u00fcckw\u00e4rtigen Bereich des Stabsgeb\u00e4udes (Principia) eines r\u00f6mischen Kastells untergebracht. Hier aus dem Kastell Saalburg in Hessen.&#8220; captionposition=&#8220;left&#8220; revealfx=&#8220;off&#8220; overlay_revealfx=&#8220;off&#8220; text_float=&#8220;off&#8220;]\n","protected":false},"excerpt":{"rendered":"<p>Koblenz Ehrenbreitstein: Stadtteil, Berg und Festung auf Koblenz rechter Rheinseite. Kein anderer Ort in Deutschland war so lange durchgehend eine milit\u00e4rische Befestigung. Bereits 1000 v. Chr. stand hier eine keltische Fliehburg, in der Sp\u00e4tantike ein r\u00f6mischer Burgus. Der letzte milit\u00e4rische Nutzer war die Wehrmacht, die hier Flakstellungen und einen Luftschutzbunker einrichteten. Heute dienen Festung und [&hellip;]<\/p>\n","protected":false},"author":1,"featured_media":9750,"comment_status":"open","ping_status":"open","sticky":false,"template":"","format":"standard","meta":{"footnotes":""},"categories":[16,8],"tags":[333,335,332,334,331,175],"class_list":["post-4191","post","type-post","status-publish","format-standard","has-post-thumbnail","hentry","category-alle-beitraege","category-germanien","tag-7-teilberittene-raeter-kohorte","tag-drusilla","tag-ehrenbreitstein","tag-exploratorum-germanicorum-divitiensium","tag-koblenz","tag-museum"],"yoast_head":"<!-- This site is optimized with the Yoast SEO plugin v27.4 - https:\/\/yoast.com\/product\/yoast-seo-wordpress\/ -->\n<title>Koblenz Ehrenbreitstein - DasErbeRoms - alterBlog<\/title>\n<meta name=\"description\" content=\"Koblenz Ehrenbreitstein: Stadteil, Berg und Festung auf Koblenz rechter Rheinseite. Seit 3000 Jahren befestigter Ort, den Kelten, R\u00f6mer und Preu\u00dfen nutzten.\" \/>\n<meta name=\"robots\" content=\"index, follow, max-snippet:-1, max-image-preview:large, max-video-preview:-1\" \/>\n<link rel=\"canonical\" href=\"https:\/\/naehrlich.de\/daserberoms\/2016\/04\/23\/koblenz-ehrenbreitstein\/\" \/>\n<meta property=\"og:locale\" content=\"de_DE\" \/>\n<meta property=\"og:type\" content=\"article\" \/>\n<meta property=\"og:title\" content=\"Koblenz Ehrenbreitstein - DasErbeRoms - alterBlog\" \/>\n<meta property=\"og:description\" content=\"Koblenz Ehrenbreitstein: Stadteil, Berg und Festung auf Koblenz rechter Rheinseite. Seit 3000 Jahren befestigter Ort, den Kelten, R\u00f6mer und Preu\u00dfen nutzten.\" \/>\n<meta property=\"og:url\" content=\"https:\/\/naehrlich.de\/daserberoms\/2016\/04\/23\/koblenz-ehrenbreitstein\/\" \/>\n<meta property=\"og:site_name\" content=\"DasErbeRoms - alterBlog\" \/>\n<meta property=\"article:publisher\" content=\"http:\/\/www.facebook.com\/stefan.naehrlich\" \/>\n<meta property=\"article:published_time\" content=\"2016-04-23T07:00:02+00:00\" \/>\n<meta property=\"article:modified_time\" content=\"2018-08-14T18:12:15+00:00\" \/>\n<meta property=\"og:image\" content=\"https:\/\/naehrlich.de\/daserberoms\/wp-content\/uploads\/2016\/04\/koblenzehrenbreitstein.jpg\" \/>\n\t<meta property=\"og:image:width\" content=\"1840\" \/>\n\t<meta property=\"og:image:height\" content=\"840\" \/>\n\t<meta property=\"og:image:type\" content=\"image\/jpeg\" \/>\n<meta name=\"author\" content=\"Stefan N\u00e4hrlich\" \/>\n<meta name=\"twitter:card\" content=\"summary_large_image\" \/>\n<meta name=\"twitter:creator\" content=\"@DasErbeRoms\" \/>\n<meta name=\"twitter:site\" content=\"@DasErbeRoms\" \/>\n<meta name=\"twitter:label1\" content=\"Verfasst von\" \/>\n\t<meta name=\"twitter:data1\" content=\"Stefan N\u00e4hrlich\" \/>\n\t<meta name=\"twitter:label2\" content=\"Gesch\u00e4tzte Lesezeit\" \/>\n\t<meta name=\"twitter:data2\" content=\"2\u00a0Minuten\" \/>\n<script type=\"application\/ld+json\" class=\"yoast-schema-graph\">{\"@context\":\"https:\\\/\\\/schema.org\",\"@graph\":[{\"@type\":\"Article\",\"@id\":\"https:\\\/\\\/naehrlich.de\\\/daserberoms\\\/2016\\\/04\\\/23\\\/koblenz-ehrenbreitstein\\\/#article\",\"isPartOf\":{\"@id\":\"https:\\\/\\\/naehrlich.de\\\/daserberoms\\\/2016\\\/04\\\/23\\\/koblenz-ehrenbreitstein\\\/\"},\"author\":{\"name\":\"Stefan N\u00e4hrlich\",\"@id\":\"https:\\\/\\\/naehrlich.de\\\/daserberoms\\\/#\\\/schema\\\/person\\\/abf3183c35b9b7643636e6115f1354a7\"},\"headline\":\"Koblenz Ehrenbreitstein\",\"datePublished\":\"2016-04-23T07:00:02+00:00\",\"dateModified\":\"2018-08-14T18:12:15+00:00\",\"mainEntityOfPage\":{\"@id\":\"https:\\\/\\\/naehrlich.de\\\/daserberoms\\\/2016\\\/04\\\/23\\\/koblenz-ehrenbreitstein\\\/\"},\"wordCount\":452,\"commentCount\":0,\"image\":{\"@id\":\"https:\\\/\\\/naehrlich.de\\\/daserberoms\\\/2016\\\/04\\\/23\\\/koblenz-ehrenbreitstein\\\/#primaryimage\"},\"thumbnailUrl\":\"https:\\\/\\\/naehrlich.de\\\/daserberoms\\\/wp-content\\\/uploads\\\/2016\\\/04\\\/koblenzehrenbreitstein.jpg\",\"keywords\":[\"7. teilberittene Raeter-Kohorte\",\"Drusilla\",\"Ehrenbreitstein\",\"Exploratorum Germanicorum Divitiensium\",\"Koblenz\",\"Museum\"],\"articleSection\":[\"Alle Beitr\u00e4ge\",\"Germanien\"],\"inLanguage\":\"de\",\"potentialAction\":[{\"@type\":\"CommentAction\",\"name\":\"Comment\",\"target\":[\"https:\\\/\\\/naehrlich.de\\\/daserberoms\\\/2016\\\/04\\\/23\\\/koblenz-ehrenbreitstein\\\/#respond\"]}]},{\"@type\":\"WebPage\",\"@id\":\"https:\\\/\\\/naehrlich.de\\\/daserberoms\\\/2016\\\/04\\\/23\\\/koblenz-ehrenbreitstein\\\/\",\"url\":\"https:\\\/\\\/naehrlich.de\\\/daserberoms\\\/2016\\\/04\\\/23\\\/koblenz-ehrenbreitstein\\\/\",\"name\":\"Koblenz Ehrenbreitstein - DasErbeRoms - alterBlog\",\"isPartOf\":{\"@id\":\"https:\\\/\\\/naehrlich.de\\\/daserberoms\\\/#website\"},\"primaryImageOfPage\":{\"@id\":\"https:\\\/\\\/naehrlich.de\\\/daserberoms\\\/2016\\\/04\\\/23\\\/koblenz-ehrenbreitstein\\\/#primaryimage\"},\"image\":{\"@id\":\"https:\\\/\\\/naehrlich.de\\\/daserberoms\\\/2016\\\/04\\\/23\\\/koblenz-ehrenbreitstein\\\/#primaryimage\"},\"thumbnailUrl\":\"https:\\\/\\\/naehrlich.de\\\/daserberoms\\\/wp-content\\\/uploads\\\/2016\\\/04\\\/koblenzehrenbreitstein.jpg\",\"datePublished\":\"2016-04-23T07:00:02+00:00\",\"dateModified\":\"2018-08-14T18:12:15+00:00\",\"author\":{\"@id\":\"https:\\\/\\\/naehrlich.de\\\/daserberoms\\\/#\\\/schema\\\/person\\\/abf3183c35b9b7643636e6115f1354a7\"},\"description\":\"Koblenz Ehrenbreitstein: Stadteil, Berg und Festung auf Koblenz rechter Rheinseite. Seit 3000 Jahren befestigter Ort, den Kelten, R\u00f6mer und Preu\u00dfen nutzten.\",\"breadcrumb\":{\"@id\":\"https:\\\/\\\/naehrlich.de\\\/daserberoms\\\/2016\\\/04\\\/23\\\/koblenz-ehrenbreitstein\\\/#breadcrumb\"},\"inLanguage\":\"de\",\"potentialAction\":[{\"@type\":\"ReadAction\",\"target\":[\"https:\\\/\\\/naehrlich.de\\\/daserberoms\\\/2016\\\/04\\\/23\\\/koblenz-ehrenbreitstein\\\/\"]}]},{\"@type\":\"ImageObject\",\"inLanguage\":\"de\",\"@id\":\"https:\\\/\\\/naehrlich.de\\\/daserberoms\\\/2016\\\/04\\\/23\\\/koblenz-ehrenbreitstein\\\/#primaryimage\",\"url\":\"https:\\\/\\\/naehrlich.de\\\/daserberoms\\\/wp-content\\\/uploads\\\/2016\\\/04\\\/koblenzehrenbreitstein.jpg\",\"contentUrl\":\"https:\\\/\\\/naehrlich.de\\\/daserberoms\\\/wp-content\\\/uploads\\\/2016\\\/04\\\/koblenzehrenbreitstein.jpg\",\"width\":1840,\"height\":840,\"caption\":\"Blick von der Festung Ehrenbreitstein auf den Zufluss der Mosel in den Rhein\"},{\"@type\":\"BreadcrumbList\",\"@id\":\"https:\\\/\\\/naehrlich.de\\\/daserberoms\\\/2016\\\/04\\\/23\\\/koblenz-ehrenbreitstein\\\/#breadcrumb\",\"itemListElement\":[{\"@type\":\"ListItem\",\"position\":1,\"name\":\"Startseite\",\"item\":\"https:\\\/\\\/naehrlich.de\\\/daserberoms\\\/\"},{\"@type\":\"ListItem\",\"position\":2,\"name\":\"Koblenz Ehrenbreitstein\"}]},{\"@type\":\"WebSite\",\"@id\":\"https:\\\/\\\/naehrlich.de\\\/daserberoms\\\/#website\",\"url\":\"https:\\\/\\\/naehrlich.de\\\/daserberoms\\\/\",\"name\":\"DasErbeRoms - alterBlog\",\"description\":\"Reisen auf den Spuren der alten R\u00f6mer. Von weltbekannt bis unbekannt. Fotos und Texte. Und ab und an einige Buch- und Filmbesprechungen und KI-Experimente.\",\"potentialAction\":[{\"@type\":\"SearchAction\",\"target\":{\"@type\":\"EntryPoint\",\"urlTemplate\":\"https:\\\/\\\/naehrlich.de\\\/daserberoms\\\/?s={search_term_string}\"},\"query-input\":{\"@type\":\"PropertyValueSpecification\",\"valueRequired\":true,\"valueName\":\"search_term_string\"}}],\"inLanguage\":\"de\"},{\"@type\":\"Person\",\"@id\":\"https:\\\/\\\/naehrlich.de\\\/daserberoms\\\/#\\\/schema\\\/person\\\/abf3183c35b9b7643636e6115f1354a7\",\"name\":\"Stefan N\u00e4hrlich\",\"image\":{\"@type\":\"ImageObject\",\"inLanguage\":\"de\",\"@id\":\"https:\\\/\\\/secure.gravatar.com\\\/avatar\\\/de332640be3ed6dfba043afc9f0cf67943fba3256852b07fe117cd6a456a29f8?s=96&d=mm&r=g\",\"url\":\"https:\\\/\\\/secure.gravatar.com\\\/avatar\\\/de332640be3ed6dfba043afc9f0cf67943fba3256852b07fe117cd6a456a29f8?s=96&d=mm&r=g\",\"contentUrl\":\"https:\\\/\\\/secure.gravatar.com\\\/avatar\\\/de332640be3ed6dfba043afc9f0cf67943fba3256852b07fe117cd6a456a29f8?s=96&d=mm&r=g\",\"caption\":\"Stefan N\u00e4hrlich\"},\"sameAs\":[\"http:\\\/\\\/www.daserberoms.de\"],\"url\":\"https:\\\/\\\/naehrlich.de\\\/daserberoms\\\/author\\\/stefan-naehrlich\\\/\"}]}<\/script>\n<!-- \/ Yoast SEO plugin. -->","yoast_head_json":{"title":"Koblenz Ehrenbreitstein - DasErbeRoms - alterBlog","description":"Koblenz Ehrenbreitstein: Stadteil, Berg und Festung auf Koblenz rechter Rheinseite. Seit 3000 Jahren befestigter Ort, den Kelten, R\u00f6mer und Preu\u00dfen nutzten.","robots":{"index":"index","follow":"follow","max-snippet":"max-snippet:-1","max-image-preview":"max-image-preview:large","max-video-preview":"max-video-preview:-1"},"canonical":"https:\/\/naehrlich.de\/daserberoms\/2016\/04\/23\/koblenz-ehrenbreitstein\/","og_locale":"de_DE","og_type":"article","og_title":"Koblenz Ehrenbreitstein - DasErbeRoms - alterBlog","og_description":"Koblenz Ehrenbreitstein: Stadteil, Berg und Festung auf Koblenz rechter Rheinseite. Seit 3000 Jahren befestigter Ort, den Kelten, R\u00f6mer und Preu\u00dfen nutzten.","og_url":"https:\/\/naehrlich.de\/daserberoms\/2016\/04\/23\/koblenz-ehrenbreitstein\/","og_site_name":"DasErbeRoms - alterBlog","article_publisher":"http:\/\/www.facebook.com\/stefan.naehrlich","article_published_time":"2016-04-23T07:00:02+00:00","article_modified_time":"2018-08-14T18:12:15+00:00","og_image":[{"width":1840,"height":840,"url":"https:\/\/naehrlich.de\/daserberoms\/wp-content\/uploads\/2016\/04\/koblenzehrenbreitstein.jpg","type":"image\/jpeg"}],"author":"Stefan N\u00e4hrlich","twitter_card":"summary_large_image","twitter_creator":"@DasErbeRoms","twitter_site":"@DasErbeRoms","twitter_misc":{"Verfasst von":"Stefan N\u00e4hrlich","Gesch\u00e4tzte Lesezeit":"2\u00a0Minuten"},"schema":{"@context":"https:\/\/schema.org","@graph":[{"@type":"Article","@id":"https:\/\/naehrlich.de\/daserberoms\/2016\/04\/23\/koblenz-ehrenbreitstein\/#article","isPartOf":{"@id":"https:\/\/naehrlich.de\/daserberoms\/2016\/04\/23\/koblenz-ehrenbreitstein\/"},"author":{"name":"Stefan N\u00e4hrlich","@id":"https:\/\/naehrlich.de\/daserberoms\/#\/schema\/person\/abf3183c35b9b7643636e6115f1354a7"},"headline":"Koblenz Ehrenbreitstein","datePublished":"2016-04-23T07:00:02+00:00","dateModified":"2018-08-14T18:12:15+00:00","mainEntityOfPage":{"@id":"https:\/\/naehrlich.de\/daserberoms\/2016\/04\/23\/koblenz-ehrenbreitstein\/"},"wordCount":452,"commentCount":0,"image":{"@id":"https:\/\/naehrlich.de\/daserberoms\/2016\/04\/23\/koblenz-ehrenbreitstein\/#primaryimage"},"thumbnailUrl":"https:\/\/naehrlich.de\/daserberoms\/wp-content\/uploads\/2016\/04\/koblenzehrenbreitstein.jpg","keywords":["7. teilberittene Raeter-Kohorte","Drusilla","Ehrenbreitstein","Exploratorum Germanicorum Divitiensium","Koblenz","Museum"],"articleSection":["Alle Beitr\u00e4ge","Germanien"],"inLanguage":"de","potentialAction":[{"@type":"CommentAction","name":"Comment","target":["https:\/\/naehrlich.de\/daserberoms\/2016\/04\/23\/koblenz-ehrenbreitstein\/#respond"]}]},{"@type":"WebPage","@id":"https:\/\/naehrlich.de\/daserberoms\/2016\/04\/23\/koblenz-ehrenbreitstein\/","url":"https:\/\/naehrlich.de\/daserberoms\/2016\/04\/23\/koblenz-ehrenbreitstein\/","name":"Koblenz Ehrenbreitstein - DasErbeRoms - alterBlog","isPartOf":{"@id":"https:\/\/naehrlich.de\/daserberoms\/#website"},"primaryImageOfPage":{"@id":"https:\/\/naehrlich.de\/daserberoms\/2016\/04\/23\/koblenz-ehrenbreitstein\/#primaryimage"},"image":{"@id":"https:\/\/naehrlich.de\/daserberoms\/2016\/04\/23\/koblenz-ehrenbreitstein\/#primaryimage"},"thumbnailUrl":"https:\/\/naehrlich.de\/daserberoms\/wp-content\/uploads\/2016\/04\/koblenzehrenbreitstein.jpg","datePublished":"2016-04-23T07:00:02+00:00","dateModified":"2018-08-14T18:12:15+00:00","author":{"@id":"https:\/\/naehrlich.de\/daserberoms\/#\/schema\/person\/abf3183c35b9b7643636e6115f1354a7"},"description":"Koblenz Ehrenbreitstein: Stadteil, Berg und Festung auf Koblenz rechter Rheinseite. Seit 3000 Jahren befestigter Ort, den Kelten, R\u00f6mer und Preu\u00dfen nutzten.","breadcrumb":{"@id":"https:\/\/naehrlich.de\/daserberoms\/2016\/04\/23\/koblenz-ehrenbreitstein\/#breadcrumb"},"inLanguage":"de","potentialAction":[{"@type":"ReadAction","target":["https:\/\/naehrlich.de\/daserberoms\/2016\/04\/23\/koblenz-ehrenbreitstein\/"]}]},{"@type":"ImageObject","inLanguage":"de","@id":"https:\/\/naehrlich.de\/daserberoms\/2016\/04\/23\/koblenz-ehrenbreitstein\/#primaryimage","url":"https:\/\/naehrlich.de\/daserberoms\/wp-content\/uploads\/2016\/04\/koblenzehrenbreitstein.jpg","contentUrl":"https:\/\/naehrlich.de\/daserberoms\/wp-content\/uploads\/2016\/04\/koblenzehrenbreitstein.jpg","width":1840,"height":840,"caption":"Blick von der Festung Ehrenbreitstein auf den Zufluss der Mosel in den Rhein"},{"@type":"BreadcrumbList","@id":"https:\/\/naehrlich.de\/daserberoms\/2016\/04\/23\/koblenz-ehrenbreitstein\/#breadcrumb","itemListElement":[{"@type":"ListItem","position":1,"name":"Startseite","item":"https:\/\/naehrlich.de\/daserberoms\/"},{"@type":"ListItem","position":2,"name":"Koblenz Ehrenbreitstein"}]},{"@type":"WebSite","@id":"https:\/\/naehrlich.de\/daserberoms\/#website","url":"https:\/\/naehrlich.de\/daserberoms\/","name":"DasErbeRoms - alterBlog","description":"Reisen auf den Spuren der alten R\u00f6mer. Von weltbekannt bis unbekannt. Fotos und Texte. Und ab und an einige Buch- und Filmbesprechungen und KI-Experimente.","potentialAction":[{"@type":"SearchAction","target":{"@type":"EntryPoint","urlTemplate":"https:\/\/naehrlich.de\/daserberoms\/?s={search_term_string}"},"query-input":{"@type":"PropertyValueSpecification","valueRequired":true,"valueName":"search_term_string"}}],"inLanguage":"de"},{"@type":"Person","@id":"https:\/\/naehrlich.de\/daserberoms\/#\/schema\/person\/abf3183c35b9b7643636e6115f1354a7","name":"Stefan N\u00e4hrlich","image":{"@type":"ImageObject","inLanguage":"de","@id":"https:\/\/secure.gravatar.com\/avatar\/de332640be3ed6dfba043afc9f0cf67943fba3256852b07fe117cd6a456a29f8?s=96&d=mm&r=g","url":"https:\/\/secure.gravatar.com\/avatar\/de332640be3ed6dfba043afc9f0cf67943fba3256852b07fe117cd6a456a29f8?s=96&d=mm&r=g","contentUrl":"https:\/\/secure.gravatar.com\/avatar\/de332640be3ed6dfba043afc9f0cf67943fba3256852b07fe117cd6a456a29f8?s=96&d=mm&r=g","caption":"Stefan N\u00e4hrlich"},"sameAs":["http:\/\/www.daserberoms.de"],"url":"https:\/\/naehrlich.de\/daserberoms\/author\/stefan-naehrlich\/"}]}},"_links":{"self":[{"href":"https:\/\/naehrlich.de\/daserberoms\/wp-json\/wp\/v2\/posts\/4191","targetHints":{"allow":["GET"]}}],"collection":[{"href":"https:\/\/naehrlich.de\/daserberoms\/wp-json\/wp\/v2\/posts"}],"about":[{"href":"https:\/\/naehrlich.de\/daserberoms\/wp-json\/wp\/v2\/types\/post"}],"author":[{"embeddable":true,"href":"https:\/\/naehrlich.de\/daserberoms\/wp-json\/wp\/v2\/users\/1"}],"replies":[{"embeddable":true,"href":"https:\/\/naehrlich.de\/daserberoms\/wp-json\/wp\/v2\/comments?post=4191"}],"version-history":[{"count":37,"href":"https:\/\/naehrlich.de\/daserberoms\/wp-json\/wp\/v2\/posts\/4191\/revisions"}],"predecessor-version":[{"id":4570,"href":"https:\/\/naehrlich.de\/daserberoms\/wp-json\/wp\/v2\/posts\/4191\/revisions\/4570"}],"wp:featuredmedia":[{"embeddable":true,"href":"https:\/\/naehrlich.de\/daserberoms\/wp-json\/wp\/v2\/media\/9750"}],"wp:attachment":[{"href":"https:\/\/naehrlich.de\/daserberoms\/wp-json\/wp\/v2\/media?parent=4191"}],"wp:term":[{"taxonomy":"category","embeddable":true,"href":"https:\/\/naehrlich.de\/daserberoms\/wp-json\/wp\/v2\/categories?post=4191"},{"taxonomy":"post_tag","embeddable":true,"href":"https:\/\/naehrlich.de\/daserberoms\/wp-json\/wp\/v2\/tags?post=4191"}],"curies":[{"name":"wp","href":"https:\/\/api.w.org\/{rel}","templated":true}]}}