{"id":4791,"date":"2016-06-08T07:09:39","date_gmt":"2016-06-08T05:09:39","guid":{"rendered":"http:\/\/naehrlich.de\/daserberoms\/?p=4791"},"modified":"2024-10-03T21:17:07","modified_gmt":"2024-10-03T19:17:07","slug":"gladiatoren-in-carnuntum","status":"publish","type":"post","link":"https:\/\/naehrlich.de\/daserberoms\/2016\/06\/08\/gladiatoren-in-carnuntum\/","title":{"rendered":"Gladiatoren in Carnuntum"},"content":{"rendered":"<p class=\"lead dropcap\">Die S7 in Wien kennen viele Reisende. Sie f\u00e4hrt vom Stadtzentrum zum Flughafen Schwechat, \u00d6sterreichs Tor zur Welt.<\/p>\n<p>Wer aber weiterf\u00e4hrt, den bringt die S-Bahn auch in eine andere Welt. In die der r\u00f6mischen Antike und zu den Gladiatoren in Carnuntum. Keine 30 Minuten hinter Wien-Schwechat liegt die Gemeinde und Haltestelle Petronell-Carnuntum. Vor 2000 Jahren legten die R\u00f6mer hier ein Feldlager an, aus dem sich eine <a href=\"http:\/\/naehrlich.de\/daserberoms\/2014\/06\/27\/klein-rom-an-der-donau\/\">prosperierende Stadt<\/a> entwickelte. Im Jahr 2011 entdeckte man auf dem Areal des heutigen Arch\u00e4ologischen Parks Carnuntum die Fundamente und Grundmauern einer 1700 Jahre alten r\u00f6mische <a href=\"http:\/\/www.krone.at\/Wissen\/Erste_Bilder_der_Gladiatorenschule_in_Carnuntum-1.700_Jahre_alt-Story-294334\" target=\"_blank\" rel=\"noopener noreferrer\">Gladiatorenschule<\/a>. Sie war eine der wohl rund 100 ludi der <a href=\"http:\/\/naehrlich.de\/daserberoms\/2014\/09\/22\/antike-entertainment-industrie\/\">antiken Entertainment-Industrie<\/a> im r\u00f6mischen Reich.<\/p>\n[aesop_parallax img=&#8220;https:\/\/naehrlich.de\/daserberoms\/wp-content\/uploads\/2016\/06\/FullSizeRender-114.jpg&#8220; parallaxbg=&#8220;off&#8220; caption=&#8220;Hier k\u00e4mpfen zwei Gladiatoren vom Typ Provocator. In der Mitte der Schiedsrichter. Er unterband weitere Attacken, wenn ein Gladiator sich ergab. Hier treten \u00fcbrigens Gladiatorinnen gegeneinander an. Wahrscheinlich gab es das in der Antike nicht. &#8220; captionposition=&#8220;bottom-left&#8220; lightbox=&#8220;off&#8220; floater=&#8220;off&#8220; floaterposition=&#8220;left&#8220; floaterdirection=&#8220;none&#8220; overlay_revealfx=&#8220;off&#8220;]\n<p>Heute gibt es wieder Gladiatoren in Carnuntum. Der Gladiatorentruppe geh\u00f6ren &#8222;erprobte Reenactoren, Carnuntiner Kulturvermittler, Geschichtelehrer und Hobbyhistoriker&#8220; an. Sie haben sich zeitgen\u00f6ssische Lebensl\u00e4ufe ausgedacht und die Kampftechniken des Thraex, Retiarius, Murmillo und anderer Gladiatorentypen erlernt. Im Juni traten sie an drei Wochenenden aus Anlass des 20j\u00e4hrigen Jubil\u00e4ums der Arch\u00e4ologischen Parks Carnuntum auf.<\/p>\n[aesop_gallery id=&#8220;9724&#8243; revealfx=&#8220;off&#8220; overlay_revealfx=&#8220;off&#8220;]\n\n\n[aesop_video align=&#8220;center&#8220; src=&#8220;youtube&#8220; id=&#8220;1jCsViPmS50&#8243; caption=&#8220;Beim R\u00f6merfestival Carnuntum am 4. Juni 2016 im Amphitheater der Milit\u00e4rstadt. Familia Gladiatoria Carnuntina: Retiarius gegen Secutor&#8220; disable_for_mobile=&#8220;on&#8220; loop=&#8220;on&#8220; autoplay=&#8220;on&#8220; controls=&#8220;on&#8220; viewstart=&#8220;on&#8220; viewend=&#8220;on&#8220; revealfx=&#8220;off&#8220; overlay_revealfx=&#8220;off&#8220;]\n\n<p>Ber\u00fchmte Gladiatorenschulen befanden sich auch in Rom und Capua. Spartacus zettelte hier den ber\u00fchmten Sklavenaufstand an und der Ludus Magnus im Rom stellte quasi die Heimmannschaft des Kolosseums. Auch Carnuntum wird angesichts der Gr\u00f6\u00dfe und Ausstattung der entdeckten Strukturen der Gladiatorenschule wohl nicht in der Kreisklasse gespielt haben.<\/p>\n<p>Gladiatorenk\u00e4mpfe kann man dieses Jahr noch in <a href=\"https:\/\/apx.lvr.de\/de\/veranstaltungen\/regelmaessige_veranstaltungen\/regelmaessige_veranstaltungen.html\" target=\"_blank\" rel=\"noopener noreferrer\">Xanten<\/a>, <a href=\"http:\/\/www.roemerfest.ch\" target=\"_blank\" rel=\"noopener noreferrer\">Augst bei Basel<\/a> oder in der <a href=\"https:\/\/www.villa-borg.de\/\" target=\"_blank\" rel=\"noopener noreferrer\">N\u00e4he von Trier<\/a> miterleben.<\/p>\n","protected":false},"excerpt":{"rendered":"<p>Die S7 in Wien kennen viele Reisende. Sie f\u00e4hrt vom Stadtzentrum zum Flughafen Schwechat, \u00d6sterreichs Tor zur Welt. Wer aber weiterf\u00e4hrt, den bringt die S-Bahn auch in eine andere Welt. In die der r\u00f6mischen Antike und zu den Gladiatoren in Carnuntum. Keine 30 Minuten hinter Wien-Schwechat liegt die Gemeinde und Haltestelle Petronell-Carnuntum. Vor 2000 Jahren [&hellip;]<\/p>\n","protected":false},"author":1,"featured_media":4795,"comment_status":"open","ping_status":"open","sticky":false,"template":"","format":"standard","meta":{"footnotes":""},"categories":[16,14],"tags":[313,80,117,374,396,373,236,372],"class_list":["post-4791","post","type-post","status-publish","format-standard","has-post-thumbnail","hentry","category-alle-beitraege","category-pannonien","tag-archaeologischer-park","tag-carnuntum","tag-gladiatoren","tag-murmillo","tag-oesterreich-2016","tag-retiarius","tag-tanzerinnen","tag-thraex"],"yoast_head":"<!-- This site is optimized with the Yoast SEO plugin v27.4 - https:\/\/yoast.com\/product\/yoast-seo-wordpress\/ -->\n<title>Gladiatoren in Carnuntum - DasErbeRoms - alterBlog<\/title>\n<meta name=\"description\" content=\"Heute gibt es wieder Gladiatoren in Carnuntum. Aus Anlass des 20j\u00e4hrigen Jubil\u00e4ums der Arch\u00e4ologischen Parks Carnuntum traten sie auf. Fotos und Video.\" \/>\n<meta name=\"robots\" content=\"index, follow, max-snippet:-1, max-image-preview:large, max-video-preview:-1\" \/>\n<link rel=\"canonical\" href=\"https:\/\/naehrlich.de\/daserberoms\/2016\/06\/08\/gladiatoren-in-carnuntum\/\" \/>\n<meta property=\"og:locale\" content=\"de_DE\" \/>\n<meta property=\"og:type\" content=\"article\" \/>\n<meta property=\"og:title\" content=\"Gladiatoren in Carnuntum - DasErbeRoms - alterBlog\" \/>\n<meta property=\"og:description\" content=\"Heute gibt es wieder Gladiatoren in Carnuntum. Aus Anlass des 20j\u00e4hrigen Jubil\u00e4ums der Arch\u00e4ologischen Parks Carnuntum traten sie auf. Fotos und Video.\" \/>\n<meta property=\"og:url\" content=\"https:\/\/naehrlich.de\/daserberoms\/2016\/06\/08\/gladiatoren-in-carnuntum\/\" \/>\n<meta property=\"og:site_name\" content=\"DasErbeRoms - alterBlog\" \/>\n<meta property=\"article:publisher\" content=\"http:\/\/www.facebook.com\/stefan.naehrlich\" \/>\n<meta property=\"article:published_time\" content=\"2016-06-08T05:09:39+00:00\" \/>\n<meta property=\"article:modified_time\" content=\"2024-10-03T19:17:07+00:00\" \/>\n<meta property=\"og:image\" content=\"https:\/\/naehrlich.de\/daserberoms\/wp-content\/uploads\/2016\/06\/FullSizeRender-78.jpg\" \/>\n\t<meta property=\"og:image:width\" content=\"2754\" \/>\n\t<meta property=\"og:image:height\" content=\"3672\" \/>\n\t<meta property=\"og:image:type\" content=\"image\/jpeg\" \/>\n<meta name=\"author\" content=\"Stefan N\u00e4hrlich\" \/>\n<meta name=\"twitter:card\" content=\"summary_large_image\" \/>\n<meta name=\"twitter:creator\" content=\"@DasErbeRoms\" \/>\n<meta name=\"twitter:site\" content=\"@DasErbeRoms\" \/>\n<meta name=\"twitter:label1\" content=\"Verfasst von\" \/>\n\t<meta name=\"twitter:data1\" content=\"Stefan N\u00e4hrlich\" \/>\n\t<meta name=\"twitter:label2\" content=\"Gesch\u00e4tzte Lesezeit\" \/>\n\t<meta name=\"twitter:data2\" content=\"2\u00a0Minuten\" \/>\n<script type=\"application\/ld+json\" class=\"yoast-schema-graph\">{\"@context\":\"https:\\\/\\\/schema.org\",\"@graph\":[{\"@type\":\"Article\",\"@id\":\"https:\\\/\\\/naehrlich.de\\\/daserberoms\\\/2016\\\/06\\\/08\\\/gladiatoren-in-carnuntum\\\/#article\",\"isPartOf\":{\"@id\":\"https:\\\/\\\/naehrlich.de\\\/daserberoms\\\/2016\\\/06\\\/08\\\/gladiatoren-in-carnuntum\\\/\"},\"author\":{\"name\":\"Stefan N\u00e4hrlich\",\"@id\":\"https:\\\/\\\/naehrlich.de\\\/daserberoms\\\/#\\\/schema\\\/person\\\/abf3183c35b9b7643636e6115f1354a7\"},\"headline\":\"Gladiatoren in Carnuntum\",\"datePublished\":\"2016-06-08T05:09:39+00:00\",\"dateModified\":\"2024-10-03T19:17:07+00:00\",\"mainEntityOfPage\":{\"@id\":\"https:\\\/\\\/naehrlich.de\\\/daserberoms\\\/2016\\\/06\\\/08\\\/gladiatoren-in-carnuntum\\\/\"},\"wordCount\":359,\"commentCount\":0,\"image\":{\"@id\":\"https:\\\/\\\/naehrlich.de\\\/daserberoms\\\/2016\\\/06\\\/08\\\/gladiatoren-in-carnuntum\\\/#primaryimage\"},\"thumbnailUrl\":\"https:\\\/\\\/naehrlich.de\\\/daserberoms\\\/wp-content\\\/uploads\\\/2016\\\/06\\\/FullSizeRender-78.jpg\",\"keywords\":[\"Arch\u00e4ologischer Park\",\"Carnuntum\",\"Gladiatoren\",\"Murmillo\",\"\u00d6sterreich 2016\",\"Retiarius\",\"T\u00e4nzerinnen\",\"Thraex\"],\"articleSection\":[\"Alle Beitr\u00e4ge\",\"Pannonien\"],\"inLanguage\":\"de\",\"potentialAction\":[{\"@type\":\"CommentAction\",\"name\":\"Comment\",\"target\":[\"https:\\\/\\\/naehrlich.de\\\/daserberoms\\\/2016\\\/06\\\/08\\\/gladiatoren-in-carnuntum\\\/#respond\"]}]},{\"@type\":\"WebPage\",\"@id\":\"https:\\\/\\\/naehrlich.de\\\/daserberoms\\\/2016\\\/06\\\/08\\\/gladiatoren-in-carnuntum\\\/\",\"url\":\"https:\\\/\\\/naehrlich.de\\\/daserberoms\\\/2016\\\/06\\\/08\\\/gladiatoren-in-carnuntum\\\/\",\"name\":\"Gladiatoren in Carnuntum - DasErbeRoms - alterBlog\",\"isPartOf\":{\"@id\":\"https:\\\/\\\/naehrlich.de\\\/daserberoms\\\/#website\"},\"primaryImageOfPage\":{\"@id\":\"https:\\\/\\\/naehrlich.de\\\/daserberoms\\\/2016\\\/06\\\/08\\\/gladiatoren-in-carnuntum\\\/#primaryimage\"},\"image\":{\"@id\":\"https:\\\/\\\/naehrlich.de\\\/daserberoms\\\/2016\\\/06\\\/08\\\/gladiatoren-in-carnuntum\\\/#primaryimage\"},\"thumbnailUrl\":\"https:\\\/\\\/naehrlich.de\\\/daserberoms\\\/wp-content\\\/uploads\\\/2016\\\/06\\\/FullSizeRender-78.jpg\",\"datePublished\":\"2016-06-08T05:09:39+00:00\",\"dateModified\":\"2024-10-03T19:17:07+00:00\",\"author\":{\"@id\":\"https:\\\/\\\/naehrlich.de\\\/daserberoms\\\/#\\\/schema\\\/person\\\/abf3183c35b9b7643636e6115f1354a7\"},\"description\":\"Heute gibt es wieder Gladiatoren in Carnuntum. Aus Anlass des 20j\u00e4hrigen Jubil\u00e4ums der Arch\u00e4ologischen Parks Carnuntum traten sie auf. Fotos und Video.\",\"breadcrumb\":{\"@id\":\"https:\\\/\\\/naehrlich.de\\\/daserberoms\\\/2016\\\/06\\\/08\\\/gladiatoren-in-carnuntum\\\/#breadcrumb\"},\"inLanguage\":\"de\",\"potentialAction\":[{\"@type\":\"ReadAction\",\"target\":[\"https:\\\/\\\/naehrlich.de\\\/daserberoms\\\/2016\\\/06\\\/08\\\/gladiatoren-in-carnuntum\\\/\"]}]},{\"@type\":\"ImageObject\",\"inLanguage\":\"de\",\"@id\":\"https:\\\/\\\/naehrlich.de\\\/daserberoms\\\/2016\\\/06\\\/08\\\/gladiatoren-in-carnuntum\\\/#primaryimage\",\"url\":\"https:\\\/\\\/naehrlich.de\\\/daserberoms\\\/wp-content\\\/uploads\\\/2016\\\/06\\\/FullSizeRender-78.jpg\",\"contentUrl\":\"https:\\\/\\\/naehrlich.de\\\/daserberoms\\\/wp-content\\\/uploads\\\/2016\\\/06\\\/FullSizeRender-78.jpg\",\"width\":2754,\"height\":3672,\"caption\":\"Der Thraex liegt \\\"verwundet\\\" am Boden, der Schiedsrichter unterbricht den Kampf\"},{\"@type\":\"BreadcrumbList\",\"@id\":\"https:\\\/\\\/naehrlich.de\\\/daserberoms\\\/2016\\\/06\\\/08\\\/gladiatoren-in-carnuntum\\\/#breadcrumb\",\"itemListElement\":[{\"@type\":\"ListItem\",\"position\":1,\"name\":\"Startseite\",\"item\":\"https:\\\/\\\/naehrlich.de\\\/daserberoms\\\/\"},{\"@type\":\"ListItem\",\"position\":2,\"name\":\"Gladiatoren in Carnuntum\"}]},{\"@type\":\"WebSite\",\"@id\":\"https:\\\/\\\/naehrlich.de\\\/daserberoms\\\/#website\",\"url\":\"https:\\\/\\\/naehrlich.de\\\/daserberoms\\\/\",\"name\":\"DasErbeRoms - alterBlog\",\"description\":\"Reisen auf den Spuren der alten R\u00f6mer. Von weltbekannt bis unbekannt. Fotos und Texte. Und ab und an einige Buch- und Filmbesprechungen und KI-Experimente.\",\"potentialAction\":[{\"@type\":\"SearchAction\",\"target\":{\"@type\":\"EntryPoint\",\"urlTemplate\":\"https:\\\/\\\/naehrlich.de\\\/daserberoms\\\/?s={search_term_string}\"},\"query-input\":{\"@type\":\"PropertyValueSpecification\",\"valueRequired\":true,\"valueName\":\"search_term_string\"}}],\"inLanguage\":\"de\"},{\"@type\":\"Person\",\"@id\":\"https:\\\/\\\/naehrlich.de\\\/daserberoms\\\/#\\\/schema\\\/person\\\/abf3183c35b9b7643636e6115f1354a7\",\"name\":\"Stefan N\u00e4hrlich\",\"image\":{\"@type\":\"ImageObject\",\"inLanguage\":\"de\",\"@id\":\"https:\\\/\\\/secure.gravatar.com\\\/avatar\\\/de332640be3ed6dfba043afc9f0cf67943fba3256852b07fe117cd6a456a29f8?s=96&d=mm&r=g\",\"url\":\"https:\\\/\\\/secure.gravatar.com\\\/avatar\\\/de332640be3ed6dfba043afc9f0cf67943fba3256852b07fe117cd6a456a29f8?s=96&d=mm&r=g\",\"contentUrl\":\"https:\\\/\\\/secure.gravatar.com\\\/avatar\\\/de332640be3ed6dfba043afc9f0cf67943fba3256852b07fe117cd6a456a29f8?s=96&d=mm&r=g\",\"caption\":\"Stefan N\u00e4hrlich\"},\"sameAs\":[\"http:\\\/\\\/www.daserberoms.de\"],\"url\":\"https:\\\/\\\/naehrlich.de\\\/daserberoms\\\/author\\\/stefan-naehrlich\\\/\"}]}<\/script>\n<!-- \/ Yoast SEO plugin. -->","yoast_head_json":{"title":"Gladiatoren in Carnuntum - DasErbeRoms - alterBlog","description":"Heute gibt es wieder Gladiatoren in Carnuntum. Aus Anlass des 20j\u00e4hrigen Jubil\u00e4ums der Arch\u00e4ologischen Parks Carnuntum traten sie auf. Fotos und Video.","robots":{"index":"index","follow":"follow","max-snippet":"max-snippet:-1","max-image-preview":"max-image-preview:large","max-video-preview":"max-video-preview:-1"},"canonical":"https:\/\/naehrlich.de\/daserberoms\/2016\/06\/08\/gladiatoren-in-carnuntum\/","og_locale":"de_DE","og_type":"article","og_title":"Gladiatoren in Carnuntum - DasErbeRoms - alterBlog","og_description":"Heute gibt es wieder Gladiatoren in Carnuntum. Aus Anlass des 20j\u00e4hrigen Jubil\u00e4ums der Arch\u00e4ologischen Parks Carnuntum traten sie auf. Fotos und Video.","og_url":"https:\/\/naehrlich.de\/daserberoms\/2016\/06\/08\/gladiatoren-in-carnuntum\/","og_site_name":"DasErbeRoms - alterBlog","article_publisher":"http:\/\/www.facebook.com\/stefan.naehrlich","article_published_time":"2016-06-08T05:09:39+00:00","article_modified_time":"2024-10-03T19:17:07+00:00","og_image":[{"width":2754,"height":3672,"url":"https:\/\/naehrlich.de\/daserberoms\/wp-content\/uploads\/2016\/06\/FullSizeRender-78.jpg","type":"image\/jpeg"}],"author":"Stefan N\u00e4hrlich","twitter_card":"summary_large_image","twitter_creator":"@DasErbeRoms","twitter_site":"@DasErbeRoms","twitter_misc":{"Verfasst von":"Stefan N\u00e4hrlich","Gesch\u00e4tzte Lesezeit":"2\u00a0Minuten"},"schema":{"@context":"https:\/\/schema.org","@graph":[{"@type":"Article","@id":"https:\/\/naehrlich.de\/daserberoms\/2016\/06\/08\/gladiatoren-in-carnuntum\/#article","isPartOf":{"@id":"https:\/\/naehrlich.de\/daserberoms\/2016\/06\/08\/gladiatoren-in-carnuntum\/"},"author":{"name":"Stefan N\u00e4hrlich","@id":"https:\/\/naehrlich.de\/daserberoms\/#\/schema\/person\/abf3183c35b9b7643636e6115f1354a7"},"headline":"Gladiatoren in Carnuntum","datePublished":"2016-06-08T05:09:39+00:00","dateModified":"2024-10-03T19:17:07+00:00","mainEntityOfPage":{"@id":"https:\/\/naehrlich.de\/daserberoms\/2016\/06\/08\/gladiatoren-in-carnuntum\/"},"wordCount":359,"commentCount":0,"image":{"@id":"https:\/\/naehrlich.de\/daserberoms\/2016\/06\/08\/gladiatoren-in-carnuntum\/#primaryimage"},"thumbnailUrl":"https:\/\/naehrlich.de\/daserberoms\/wp-content\/uploads\/2016\/06\/FullSizeRender-78.jpg","keywords":["Arch\u00e4ologischer Park","Carnuntum","Gladiatoren","Murmillo","\u00d6sterreich 2016","Retiarius","T\u00e4nzerinnen","Thraex"],"articleSection":["Alle Beitr\u00e4ge","Pannonien"],"inLanguage":"de","potentialAction":[{"@type":"CommentAction","name":"Comment","target":["https:\/\/naehrlich.de\/daserberoms\/2016\/06\/08\/gladiatoren-in-carnuntum\/#respond"]}]},{"@type":"WebPage","@id":"https:\/\/naehrlich.de\/daserberoms\/2016\/06\/08\/gladiatoren-in-carnuntum\/","url":"https:\/\/naehrlich.de\/daserberoms\/2016\/06\/08\/gladiatoren-in-carnuntum\/","name":"Gladiatoren in Carnuntum - DasErbeRoms - alterBlog","isPartOf":{"@id":"https:\/\/naehrlich.de\/daserberoms\/#website"},"primaryImageOfPage":{"@id":"https:\/\/naehrlich.de\/daserberoms\/2016\/06\/08\/gladiatoren-in-carnuntum\/#primaryimage"},"image":{"@id":"https:\/\/naehrlich.de\/daserberoms\/2016\/06\/08\/gladiatoren-in-carnuntum\/#primaryimage"},"thumbnailUrl":"https:\/\/naehrlich.de\/daserberoms\/wp-content\/uploads\/2016\/06\/FullSizeRender-78.jpg","datePublished":"2016-06-08T05:09:39+00:00","dateModified":"2024-10-03T19:17:07+00:00","author":{"@id":"https:\/\/naehrlich.de\/daserberoms\/#\/schema\/person\/abf3183c35b9b7643636e6115f1354a7"},"description":"Heute gibt es wieder Gladiatoren in Carnuntum. Aus Anlass des 20j\u00e4hrigen Jubil\u00e4ums der Arch\u00e4ologischen Parks Carnuntum traten sie auf. Fotos und Video.","breadcrumb":{"@id":"https:\/\/naehrlich.de\/daserberoms\/2016\/06\/08\/gladiatoren-in-carnuntum\/#breadcrumb"},"inLanguage":"de","potentialAction":[{"@type":"ReadAction","target":["https:\/\/naehrlich.de\/daserberoms\/2016\/06\/08\/gladiatoren-in-carnuntum\/"]}]},{"@type":"ImageObject","inLanguage":"de","@id":"https:\/\/naehrlich.de\/daserberoms\/2016\/06\/08\/gladiatoren-in-carnuntum\/#primaryimage","url":"https:\/\/naehrlich.de\/daserberoms\/wp-content\/uploads\/2016\/06\/FullSizeRender-78.jpg","contentUrl":"https:\/\/naehrlich.de\/daserberoms\/wp-content\/uploads\/2016\/06\/FullSizeRender-78.jpg","width":2754,"height":3672,"caption":"Der Thraex liegt \"verwundet\" am Boden, der Schiedsrichter unterbricht den Kampf"},{"@type":"BreadcrumbList","@id":"https:\/\/naehrlich.de\/daserberoms\/2016\/06\/08\/gladiatoren-in-carnuntum\/#breadcrumb","itemListElement":[{"@type":"ListItem","position":1,"name":"Startseite","item":"https:\/\/naehrlich.de\/daserberoms\/"},{"@type":"ListItem","position":2,"name":"Gladiatoren in Carnuntum"}]},{"@type":"WebSite","@id":"https:\/\/naehrlich.de\/daserberoms\/#website","url":"https:\/\/naehrlich.de\/daserberoms\/","name":"DasErbeRoms - alterBlog","description":"Reisen auf den Spuren der alten R\u00f6mer. Von weltbekannt bis unbekannt. Fotos und Texte. Und ab und an einige Buch- und Filmbesprechungen und KI-Experimente.","potentialAction":[{"@type":"SearchAction","target":{"@type":"EntryPoint","urlTemplate":"https:\/\/naehrlich.de\/daserberoms\/?s={search_term_string}"},"query-input":{"@type":"PropertyValueSpecification","valueRequired":true,"valueName":"search_term_string"}}],"inLanguage":"de"},{"@type":"Person","@id":"https:\/\/naehrlich.de\/daserberoms\/#\/schema\/person\/abf3183c35b9b7643636e6115f1354a7","name":"Stefan N\u00e4hrlich","image":{"@type":"ImageObject","inLanguage":"de","@id":"https:\/\/secure.gravatar.com\/avatar\/de332640be3ed6dfba043afc9f0cf67943fba3256852b07fe117cd6a456a29f8?s=96&d=mm&r=g","url":"https:\/\/secure.gravatar.com\/avatar\/de332640be3ed6dfba043afc9f0cf67943fba3256852b07fe117cd6a456a29f8?s=96&d=mm&r=g","contentUrl":"https:\/\/secure.gravatar.com\/avatar\/de332640be3ed6dfba043afc9f0cf67943fba3256852b07fe117cd6a456a29f8?s=96&d=mm&r=g","caption":"Stefan N\u00e4hrlich"},"sameAs":["http:\/\/www.daserberoms.de"],"url":"https:\/\/naehrlich.de\/daserberoms\/author\/stefan-naehrlich\/"}]}},"_links":{"self":[{"href":"https:\/\/naehrlich.de\/daserberoms\/wp-json\/wp\/v2\/posts\/4791","targetHints":{"allow":["GET"]}}],"collection":[{"href":"https:\/\/naehrlich.de\/daserberoms\/wp-json\/wp\/v2\/posts"}],"about":[{"href":"https:\/\/naehrlich.de\/daserberoms\/wp-json\/wp\/v2\/types\/post"}],"author":[{"embeddable":true,"href":"https:\/\/naehrlich.de\/daserberoms\/wp-json\/wp\/v2\/users\/1"}],"replies":[{"embeddable":true,"href":"https:\/\/naehrlich.de\/daserberoms\/wp-json\/wp\/v2\/comments?post=4791"}],"version-history":[{"count":38,"href":"https:\/\/naehrlich.de\/daserberoms\/wp-json\/wp\/v2\/posts\/4791\/revisions"}],"predecessor-version":[{"id":31182,"href":"https:\/\/naehrlich.de\/daserberoms\/wp-json\/wp\/v2\/posts\/4791\/revisions\/31182"}],"wp:featuredmedia":[{"embeddable":true,"href":"https:\/\/naehrlich.de\/daserberoms\/wp-json\/wp\/v2\/media\/4795"}],"wp:attachment":[{"href":"https:\/\/naehrlich.de\/daserberoms\/wp-json\/wp\/v2\/media?parent=4791"}],"wp:term":[{"taxonomy":"category","embeddable":true,"href":"https:\/\/naehrlich.de\/daserberoms\/wp-json\/wp\/v2\/categories?post=4791"},{"taxonomy":"post_tag","embeddable":true,"href":"https:\/\/naehrlich.de\/daserberoms\/wp-json\/wp\/v2\/tags?post=4791"}],"curies":[{"name":"wp","href":"https:\/\/api.w.org\/{rel}","templated":true}]}}