{"id":6891,"date":"2017-05-26T09:45:38","date_gmt":"2017-05-26T07:45:38","guid":{"rendered":"http:\/\/naehrlich.de\/daserberoms\/?p=6891"},"modified":"2024-01-27T08:31:32","modified_gmt":"2024-01-27T07:31:32","slug":"germanicus-triumph-ohne-sieg","status":"publish","type":"post","link":"https:\/\/naehrlich.de\/daserberoms\/2017\/05\/26\/germanicus-triumph-ohne-sieg\/","title":{"rendered":"Germanicus: Triumph ohne Sieg"},"content":{"rendered":"<p class=\"lead dropcap\">Heute vor genau 2000 Jahren war Germanicus gro\u00dfer Tag. Am 26. Mai 17 zog der Adoptivsohn Kaiser Tiberius im Triumphzug durch Rom, h\u00f6rte den Jubel der Massen und die Ges\u00e4nge seiner Legion\u00e4re. Die aber genossen den Tag sicher mehr als ihr Feldherr. Die <a href=\"http:\/\/naehrlich.de\/daserberoms\/2015\/10\/10\/so-lange-wird-germanien-nun-schon-besiegt\/\">Rachefeldz\u00fcge gegen die germanischen St\u00e4mme unter Arminius<\/a> waren verlustreich und nur teilweise von Erfolg gekr\u00f6nt. Ein Sieg blieb aus.<\/p>\n<p>Die Geduld des Kaisers war am Ende und mit ihr der Feldzug. Tiberius rief seinen erkl\u00e4rten Nachfolger zur\u00fcck und befahl den R\u00fcckzug \u00fcber den Rhein. Der gew\u00e4hrte Triumph diente mehr zur Gesichtswahrung f\u00fcr den Hoffnungstr\u00e4ger des Kaiserhauses und war vor allem eine Propagandaschau f\u00fcrs Volk. Ein Triumph ohne Sieg. Zwei Jahre sp\u00e4ter starb Germanicus auf politischer Mission in Antiochia im Osten des r\u00f6mischen Reiches. Die Umst\u00e4nde seines Todes wurden nie g\u00e4nzlich gekl\u00e4rt und l\u00f6sten gro\u00dfe Betroffenheit in der Bev\u00f6lkerung aus.<\/p>\n[aesop_image img=&#8220;https:\/\/naehrlich.de\/daserberoms\/wp-content\/uploads\/2017\/05\/PSN0000G.jpeg&#8220; panorama=&#8220;off&#8220; align=&#8220;center&#8220; lightbox=&#8220;on&#8220; caption=&#8220;Triumph ohne Sieg. Fotomontage der Germanicus-B\u00fcste in einer Videoinstallation aus der Sonderausstellung &#34;Ich Germanicus! Feldherr Priester Superstar&#34; mit dem Triumphbogen des Titus auf dem Forum Romanum in Rom.&#8220; captionposition=&#8220;center&#8220; revealfx=&#8220;off&#8220; overlay_revealfx=&#8220;off&#8220; text_float=&#8220;off&#8220;]\n<p>Triumph ohne Sieg. Roms Ende in Germanien. <a href=\"https:\/\/www.lwl.org\/triumph-ausstellung\" target=\"_blank\" rel=\"noopener noreferrer\">Sonderausstellung im LWL-R\u00f6mermuseum<\/a> in Haltern am See vom 2.6. bis 5.11.2017. Der Begleitband zur Ausstellung ist in der Reihe <a href=\"https:\/\/www.beck-shop.de\/reihen\/zaberns-bildbaende-zur-archaeologie\/16072\" target=\"_blank\" rel=\"noopener noreferrer\">Zaberns Bildb\u00e4nde zur Arch\u00e4ologie<\/a> erschienen.<\/p>\n","protected":false},"excerpt":{"rendered":"<p>Heute vor genau 2000 Jahren war Germanicus gro\u00dfer Tag. Am 26. Mai 17 zog der Adoptivsohn Kaiser Tiberius im Triumphzug durch Rom, h\u00f6rte den Jubel der Massen und die Ges\u00e4nge seiner Legion\u00e4re. Die aber genossen den Tag sicher mehr als ihr Feldherr. Die Rachefeldz\u00fcge gegen die germanischen St\u00e4mme unter Arminius waren verlustreich und nur teilweise [&hellip;]<\/p>\n","protected":false},"author":1,"featured_media":0,"comment_status":"open","ping_status":"open","sticky":false,"template":"","format":"standard","meta":{"footnotes":""},"categories":[16,8,17],"tags":[581,49,116,347,582],"class_list":["post-6891","post","type-post","status-publish","format-standard","hentry","category-alle-beitraege","category-germanien","category-rom","tag-antiochia","tag-arminius","tag-germanicus","tag-tiberius","tag-triumphzug"],"yoast_head":"<!-- This site is optimized with the Yoast SEO plugin v27.4 - https:\/\/yoast.com\/product\/yoast-seo-wordpress\/ -->\n<title>Germanicus: Triumph ohne Sieg - DasErbeRoms - alterBlog<\/title>\n<meta name=\"description\" content=\"Triumph ohne Sieg. Heute vor genau 2000 Jahren war Germanicus gro\u00dfer Tag. Am 27. Mai 17 zog der Adoptivsohn Kaiser Tiberius im Triumphzug durch Rom.\" \/>\n<meta name=\"robots\" content=\"index, follow, max-snippet:-1, max-image-preview:large, max-video-preview:-1\" \/>\n<link rel=\"canonical\" href=\"https:\/\/naehrlich.de\/daserberoms\/2017\/05\/26\/germanicus-triumph-ohne-sieg\/\" \/>\n<meta property=\"og:locale\" content=\"de_DE\" \/>\n<meta property=\"og:type\" content=\"article\" \/>\n<meta property=\"og:title\" content=\"Germanicus: Triumph ohne Sieg - DasErbeRoms - alterBlog\" \/>\n<meta property=\"og:description\" content=\"Triumph ohne Sieg. Heute vor genau 2000 Jahren war Germanicus gro\u00dfer Tag. Am 27. Mai 17 zog der Adoptivsohn Kaiser Tiberius im Triumphzug durch Rom.\" \/>\n<meta property=\"og:url\" content=\"https:\/\/naehrlich.de\/daserberoms\/2017\/05\/26\/germanicus-triumph-ohne-sieg\/\" \/>\n<meta property=\"og:site_name\" content=\"DasErbeRoms - alterBlog\" \/>\n<meta property=\"article:publisher\" content=\"http:\/\/www.facebook.com\/stefan.naehrlich\" \/>\n<meta property=\"article:published_time\" content=\"2017-05-26T07:45:38+00:00\" \/>\n<meta property=\"article:modified_time\" content=\"2024-01-27T07:31:32+00:00\" \/>\n<meta property=\"og:image\" content=\"https:\/\/naehrlich.de\/daserberoms\/wp-content\/uploads\/2015\/12\/576278_520771484618935_853087274_n.jpg\" \/>\n\t<meta property=\"og:image:width\" content=\"720\" \/>\n\t<meta property=\"og:image:height\" content=\"960\" \/>\n\t<meta property=\"og:image:type\" content=\"image\/jpeg\" \/>\n<meta name=\"author\" content=\"Stefan N\u00e4hrlich\" \/>\n<meta name=\"twitter:card\" content=\"summary_large_image\" \/>\n<meta name=\"twitter:creator\" content=\"@DasErbeRoms\" \/>\n<meta name=\"twitter:site\" content=\"@DasErbeRoms\" \/>\n<meta name=\"twitter:label1\" content=\"Verfasst von\" \/>\n\t<meta name=\"twitter:data1\" content=\"Stefan N\u00e4hrlich\" \/>\n\t<meta name=\"twitter:label2\" content=\"Gesch\u00e4tzte Lesezeit\" \/>\n\t<meta name=\"twitter:data2\" content=\"1\u00a0Minute\" \/>\n<script type=\"application\/ld+json\" class=\"yoast-schema-graph\">{\"@context\":\"https:\\\/\\\/schema.org\",\"@graph\":[{\"@type\":\"Article\",\"@id\":\"https:\\\/\\\/naehrlich.de\\\/daserberoms\\\/2017\\\/05\\\/26\\\/germanicus-triumph-ohne-sieg\\\/#article\",\"isPartOf\":{\"@id\":\"https:\\\/\\\/naehrlich.de\\\/daserberoms\\\/2017\\\/05\\\/26\\\/germanicus-triumph-ohne-sieg\\\/\"},\"author\":{\"name\":\"Stefan N\u00e4hrlich\",\"@id\":\"https:\\\/\\\/naehrlich.de\\\/daserberoms\\\/#\\\/schema\\\/person\\\/abf3183c35b9b7643636e6115f1354a7\"},\"headline\":\"Germanicus: Triumph ohne Sieg\",\"datePublished\":\"2017-05-26T07:45:38+00:00\",\"dateModified\":\"2024-01-27T07:31:32+00:00\",\"mainEntityOfPage\":{\"@id\":\"https:\\\/\\\/naehrlich.de\\\/daserberoms\\\/2017\\\/05\\\/26\\\/germanicus-triumph-ohne-sieg\\\/\"},\"wordCount\":255,\"commentCount\":0,\"keywords\":[\"Antiochia\",\"Arminius\",\"Germanicus\",\"Tiberius\",\"Triumphzug\"],\"articleSection\":[\"Alle Beitr\u00e4ge\",\"Germanien\",\"Rom\"],\"inLanguage\":\"de\",\"potentialAction\":[{\"@type\":\"CommentAction\",\"name\":\"Comment\",\"target\":[\"https:\\\/\\\/naehrlich.de\\\/daserberoms\\\/2017\\\/05\\\/26\\\/germanicus-triumph-ohne-sieg\\\/#respond\"]}]},{\"@type\":\"WebPage\",\"@id\":\"https:\\\/\\\/naehrlich.de\\\/daserberoms\\\/2017\\\/05\\\/26\\\/germanicus-triumph-ohne-sieg\\\/\",\"url\":\"https:\\\/\\\/naehrlich.de\\\/daserberoms\\\/2017\\\/05\\\/26\\\/germanicus-triumph-ohne-sieg\\\/\",\"name\":\"Germanicus: Triumph ohne Sieg - DasErbeRoms - alterBlog\",\"isPartOf\":{\"@id\":\"https:\\\/\\\/naehrlich.de\\\/daserberoms\\\/#website\"},\"datePublished\":\"2017-05-26T07:45:38+00:00\",\"dateModified\":\"2024-01-27T07:31:32+00:00\",\"author\":{\"@id\":\"https:\\\/\\\/naehrlich.de\\\/daserberoms\\\/#\\\/schema\\\/person\\\/abf3183c35b9b7643636e6115f1354a7\"},\"description\":\"Triumph ohne Sieg. Heute vor genau 2000 Jahren war Germanicus gro\u00dfer Tag. Am 27. Mai 17 zog der Adoptivsohn Kaiser Tiberius im Triumphzug durch Rom.\",\"breadcrumb\":{\"@id\":\"https:\\\/\\\/naehrlich.de\\\/daserberoms\\\/2017\\\/05\\\/26\\\/germanicus-triumph-ohne-sieg\\\/#breadcrumb\"},\"inLanguage\":\"de\",\"potentialAction\":[{\"@type\":\"ReadAction\",\"target\":[\"https:\\\/\\\/naehrlich.de\\\/daserberoms\\\/2017\\\/05\\\/26\\\/germanicus-triumph-ohne-sieg\\\/\"]}]},{\"@type\":\"BreadcrumbList\",\"@id\":\"https:\\\/\\\/naehrlich.de\\\/daserberoms\\\/2017\\\/05\\\/26\\\/germanicus-triumph-ohne-sieg\\\/#breadcrumb\",\"itemListElement\":[{\"@type\":\"ListItem\",\"position\":1,\"name\":\"Startseite\",\"item\":\"https:\\\/\\\/naehrlich.de\\\/daserberoms\\\/\"},{\"@type\":\"ListItem\",\"position\":2,\"name\":\"Germanicus: Triumph ohne Sieg\"}]},{\"@type\":\"WebSite\",\"@id\":\"https:\\\/\\\/naehrlich.de\\\/daserberoms\\\/#website\",\"url\":\"https:\\\/\\\/naehrlich.de\\\/daserberoms\\\/\",\"name\":\"DasErbeRoms - alterBlog\",\"description\":\"Reisen auf den Spuren der alten R\u00f6mer. Von weltbekannt bis unbekannt. Fotos und Texte. Und ab und an einige Buch- und Filmbesprechungen und KI-Experimente.\",\"potentialAction\":[{\"@type\":\"SearchAction\",\"target\":{\"@type\":\"EntryPoint\",\"urlTemplate\":\"https:\\\/\\\/naehrlich.de\\\/daserberoms\\\/?s={search_term_string}\"},\"query-input\":{\"@type\":\"PropertyValueSpecification\",\"valueRequired\":true,\"valueName\":\"search_term_string\"}}],\"inLanguage\":\"de\"},{\"@type\":\"Person\",\"@id\":\"https:\\\/\\\/naehrlich.de\\\/daserberoms\\\/#\\\/schema\\\/person\\\/abf3183c35b9b7643636e6115f1354a7\",\"name\":\"Stefan N\u00e4hrlich\",\"image\":{\"@type\":\"ImageObject\",\"inLanguage\":\"de\",\"@id\":\"https:\\\/\\\/secure.gravatar.com\\\/avatar\\\/de332640be3ed6dfba043afc9f0cf67943fba3256852b07fe117cd6a456a29f8?s=96&d=mm&r=g\",\"url\":\"https:\\\/\\\/secure.gravatar.com\\\/avatar\\\/de332640be3ed6dfba043afc9f0cf67943fba3256852b07fe117cd6a456a29f8?s=96&d=mm&r=g\",\"contentUrl\":\"https:\\\/\\\/secure.gravatar.com\\\/avatar\\\/de332640be3ed6dfba043afc9f0cf67943fba3256852b07fe117cd6a456a29f8?s=96&d=mm&r=g\",\"caption\":\"Stefan N\u00e4hrlich\"},\"sameAs\":[\"http:\\\/\\\/www.daserberoms.de\"],\"url\":\"https:\\\/\\\/naehrlich.de\\\/daserberoms\\\/author\\\/stefan-naehrlich\\\/\"}]}<\/script>\n<!-- \/ Yoast SEO plugin. -->","yoast_head_json":{"title":"Germanicus: Triumph ohne Sieg - DasErbeRoms - alterBlog","description":"Triumph ohne Sieg. Heute vor genau 2000 Jahren war Germanicus gro\u00dfer Tag. Am 27. Mai 17 zog der Adoptivsohn Kaiser Tiberius im Triumphzug durch Rom.","robots":{"index":"index","follow":"follow","max-snippet":"max-snippet:-1","max-image-preview":"max-image-preview:large","max-video-preview":"max-video-preview:-1"},"canonical":"https:\/\/naehrlich.de\/daserberoms\/2017\/05\/26\/germanicus-triumph-ohne-sieg\/","og_locale":"de_DE","og_type":"article","og_title":"Germanicus: Triumph ohne Sieg - DasErbeRoms - alterBlog","og_description":"Triumph ohne Sieg. Heute vor genau 2000 Jahren war Germanicus gro\u00dfer Tag. Am 27. Mai 17 zog der Adoptivsohn Kaiser Tiberius im Triumphzug durch Rom.","og_url":"https:\/\/naehrlich.de\/daserberoms\/2017\/05\/26\/germanicus-triumph-ohne-sieg\/","og_site_name":"DasErbeRoms - alterBlog","article_publisher":"http:\/\/www.facebook.com\/stefan.naehrlich","article_published_time":"2017-05-26T07:45:38+00:00","article_modified_time":"2024-01-27T07:31:32+00:00","og_image":[{"width":720,"height":960,"url":"https:\/\/naehrlich.de\/daserberoms\/wp-content\/uploads\/2015\/12\/576278_520771484618935_853087274_n.jpg","type":"image\/jpeg"}],"author":"Stefan N\u00e4hrlich","twitter_card":"summary_large_image","twitter_creator":"@DasErbeRoms","twitter_site":"@DasErbeRoms","twitter_misc":{"Verfasst von":"Stefan N\u00e4hrlich","Gesch\u00e4tzte Lesezeit":"1\u00a0Minute"},"schema":{"@context":"https:\/\/schema.org","@graph":[{"@type":"Article","@id":"https:\/\/naehrlich.de\/daserberoms\/2017\/05\/26\/germanicus-triumph-ohne-sieg\/#article","isPartOf":{"@id":"https:\/\/naehrlich.de\/daserberoms\/2017\/05\/26\/germanicus-triumph-ohne-sieg\/"},"author":{"name":"Stefan N\u00e4hrlich","@id":"https:\/\/naehrlich.de\/daserberoms\/#\/schema\/person\/abf3183c35b9b7643636e6115f1354a7"},"headline":"Germanicus: Triumph ohne Sieg","datePublished":"2017-05-26T07:45:38+00:00","dateModified":"2024-01-27T07:31:32+00:00","mainEntityOfPage":{"@id":"https:\/\/naehrlich.de\/daserberoms\/2017\/05\/26\/germanicus-triumph-ohne-sieg\/"},"wordCount":255,"commentCount":0,"keywords":["Antiochia","Arminius","Germanicus","Tiberius","Triumphzug"],"articleSection":["Alle Beitr\u00e4ge","Germanien","Rom"],"inLanguage":"de","potentialAction":[{"@type":"CommentAction","name":"Comment","target":["https:\/\/naehrlich.de\/daserberoms\/2017\/05\/26\/germanicus-triumph-ohne-sieg\/#respond"]}]},{"@type":"WebPage","@id":"https:\/\/naehrlich.de\/daserberoms\/2017\/05\/26\/germanicus-triumph-ohne-sieg\/","url":"https:\/\/naehrlich.de\/daserberoms\/2017\/05\/26\/germanicus-triumph-ohne-sieg\/","name":"Germanicus: Triumph ohne Sieg - DasErbeRoms - alterBlog","isPartOf":{"@id":"https:\/\/naehrlich.de\/daserberoms\/#website"},"datePublished":"2017-05-26T07:45:38+00:00","dateModified":"2024-01-27T07:31:32+00:00","author":{"@id":"https:\/\/naehrlich.de\/daserberoms\/#\/schema\/person\/abf3183c35b9b7643636e6115f1354a7"},"description":"Triumph ohne Sieg. Heute vor genau 2000 Jahren war Germanicus gro\u00dfer Tag. Am 27. Mai 17 zog der Adoptivsohn Kaiser Tiberius im Triumphzug durch Rom.","breadcrumb":{"@id":"https:\/\/naehrlich.de\/daserberoms\/2017\/05\/26\/germanicus-triumph-ohne-sieg\/#breadcrumb"},"inLanguage":"de","potentialAction":[{"@type":"ReadAction","target":["https:\/\/naehrlich.de\/daserberoms\/2017\/05\/26\/germanicus-triumph-ohne-sieg\/"]}]},{"@type":"BreadcrumbList","@id":"https:\/\/naehrlich.de\/daserberoms\/2017\/05\/26\/germanicus-triumph-ohne-sieg\/#breadcrumb","itemListElement":[{"@type":"ListItem","position":1,"name":"Startseite","item":"https:\/\/naehrlich.de\/daserberoms\/"},{"@type":"ListItem","position":2,"name":"Germanicus: Triumph ohne Sieg"}]},{"@type":"WebSite","@id":"https:\/\/naehrlich.de\/daserberoms\/#website","url":"https:\/\/naehrlich.de\/daserberoms\/","name":"DasErbeRoms - alterBlog","description":"Reisen auf den Spuren der alten R\u00f6mer. Von weltbekannt bis unbekannt. Fotos und Texte. Und ab und an einige Buch- und Filmbesprechungen und KI-Experimente.","potentialAction":[{"@type":"SearchAction","target":{"@type":"EntryPoint","urlTemplate":"https:\/\/naehrlich.de\/daserberoms\/?s={search_term_string}"},"query-input":{"@type":"PropertyValueSpecification","valueRequired":true,"valueName":"search_term_string"}}],"inLanguage":"de"},{"@type":"Person","@id":"https:\/\/naehrlich.de\/daserberoms\/#\/schema\/person\/abf3183c35b9b7643636e6115f1354a7","name":"Stefan N\u00e4hrlich","image":{"@type":"ImageObject","inLanguage":"de","@id":"https:\/\/secure.gravatar.com\/avatar\/de332640be3ed6dfba043afc9f0cf67943fba3256852b07fe117cd6a456a29f8?s=96&d=mm&r=g","url":"https:\/\/secure.gravatar.com\/avatar\/de332640be3ed6dfba043afc9f0cf67943fba3256852b07fe117cd6a456a29f8?s=96&d=mm&r=g","contentUrl":"https:\/\/secure.gravatar.com\/avatar\/de332640be3ed6dfba043afc9f0cf67943fba3256852b07fe117cd6a456a29f8?s=96&d=mm&r=g","caption":"Stefan N\u00e4hrlich"},"sameAs":["http:\/\/www.daserberoms.de"],"url":"https:\/\/naehrlich.de\/daserberoms\/author\/stefan-naehrlich\/"}]}},"_links":{"self":[{"href":"https:\/\/naehrlich.de\/daserberoms\/wp-json\/wp\/v2\/posts\/6891","targetHints":{"allow":["GET"]}}],"collection":[{"href":"https:\/\/naehrlich.de\/daserberoms\/wp-json\/wp\/v2\/posts"}],"about":[{"href":"https:\/\/naehrlich.de\/daserberoms\/wp-json\/wp\/v2\/types\/post"}],"author":[{"embeddable":true,"href":"https:\/\/naehrlich.de\/daserberoms\/wp-json\/wp\/v2\/users\/1"}],"replies":[{"embeddable":true,"href":"https:\/\/naehrlich.de\/daserberoms\/wp-json\/wp\/v2\/comments?post=6891"}],"version-history":[{"count":29,"href":"https:\/\/naehrlich.de\/daserberoms\/wp-json\/wp\/v2\/posts\/6891\/revisions"}],"predecessor-version":[{"id":28304,"href":"https:\/\/naehrlich.de\/daserberoms\/wp-json\/wp\/v2\/posts\/6891\/revisions\/28304"}],"wp:attachment":[{"href":"https:\/\/naehrlich.de\/daserberoms\/wp-json\/wp\/v2\/media?parent=6891"}],"wp:term":[{"taxonomy":"category","embeddable":true,"href":"https:\/\/naehrlich.de\/daserberoms\/wp-json\/wp\/v2\/categories?post=6891"},{"taxonomy":"post_tag","embeddable":true,"href":"https:\/\/naehrlich.de\/daserberoms\/wp-json\/wp\/v2\/tags?post=6891"}],"curies":[{"name":"wp","href":"https:\/\/api.w.org\/{rel}","templated":true}]}}