{"id":764,"date":"2014-06-27T10:31:47","date_gmt":"2014-06-27T08:31:47","guid":{"rendered":"http:\/\/daserberoms.wordpress.com\/?p=764"},"modified":"2024-07-14T08:40:36","modified_gmt":"2024-07-14T06:40:36","slug":"klein-rom-an-der-donau","status":"publish","type":"post","link":"https:\/\/naehrlich.de\/daserberoms\/2014\/06\/27\/klein-rom-an-der-donau\/","title":{"rendered":"Klein-Rom an der Donau"},"content":{"rendered":"<p class=\"lead dropcap\">Carnuntum: Einst keltisches Siedlungsgebiet, r\u00f6misches Legionslager, Zivilstadt und Handelszentrum an der Bernsteinstra\u00dfe sowie Hauptstadt der <a href=\"http:\/\/de.wikipedia.org\/wiki\/Pannonia_%28Provinz%29\" target=\"_blank\" rel=\"noopener\">r\u00f6mischen Provinz Oberpannonien<\/a>.<\/p>\n<p>Heute die nieder\u00f6sterreichische Marktgemeinde Petronell-Carnuntum mit Arch\u00e4ologischen Park und S-Bahn Anbindung von Wien aus. Weltweit einmalig wurden im Arch\u00e4ologischen Park Carnuntum die <a href=\"https:\/\/www.carnuntum.at\/de\/roemerstadt\" target=\"_blank\" rel=\"noopener\">wesentlichen Architekturtypen eines r\u00f6mischen Stadtviertels<\/a> im historischen Kontext rekonstruiert: eine \u00f6ffentliche Badeanlage, eine Stadtvilla und ein B\u00fcrgerhaus.<\/p>\n<p>Der r\u00f6mische Offizier und Historiker Villeius Paterculus berichtete sechs nach Christus, dass ein unter dem Feldherrn Tiberius stehendes r\u00f6misches Heer sein Winterlager im keltischen K\u00f6nigreich Noricum errichtete. Der genaue Ort der Niederlassung wird als &#8222;Carnuntum&#8220; bezeichnet. Das war die Geburtsstunde der legend\u00e4ren, r\u00f6mischen Gro\u00dfstadt im &#8222;Land der Barbaren&#8220;, sp\u00e4ter auch als Klein-Rom an der Donau bezeichnet. Mit 3-D-Animationen und Spielszenen erweckt der <a href=\"http:\/\/www.3sat.de\/page\/?source=\/specials\/124665\/index.html\" target=\"_blank\" rel=\"noopener\">Film von Kurt M\u00fcndl<\/a> das Leben und Treiben in der antiken Metropole wieder zum Leben. <\/p>\n[aesop_parallax img=&#8220;https:\/\/naehrlich.de\/daserberoms\/wp-content\/uploads\/2015\/12\/foto-14-06-14-15-17-39.jpg&#8220; parallaxbg=&#8220;on&#8220; caption=&#8220;Das bessere Stadtviertel von Carnuntum. S\u00e4ulengang  vor der Thermenanlage und der Stadtvilla. Unterst\u00fctzt wird der Arch\u00e4ologischer Park von der Gesellschaft der Freunde Carnuntums, einem im Jahr 1885 gegr\u00fcndet gemeinn\u00fctzigen arch\u00e4ologischen F\u00f6rderverein.&#8220; captionposition=&#8220;bottom-left&#8220; lightbox=&#8220;off&#8220; floater=&#8220;off&#8220; floaterposition=&#8220;left&#8220; floaterdirection=&#8220;none&#8220; overlay_revealfx=&#8220;off&#8220;]\n[aesop_gallery id=&#8220;10287&#8243; revealfx=&#8220;off&#8220; overlay_revealfx=&#8220;off&#8220;]\n[aesop_parallax height=&#8220;1000px&#8220; img=&#8220;https:\/\/naehrlich.de\/daserberoms\/wp-content\/uploads\/2015\/12\/foto-14-06-14-09-10-26.jpg&#8220; parallaxbg=&#8220;fixed&#8220; caption=&#8220;Die Rekonstruktionsbauten in Carnuntum wurden zum Gro\u00dfteil in antiker Handwerkstechnik und in Handarbeit ausgef\u00fchrt. S\u00e4mtliche Bauma\u00dfnahmen und Ausstattungsdetails basieren auf arch\u00e4ologischen Befunden und sind keine Spekulation, schreiben die Betreiber des Arch\u00e4ologischen Parks.&#8220; captionposition=&#8220;bottom-left&#8220; lightbox=&#8220;off&#8220; floater=&#8220;off&#8220; floaterposition=&#8220;left&#8220; floaterdirection=&#8220;none&#8220; overlay_revealfx=&#8220;off&#8220;]\n[aesop_video width=&#8220;50%&#8220; align=&#8220;center&#8220; src=&#8220;youtube&#8220; id=&#8220;7K1aH2khKlM&#8220; caption=&#8220;Carnuntum &#8211; Weltstadt im Land der Barbaren&#8220; disable_for_mobile=&#8220;on&#8220; loop=&#8220;on&#8220; autoplay=&#8220;on&#8220; controls=&#8220;on&#8220; viewstart=&#8220;on&#8220; viewend=&#8220;on&#8220; revealfx=&#8220;off&#8220; overlay_revealfx=&#8220;off&#8220;]\n","protected":false},"excerpt":{"rendered":"<p>Carnuntum: Einst keltisches Siedlungsgebiet, r\u00f6misches Legionslager, Zivilstadt und Handelszentrum an der Bernsteinstra\u00dfe sowie Hauptstadt der r\u00f6mischen Provinz Oberpannonien. Heute die nieder\u00f6sterreichische Marktgemeinde Petronell-Carnuntum mit Arch\u00e4ologischen Park und S-Bahn Anbindung von Wien aus. Weltweit einmalig wurden im Arch\u00e4ologischen Park Carnuntum die wesentlichen Architekturtypen eines r\u00f6mischen Stadtviertels im historischen Kontext rekonstruiert: eine \u00f6ffentliche Badeanlage, eine Stadtvilla und [&hellip;]<\/p>\n","protected":false},"author":1,"featured_media":3279,"comment_status":"open","ping_status":"open","sticky":false,"template":"","format":"standard","meta":{"footnotes":""},"categories":[16,14],"tags":[80,175,250],"class_list":["post-764","post","type-post","status-publish","format-standard","has-post-thumbnail","hentry","category-alle-beitraege","category-pannonien","tag-carnuntum","tag-museum","tag-tv-beitrag"],"yoast_head":"<!-- This site is optimized with the Yoast SEO plugin v27.4 - https:\/\/yoast.com\/product\/yoast-seo-wordpress\/ -->\n<title>Klein-Rom an der Donau - DasErbeRoms - alterBlog<\/title>\n<meta name=\"description\" content=\"Weltweit einmalig wurden im\u00a0Arch\u00e4ologischen Park Carnuntum\u00a0die wesentlichen Architekturtypen eines r\u00f6mischen Stadtviertels rekonstruiert:\" \/>\n<meta name=\"robots\" content=\"index, follow, max-snippet:-1, max-image-preview:large, max-video-preview:-1\" \/>\n<link rel=\"canonical\" href=\"https:\/\/naehrlich.de\/daserberoms\/2014\/06\/27\/klein-rom-an-der-donau\/\" \/>\n<meta property=\"og:locale\" content=\"de_DE\" \/>\n<meta property=\"og:type\" content=\"article\" \/>\n<meta property=\"og:title\" content=\"Klein-Rom an der Donau - DasErbeRoms - alterBlog\" \/>\n<meta property=\"og:description\" content=\"Weltweit einmalig wurden im\u00a0Arch\u00e4ologischen Park Carnuntum\u00a0die wesentlichen Architekturtypen eines r\u00f6mischen Stadtviertels rekonstruiert:\" \/>\n<meta property=\"og:url\" content=\"https:\/\/naehrlich.de\/daserberoms\/2014\/06\/27\/klein-rom-an-der-donau\/\" \/>\n<meta property=\"og:site_name\" content=\"DasErbeRoms - alterBlog\" \/>\n<meta property=\"article:publisher\" content=\"http:\/\/www.facebook.com\/stefan.naehrlich\" \/>\n<meta property=\"article:published_time\" content=\"2014-06-27T08:31:47+00:00\" \/>\n<meta property=\"article:modified_time\" content=\"2024-07-14T06:40:36+00:00\" \/>\n<meta property=\"og:image\" content=\"https:\/\/naehrlich.de\/daserberoms\/wp-content\/uploads\/2015\/12\/foto-14-06-14-15-17-39.jpg\" \/>\n\t<meta property=\"og:image:width\" content=\"3803\" \/>\n\t<meta property=\"og:image:height\" content=\"2853\" \/>\n\t<meta property=\"og:image:type\" content=\"image\/jpeg\" \/>\n<meta name=\"author\" content=\"Stefan N\u00e4hrlich\" \/>\n<meta name=\"twitter:card\" content=\"summary_large_image\" \/>\n<meta name=\"twitter:creator\" content=\"@DasErbeRoms\" \/>\n<meta name=\"twitter:site\" content=\"@DasErbeRoms\" \/>\n<meta name=\"twitter:label1\" content=\"Verfasst von\" \/>\n\t<meta name=\"twitter:data1\" content=\"Stefan N\u00e4hrlich\" \/>\n\t<meta name=\"twitter:label2\" content=\"Gesch\u00e4tzte Lesezeit\" \/>\n\t<meta name=\"twitter:data2\" content=\"2\u00a0Minuten\" \/>\n<script type=\"application\/ld+json\" class=\"yoast-schema-graph\">{\"@context\":\"https:\\\/\\\/schema.org\",\"@graph\":[{\"@type\":\"Article\",\"@id\":\"https:\\\/\\\/naehrlich.de\\\/daserberoms\\\/2014\\\/06\\\/27\\\/klein-rom-an-der-donau\\\/#article\",\"isPartOf\":{\"@id\":\"https:\\\/\\\/naehrlich.de\\\/daserberoms\\\/2014\\\/06\\\/27\\\/klein-rom-an-der-donau\\\/\"},\"author\":{\"name\":\"Stefan N\u00e4hrlich\",\"@id\":\"https:\\\/\\\/naehrlich.de\\\/daserberoms\\\/#\\\/schema\\\/person\\\/abf3183c35b9b7643636e6115f1354a7\"},\"headline\":\"Klein-Rom an der Donau\",\"datePublished\":\"2014-06-27T08:31:47+00:00\",\"dateModified\":\"2024-07-14T06:40:36+00:00\",\"mainEntityOfPage\":{\"@id\":\"https:\\\/\\\/naehrlich.de\\\/daserberoms\\\/2014\\\/06\\\/27\\\/klein-rom-an-der-donau\\\/\"},\"wordCount\":341,\"commentCount\":0,\"image\":{\"@id\":\"https:\\\/\\\/naehrlich.de\\\/daserberoms\\\/2014\\\/06\\\/27\\\/klein-rom-an-der-donau\\\/#primaryimage\"},\"thumbnailUrl\":\"https:\\\/\\\/naehrlich.de\\\/daserberoms\\\/wp-content\\\/uploads\\\/2015\\\/12\\\/foto-14-06-14-15-17-39.jpg\",\"keywords\":[\"Carnuntum\",\"Museum\",\"TV Beitrag\"],\"articleSection\":[\"Alle Beitr\u00e4ge\",\"Pannonien\"],\"inLanguage\":\"de\",\"potentialAction\":[{\"@type\":\"CommentAction\",\"name\":\"Comment\",\"target\":[\"https:\\\/\\\/naehrlich.de\\\/daserberoms\\\/2014\\\/06\\\/27\\\/klein-rom-an-der-donau\\\/#respond\"]}]},{\"@type\":\"WebPage\",\"@id\":\"https:\\\/\\\/naehrlich.de\\\/daserberoms\\\/2014\\\/06\\\/27\\\/klein-rom-an-der-donau\\\/\",\"url\":\"https:\\\/\\\/naehrlich.de\\\/daserberoms\\\/2014\\\/06\\\/27\\\/klein-rom-an-der-donau\\\/\",\"name\":\"Klein-Rom an der Donau - DasErbeRoms - alterBlog\",\"isPartOf\":{\"@id\":\"https:\\\/\\\/naehrlich.de\\\/daserberoms\\\/#website\"},\"primaryImageOfPage\":{\"@id\":\"https:\\\/\\\/naehrlich.de\\\/daserberoms\\\/2014\\\/06\\\/27\\\/klein-rom-an-der-donau\\\/#primaryimage\"},\"image\":{\"@id\":\"https:\\\/\\\/naehrlich.de\\\/daserberoms\\\/2014\\\/06\\\/27\\\/klein-rom-an-der-donau\\\/#primaryimage\"},\"thumbnailUrl\":\"https:\\\/\\\/naehrlich.de\\\/daserberoms\\\/wp-content\\\/uploads\\\/2015\\\/12\\\/foto-14-06-14-15-17-39.jpg\",\"datePublished\":\"2014-06-27T08:31:47+00:00\",\"dateModified\":\"2024-07-14T06:40:36+00:00\",\"author\":{\"@id\":\"https:\\\/\\\/naehrlich.de\\\/daserberoms\\\/#\\\/schema\\\/person\\\/abf3183c35b9b7643636e6115f1354a7\"},\"description\":\"Weltweit einmalig wurden im\u00a0Arch\u00e4ologischen Park Carnuntum\u00a0die wesentlichen Architekturtypen eines r\u00f6mischen Stadtviertels rekonstruiert:\",\"breadcrumb\":{\"@id\":\"https:\\\/\\\/naehrlich.de\\\/daserberoms\\\/2014\\\/06\\\/27\\\/klein-rom-an-der-donau\\\/#breadcrumb\"},\"inLanguage\":\"de\",\"potentialAction\":[{\"@type\":\"ReadAction\",\"target\":[\"https:\\\/\\\/naehrlich.de\\\/daserberoms\\\/2014\\\/06\\\/27\\\/klein-rom-an-der-donau\\\/\"]}]},{\"@type\":\"ImageObject\",\"inLanguage\":\"de\",\"@id\":\"https:\\\/\\\/naehrlich.de\\\/daserberoms\\\/2014\\\/06\\\/27\\\/klein-rom-an-der-donau\\\/#primaryimage\",\"url\":\"https:\\\/\\\/naehrlich.de\\\/daserberoms\\\/wp-content\\\/uploads\\\/2015\\\/12\\\/foto-14-06-14-15-17-39.jpg\",\"contentUrl\":\"https:\\\/\\\/naehrlich.de\\\/daserberoms\\\/wp-content\\\/uploads\\\/2015\\\/12\\\/foto-14-06-14-15-17-39.jpg\",\"width\":3803,\"height\":2853,\"caption\":\"Das bessere Stadtviertel von Carnuntum. S\u00e4ulengang vor der Thermenanlage und der Stadtvilla. Unterst\u00fctzt wird der Arch\u00e4ologischer Park von der Gesellschaft der Freunde Carnuntums, einem im Jahr 1885 gegr\u00fcndet gemeinn\u00fctzigen arch\u00e4ologischen F\u00f6rderverein.\"},{\"@type\":\"BreadcrumbList\",\"@id\":\"https:\\\/\\\/naehrlich.de\\\/daserberoms\\\/2014\\\/06\\\/27\\\/klein-rom-an-der-donau\\\/#breadcrumb\",\"itemListElement\":[{\"@type\":\"ListItem\",\"position\":1,\"name\":\"Startseite\",\"item\":\"https:\\\/\\\/naehrlich.de\\\/daserberoms\\\/\"},{\"@type\":\"ListItem\",\"position\":2,\"name\":\"Klein-Rom an der Donau\"}]},{\"@type\":\"WebSite\",\"@id\":\"https:\\\/\\\/naehrlich.de\\\/daserberoms\\\/#website\",\"url\":\"https:\\\/\\\/naehrlich.de\\\/daserberoms\\\/\",\"name\":\"DasErbeRoms - alterBlog\",\"description\":\"Reisen auf den Spuren der alten R\u00f6mer. Von weltbekannt bis unbekannt. Fotos und Texte. Und ab und an einige Buch- und Filmbesprechungen und KI-Experimente.\",\"potentialAction\":[{\"@type\":\"SearchAction\",\"target\":{\"@type\":\"EntryPoint\",\"urlTemplate\":\"https:\\\/\\\/naehrlich.de\\\/daserberoms\\\/?s={search_term_string}\"},\"query-input\":{\"@type\":\"PropertyValueSpecification\",\"valueRequired\":true,\"valueName\":\"search_term_string\"}}],\"inLanguage\":\"de\"},{\"@type\":\"Person\",\"@id\":\"https:\\\/\\\/naehrlich.de\\\/daserberoms\\\/#\\\/schema\\\/person\\\/abf3183c35b9b7643636e6115f1354a7\",\"name\":\"Stefan N\u00e4hrlich\",\"image\":{\"@type\":\"ImageObject\",\"inLanguage\":\"de\",\"@id\":\"https:\\\/\\\/secure.gravatar.com\\\/avatar\\\/de332640be3ed6dfba043afc9f0cf67943fba3256852b07fe117cd6a456a29f8?s=96&d=mm&r=g\",\"url\":\"https:\\\/\\\/secure.gravatar.com\\\/avatar\\\/de332640be3ed6dfba043afc9f0cf67943fba3256852b07fe117cd6a456a29f8?s=96&d=mm&r=g\",\"contentUrl\":\"https:\\\/\\\/secure.gravatar.com\\\/avatar\\\/de332640be3ed6dfba043afc9f0cf67943fba3256852b07fe117cd6a456a29f8?s=96&d=mm&r=g\",\"caption\":\"Stefan N\u00e4hrlich\"},\"sameAs\":[\"http:\\\/\\\/www.daserberoms.de\"],\"url\":\"https:\\\/\\\/naehrlich.de\\\/daserberoms\\\/author\\\/stefan-naehrlich\\\/\"}]}<\/script>\n<!-- \/ Yoast SEO plugin. -->","yoast_head_json":{"title":"Klein-Rom an der Donau - DasErbeRoms - alterBlog","description":"Weltweit einmalig wurden im\u00a0Arch\u00e4ologischen Park Carnuntum\u00a0die wesentlichen Architekturtypen eines r\u00f6mischen Stadtviertels rekonstruiert:","robots":{"index":"index","follow":"follow","max-snippet":"max-snippet:-1","max-image-preview":"max-image-preview:large","max-video-preview":"max-video-preview:-1"},"canonical":"https:\/\/naehrlich.de\/daserberoms\/2014\/06\/27\/klein-rom-an-der-donau\/","og_locale":"de_DE","og_type":"article","og_title":"Klein-Rom an der Donau - DasErbeRoms - alterBlog","og_description":"Weltweit einmalig wurden im\u00a0Arch\u00e4ologischen Park Carnuntum\u00a0die wesentlichen Architekturtypen eines r\u00f6mischen Stadtviertels rekonstruiert:","og_url":"https:\/\/naehrlich.de\/daserberoms\/2014\/06\/27\/klein-rom-an-der-donau\/","og_site_name":"DasErbeRoms - alterBlog","article_publisher":"http:\/\/www.facebook.com\/stefan.naehrlich","article_published_time":"2014-06-27T08:31:47+00:00","article_modified_time":"2024-07-14T06:40:36+00:00","og_image":[{"width":3803,"height":2853,"url":"https:\/\/naehrlich.de\/daserberoms\/wp-content\/uploads\/2015\/12\/foto-14-06-14-15-17-39.jpg","type":"image\/jpeg"}],"author":"Stefan N\u00e4hrlich","twitter_card":"summary_large_image","twitter_creator":"@DasErbeRoms","twitter_site":"@DasErbeRoms","twitter_misc":{"Verfasst von":"Stefan N\u00e4hrlich","Gesch\u00e4tzte Lesezeit":"2\u00a0Minuten"},"schema":{"@context":"https:\/\/schema.org","@graph":[{"@type":"Article","@id":"https:\/\/naehrlich.de\/daserberoms\/2014\/06\/27\/klein-rom-an-der-donau\/#article","isPartOf":{"@id":"https:\/\/naehrlich.de\/daserberoms\/2014\/06\/27\/klein-rom-an-der-donau\/"},"author":{"name":"Stefan N\u00e4hrlich","@id":"https:\/\/naehrlich.de\/daserberoms\/#\/schema\/person\/abf3183c35b9b7643636e6115f1354a7"},"headline":"Klein-Rom an der Donau","datePublished":"2014-06-27T08:31:47+00:00","dateModified":"2024-07-14T06:40:36+00:00","mainEntityOfPage":{"@id":"https:\/\/naehrlich.de\/daserberoms\/2014\/06\/27\/klein-rom-an-der-donau\/"},"wordCount":341,"commentCount":0,"image":{"@id":"https:\/\/naehrlich.de\/daserberoms\/2014\/06\/27\/klein-rom-an-der-donau\/#primaryimage"},"thumbnailUrl":"https:\/\/naehrlich.de\/daserberoms\/wp-content\/uploads\/2015\/12\/foto-14-06-14-15-17-39.jpg","keywords":["Carnuntum","Museum","TV Beitrag"],"articleSection":["Alle Beitr\u00e4ge","Pannonien"],"inLanguage":"de","potentialAction":[{"@type":"CommentAction","name":"Comment","target":["https:\/\/naehrlich.de\/daserberoms\/2014\/06\/27\/klein-rom-an-der-donau\/#respond"]}]},{"@type":"WebPage","@id":"https:\/\/naehrlich.de\/daserberoms\/2014\/06\/27\/klein-rom-an-der-donau\/","url":"https:\/\/naehrlich.de\/daserberoms\/2014\/06\/27\/klein-rom-an-der-donau\/","name":"Klein-Rom an der Donau - DasErbeRoms - alterBlog","isPartOf":{"@id":"https:\/\/naehrlich.de\/daserberoms\/#website"},"primaryImageOfPage":{"@id":"https:\/\/naehrlich.de\/daserberoms\/2014\/06\/27\/klein-rom-an-der-donau\/#primaryimage"},"image":{"@id":"https:\/\/naehrlich.de\/daserberoms\/2014\/06\/27\/klein-rom-an-der-donau\/#primaryimage"},"thumbnailUrl":"https:\/\/naehrlich.de\/daserberoms\/wp-content\/uploads\/2015\/12\/foto-14-06-14-15-17-39.jpg","datePublished":"2014-06-27T08:31:47+00:00","dateModified":"2024-07-14T06:40:36+00:00","author":{"@id":"https:\/\/naehrlich.de\/daserberoms\/#\/schema\/person\/abf3183c35b9b7643636e6115f1354a7"},"description":"Weltweit einmalig wurden im\u00a0Arch\u00e4ologischen Park Carnuntum\u00a0die wesentlichen Architekturtypen eines r\u00f6mischen Stadtviertels rekonstruiert:","breadcrumb":{"@id":"https:\/\/naehrlich.de\/daserberoms\/2014\/06\/27\/klein-rom-an-der-donau\/#breadcrumb"},"inLanguage":"de","potentialAction":[{"@type":"ReadAction","target":["https:\/\/naehrlich.de\/daserberoms\/2014\/06\/27\/klein-rom-an-der-donau\/"]}]},{"@type":"ImageObject","inLanguage":"de","@id":"https:\/\/naehrlich.de\/daserberoms\/2014\/06\/27\/klein-rom-an-der-donau\/#primaryimage","url":"https:\/\/naehrlich.de\/daserberoms\/wp-content\/uploads\/2015\/12\/foto-14-06-14-15-17-39.jpg","contentUrl":"https:\/\/naehrlich.de\/daserberoms\/wp-content\/uploads\/2015\/12\/foto-14-06-14-15-17-39.jpg","width":3803,"height":2853,"caption":"Das bessere Stadtviertel von Carnuntum. S\u00e4ulengang vor der Thermenanlage und der Stadtvilla. Unterst\u00fctzt wird der Arch\u00e4ologischer Park von der Gesellschaft der Freunde Carnuntums, einem im Jahr 1885 gegr\u00fcndet gemeinn\u00fctzigen arch\u00e4ologischen F\u00f6rderverein."},{"@type":"BreadcrumbList","@id":"https:\/\/naehrlich.de\/daserberoms\/2014\/06\/27\/klein-rom-an-der-donau\/#breadcrumb","itemListElement":[{"@type":"ListItem","position":1,"name":"Startseite","item":"https:\/\/naehrlich.de\/daserberoms\/"},{"@type":"ListItem","position":2,"name":"Klein-Rom an der Donau"}]},{"@type":"WebSite","@id":"https:\/\/naehrlich.de\/daserberoms\/#website","url":"https:\/\/naehrlich.de\/daserberoms\/","name":"DasErbeRoms - alterBlog","description":"Reisen auf den Spuren der alten R\u00f6mer. Von weltbekannt bis unbekannt. Fotos und Texte. Und ab und an einige Buch- und Filmbesprechungen und KI-Experimente.","potentialAction":[{"@type":"SearchAction","target":{"@type":"EntryPoint","urlTemplate":"https:\/\/naehrlich.de\/daserberoms\/?s={search_term_string}"},"query-input":{"@type":"PropertyValueSpecification","valueRequired":true,"valueName":"search_term_string"}}],"inLanguage":"de"},{"@type":"Person","@id":"https:\/\/naehrlich.de\/daserberoms\/#\/schema\/person\/abf3183c35b9b7643636e6115f1354a7","name":"Stefan N\u00e4hrlich","image":{"@type":"ImageObject","inLanguage":"de","@id":"https:\/\/secure.gravatar.com\/avatar\/de332640be3ed6dfba043afc9f0cf67943fba3256852b07fe117cd6a456a29f8?s=96&d=mm&r=g","url":"https:\/\/secure.gravatar.com\/avatar\/de332640be3ed6dfba043afc9f0cf67943fba3256852b07fe117cd6a456a29f8?s=96&d=mm&r=g","contentUrl":"https:\/\/secure.gravatar.com\/avatar\/de332640be3ed6dfba043afc9f0cf67943fba3256852b07fe117cd6a456a29f8?s=96&d=mm&r=g","caption":"Stefan N\u00e4hrlich"},"sameAs":["http:\/\/www.daserberoms.de"],"url":"https:\/\/naehrlich.de\/daserberoms\/author\/stefan-naehrlich\/"}]}},"_links":{"self":[{"href":"https:\/\/naehrlich.de\/daserberoms\/wp-json\/wp\/v2\/posts\/764","targetHints":{"allow":["GET"]}}],"collection":[{"href":"https:\/\/naehrlich.de\/daserberoms\/wp-json\/wp\/v2\/posts"}],"about":[{"href":"https:\/\/naehrlich.de\/daserberoms\/wp-json\/wp\/v2\/types\/post"}],"author":[{"embeddable":true,"href":"https:\/\/naehrlich.de\/daserberoms\/wp-json\/wp\/v2\/users\/1"}],"replies":[{"embeddable":true,"href":"https:\/\/naehrlich.de\/daserberoms\/wp-json\/wp\/v2\/comments?post=764"}],"version-history":[{"count":9,"href":"https:\/\/naehrlich.de\/daserberoms\/wp-json\/wp\/v2\/posts\/764\/revisions"}],"predecessor-version":[{"id":30037,"href":"https:\/\/naehrlich.de\/daserberoms\/wp-json\/wp\/v2\/posts\/764\/revisions\/30037"}],"wp:featuredmedia":[{"embeddable":true,"href":"https:\/\/naehrlich.de\/daserberoms\/wp-json\/wp\/v2\/media\/3279"}],"wp:attachment":[{"href":"https:\/\/naehrlich.de\/daserberoms\/wp-json\/wp\/v2\/media?parent=764"}],"wp:term":[{"taxonomy":"category","embeddable":true,"href":"https:\/\/naehrlich.de\/daserberoms\/wp-json\/wp\/v2\/categories?post=764"},{"taxonomy":"post_tag","embeddable":true,"href":"https:\/\/naehrlich.de\/daserberoms\/wp-json\/wp\/v2\/tags?post=764"}],"curies":[{"name":"wp","href":"https:\/\/api.w.org\/{rel}","templated":true}]}}