{"id":8278,"date":"2018-07-14T09:07:14","date_gmt":"2018-07-14T07:07:14","guid":{"rendered":"https:\/\/naehrlich.de\/daserberoms\/?p=8278"},"modified":"2025-07-17T17:21:09","modified_gmt":"2025-07-17T15:21:09","slug":"roemische-tarragona","status":"publish","type":"post","link":"https:\/\/naehrlich.de\/daserberoms\/2018\/07\/14\/roemische-tarragona\/","title":{"rendered":"Stadtrundgang durch das r\u00f6mische Tarragona"},"content":{"rendered":"[aesop_chapter overlay_revealfx=&#8220;off&#8220; video_autoplay=&#8220;on&#8220; revealfx=&#8220;off&#8220; force_fullwidth=&#8220;off&#8220; maxheight=&#8220;100%&#8220; minheight=&#8220;260px&#8220; bgcolor=&#8220;#888888&#8243; full=&#8220;off&#8220; bgtype=&#8220;img&#8220; title=&#8220;I. EIN TAG IN TARRAGONA&#8220;]\n<p class=\"lead dropcap\">Die Stadt des ewigen Fr\u00fchlings nannten die R\u00f6mer Tarraco wegen des milden Klimas. Besucht man Tarragona Anfang Mai, zeigt sich der Fr\u00fchling von seiner sonnigen Seite. W\u00e4hrend es in Barcelona morgens in Str\u00f6men aus dunklen Wolken regnet, bringt mich der Regionalzug der Fr\u00fchlingsonne entgegen. Zehn Minuten vor Tarragona ist der Himmel blau und der Regen weg. Und das bleibt auch am zweiten Tag meines Besuches so. Das r\u00f6mische Tarragona schafft man nicht an einem Tag zu besichtigen.<\/p>\n<p>Seit hier im Jahr 218 vor Chr. r\u00f6mische Legion\u00e4re landeten und ihre erste Garnison zur Eroberung der Iberischen Halbinsel errichteten, hat sich viel getan. Aus dem Milit\u00e4rlager erwuchs eine Stadt, die 400 Jahre sp\u00e4ter in ihrer Bl\u00fcte stand. Stadtmauer, Forum, Therme, Theater, Amphitheater, Wagenrennbahn, Aqu\u00e4dukt, Nekropole, alles war da. Jahrhunderte sp\u00e4ter baute man ein arch\u00e4ologisches Museum dazu und komplettierte damit die Besichtigungstour f\u00fcr die Touristen.<\/p>\n<p>Mein Rundgang durch das r\u00f6mische Tarragona f\u00fchrt mich vom Bahnhof zuerst zum Amphitheater.\u00a0Die Arena von Tarraco wurde Anfang des 2. Jahrhunderts erbaut. Hier k\u00e4mpften Gladiatoren und starben Verbrecher und Christen.\u00a0Weder die sch\u00f6nste noch die <a href=\"https:\/\/naehrlich.de\/daserberoms\/2016\/11\/21\/capua-crassus-und-co\/\">ber\u00fchmteste<\/a> Ruine einer Arena im Imperium Romanum, aber mit Blick auf das Meer. Der war wohl damals schon so sch\u00f6n wie heute, denn das\u00a0Amphitheater lag au\u00dferhalb der Stadtmauer.<\/p>\n<p>Vom Amphitheater sieht man schon stadteinw\u00e4rts ein Geb\u00e4ude mit einer Statue von Kaiser Augustus. Es ist das Arch\u00e4ologische Nationalmuseum. Zwei Jahre regierte Augustus das Imperium Romanum von Tarraco aus.\u00a0Der kurze Weg dorthin kreuzt die Via Augusta, die fr\u00fcher Tarraco mit Narbo Martius verband. Das Museum hat leider wegen Renovierungsarbeiten seit Kurzem zu. Pech. Die sch\u00f6nsten St\u00fccke werden w\u00e4hrend der Schlie\u00dfung in einem Geb\u00e4ude am Hafen gezeigt. Leider hat es noch nicht auf. Doppeltes Pech.<\/p>\n[aesop_gallery transition=&#8220;crossfade&#8220; galleryType=&#8220;stacked&#8220; id=&#8220;8743&#8243;]\n<p>Gleich hinter dem Arch\u00e4ologischen Museum liegt das sogenannte Pr\u00e4torium, ein Turm an der Stadtmauer, \u00fcber dessen Treppen man vom unteren Stadtteil \u00fcber den Zirkus bis zum Provinzforum gelangte. Am Eingang gr\u00fc\u00dft die kapitolinische W\u00f6lfin. Das bronzene\u00a0Symbol Roms s\u00e4ugt die mythologischen Stadtgr\u00fcnder Romulus und Remus.\u00a0Im Turm befindet sich das Geschichtsmuseum mit einigen interessanten Inschriftensteinen. Vom Dach des Turmes hat man eine tollen Panoramablick. Verl\u00e4sst man diesen Teil der ehemaligen r\u00f6mischen Provinzhauptstadt, kommt man wie fr\u00fcher direkt zum Circus. Wagenrennen waren die Top-Ereignisse in Rom und den Provinzen, noch vor den Gladiatorenk\u00e4mpfen in den Arenen. Die Wagenlenker waren gefeierte Idole und manche auch Spitzenverdiener.<\/p>\n\n[aesop_parallax img=&#8220;https:\/\/naehrlich.de\/daserberoms\/wp-content\/uploads\/2018\/08\/IMG_5110.jpg&#8220; parallaxbg=&#8220;fixed&#8220; parallaxspeed=&#8220;1&#8243; caption=&#8220;Panoramablick vom ehemaligen Pr\u00e4torium \u00fcber die D\u00e4cher Tarragonas&#8220; captionposition=&#8220;top-left&#8220; lightbox=&#8220;off&#8220; floater=&#8220;on&#8220; floaterposition=&#8220;center&#8220; floaterdirection=&#8220;down&#8220; overlay_revealfx=&#8220;off&#8220;]\n\n\n\n[aesop_image img=&#8220;https:\/\/naehrlich.de\/daserberoms\/wp-content\/uploads\/2018\/05\/Foto-01.05.18-12-44-12.jpg&#8220; panorama=&#8220;off&#8220; imgwidth=&#8220;80%&#8220; align=&#8220;left&#8220; lightbox=&#8220;on&#8220; caption=&#8220;Erinnerung an eine gro\u00dfe Vergangenheit. Hier befand sich im r\u00f6mischen Tarraco die Wagenrennbahn. Dahinter lag das Provinzialforum der Stadt. Viele Gew\u00f6lbe unter den Zuschauertrib\u00fcnen der Wagenrennbahn des antiken Tarraco sind noch erhalten.&#8220; captionposition=&#8220;left&#8220; revealfx=&#8220;off&#8220; overlay_revealfx=&#8220;off&#8220; text_float=&#8220;off&#8220;]\n<p>Wie der aus der Nachbarprovinz <a href=\"https:\/\/naehrlich.de\/daserberoms\/2014\/11\/10\/merida-das-kleine-rom\/\">Lusitania<\/a> stammende Gaius Appuleius Diocles. Bei Wagenrennen im Circus Maximus in Rom gewann er Preisgelder in H\u00f6he von fast 36 Millionen Sesterzen. Nach 24 Jahren und 4257 Rennen beendete er seine Karriere schlie\u00dflich im Alter von 42 Jahren. Er lebte etwa zur gleichen Zeit wie Eutyches, ein Wagenlenker aus Tarraco, dessen Grabstein erhalten ist.\u00a0Er starb mit nur 22 Jahren an einer Krankheit.\u00a0Eine Nachbildung des Grabsteins steht in einem Gang im Circus, das Original befindet sich im kleinen Di\u00f6zesanmuseum in der Kathedrale von Tarragona. Ich habe mich an einer englischen \u00dcbersetzung der lateinischen Inschrift orientiert.<\/p>\n<p><em>Den Geistern der Ahnen geweiht. F\u00fcr Eutyches, Wagenlenker, 22 Jahre alt. Flavius Rufanus und Sempronia Diofanis errichteten dieses Denkmal f\u00fcr ihren wohldienenden Sklaven. In diesem Grab ruhen die Knochen eines noch unerfahrenen Wagenlenkers, aber einer der wusste, wie man mit den Z\u00fcgeln umgeht.<\/em><\/p>\n<p><em>\u00a0<\/em><\/p>\n[aesop_parallax height=&#8220;800px&#8220; img=&#8220;https:\/\/naehrlich.de\/daserberoms\/wp-content\/uploads\/2018\/05\/Foto-01.05.18-13-47-15.jpg&#8220; parallaxbg=&#8220;fixed&#8220; parallaxspeed=&#8220;1&#8243; caption=&#8220;Grabstein f\u00fcr den Wagenlenker Eutyches aus Tarraco. Er starb mit nur 22 Jahren an einer Krankheit&#8220; captionposition=&#8220;top-left&#8220; lightbox=&#8220;off&#8220; floater=&#8220;off&#8220; floatermedia=&#8220;Den Geistern der Ahnen geweiht. F\u00fcr Eutyches, Wagenlenker, 22 Jahre alt. Flavius Rufanus und Sempronia Diofanis errichteten dieses Denkmal f\u00fcr ihren wohldienenden Sklaven. In diesem Grab ruhen die Knochen eines noch unerfahrenen Wagenlenkers, aber einer der wusste, wie man mit den Z\u00fcgeln umgeht.<\/p><\/div>\n<p>Ich h\u00e4tte es gewagt, auf eine Quadriga aufzusitzen, aber kam noch nicht \u00fcber die Teams der Zweiergespanne hinaus. Das grausame Schicksal beneidete mich um meine jungen Jahre und niemand kann sich gegen das Schicksal wenden. Der Ruhm des Zirkus wurde mir bis zu meinem Tod noch nicht gew\u00e4hrt. Die treue Menge vergoss keine Tr\u00e4nen f\u00fcr mich. Eine Krankheit verbrannte meinen K\u00f6rper und die \u00c4rzte konnten mich nicht heilen. Bitte, Reisender, streue Blumen auf mein Grab. Vielleicht warst du ein Fan von mir, w\u00e4hrend ich noch lebte.&#8220; floaterposition=&#8220;center&#8220; floaterdirection=&#8220;up&#8220; overlay_revealfx=&#8220;frombelow&#8220;]\n[aesop_quote revealfx=&#8220;off&#8220; type=&#8220;block&#8220; quote=&#8220;&#34;Ich h\u00e4tte es gewagt, auf eine Quadriga aufzusitzen, aber kam noch nicht \u00fcber die Teams der Zweiergespanne hinaus. Das grausame Schicksal beneidete mich um meine jungen Jahre und niemand kann sich gegen das Schicksal wenden. Der Ruhm des Zirkus wurde mir bis zu meinem Tod noch nicht gew\u00e4hrt. Die treue Menge vergoss keine Tr\u00e4nen f\u00fcr mich. Eine Krankheit verbrannte meinen K\u00f6rper und die \u00c4rzte konnten mich nicht heilen. Bitte, Reisender, streue Blumen auf mein Grab. Vielleicht warst du ein Fan von mir, w\u00e4hrend ich noch lebte.&#34;&#8220; size=&#8220;1&#8243; align=&#8220;center&#8220; height=&#8220;auto&#8220; text=&#8220;#FFFFFF&#8220; background=&#8220;#55415b&#8220; width=&#8220;100%&#8220;]\n<p>Weiter auf meiner Tour durch das r\u00f6mische Tarragona geht es zur Plaza del Pallol, um mir im Kulturzentrum das <a href=\"https:\/\/naehrlich.de\/daserberoms\/2018\/07\/03\/colonia-iulia-urbs-triumphalis-tarraco\/\">Modell des r\u00f6mischen Tarraco<\/a> aus dem 2. Jahrhundert anzusehen.\u00a0Es zeigt die Stadt in ihrer Bl\u00fctezeit im 2. Jahrhundert.\u00a0Das schlichtere Modell im Geschichtsmuseum, veranschaulichte wie Tarragona im Mittelalter aussah. Danach reicht die Zeit noch f\u00fcr einen Abstecher zum r\u00f6mischen Theater. Es liegt in der N\u00e4he des st\u00e4dtischen Forum und l\u00e4sst sich nur von au\u00dfen besichtigen. Betreten kann man das Areal nicht. Da es am Hang liegt, hat man von einer kleinen Gr\u00fcnanlage oben an der Carrer dels Caputxins eine guten Blick auf die Reste des einst <a href=\"https:\/\/naehrlich.de\/daserberoms\/2015\/05\/04\/stadt-der-ehemaligen\/\">pr\u00e4chtigen Theaters<\/a>.<\/p>\n[aesop_chapter overlay_revealfx=&#8220;off&#8220; video_autoplay=&#8220;on&#8220; revealfx=&#8220;off&#8220; force_fullwidth=&#8220;off&#8220; maxheight=&#8220;100%&#8220; minheight=&#8220;260px&#8220; bgcolor=&#8220;#888888&#8243; full=&#8220;off&#8220; bgtype=&#8220;img&#8220; title=&#8220;II. TARRAGONA TAG ZWEI&#8220;]\n<p>Am zweiten Tag nehme ich wieder den gleichen Regionalzug von Barcelona nach Tarragona. Das st\u00e4dtische Forum hatte am ersten Tag schon zu, aber jetzt am fr\u00fchen Vormittag liegt der einst belebte Treffpunkt der B\u00fcrger Tarracos fast menschenleer vor mir. Einigen S\u00e4ulen der Basilika und die \u00dcberreste zweier Ladengesch\u00e4fte sind die sichtbarsten Zeichen des r\u00f6mischen Erbes. Die Basilika\u00a0diente als Markthalle, Gerichtssaal und Sitzungssaal des Stadtrates. In den\u00a0L\u00e4den (Tabernae) wurden Waren verkauft, auch Speisen und Getr\u00e4nke angeboten. Sehenswert ist auch die freigelegte r\u00f6mische Stra\u00dfe beim st\u00e4dtischen Forum von Tarraco.<\/p>\n[aesop_gallery pslightbox=&#8220;on&#8220; pslayout=&#8220;21&#8243; transition=&#8220;crossfade&#8220; galleryType=&#8220;photoset&#8220; id=&#8220;8824&#8243;]\n\n\n[aesop_parallax height=&#8220;1000&#8243; img=&#8220;https:\/\/naehrlich.de\/daserberoms\/wp-content\/uploads\/2018\/05\/Foto-02.05.18-11-28-52.jpg&#8220; parallaxbg=&#8220;fixed&#8220; parallaxspeed=&#8220;1&#8243; caption=&#8220;Freigelegte r\u00f6mische Stra\u00dfe beim st\u00e4dtischen Forum von Tarraco&#8220; captionposition=&#8220;top-left&#8220; lightbox=&#8220;off&#8220; floater=&#8220;on&#8220; floaterposition=&#8220;center&#8220; floaterdirection=&#8220;down&#8220; overlay_revealfx=&#8220;off&#8220;]\n<p>Vor allem habe ich mir f\u00fcr heute den Besuch des r\u00f6mischen Aqu\u00e4duktes vorgenommen. Das r\u00f6mische Tarragona liegt nicht nur in der Altstadt, es reicht bis an den Stadtrand und ins Umland. Vom Forum sind es nur ein paar Minuten bis zur\u00a0Prat de la Riba. Von hier f\u00e4hrt ein Bus direkt bis zur Teufelsbr\u00fccke (Haltestelle Pont del Diable), wie der Volksmund das Aqu\u00e4dukt von Ferreres nennt.\u00a0Im 1. Jahrhundert versorgte es zusammen mit einem weiteren\u00a0Aqu\u00e4dukt\u00a0die Stadt Tarraco mit Wasser.\u00a0Nicht so hoch wie die ber\u00fchmte <a href=\"https:\/\/naehrlich.de\/daserberoms\/2015\/07\/18\/3-jahre-bauzeit-500-jahre-in-betrieb\/\">Pont du Gard<\/a> in Gallien, aber ebenso sch\u00f6n anzuschauen. Au\u00dferdem kann man durch den einstigen Wasserkanal \u00fcber das Aqu\u00e4dukt laufen. Danach geht es mit dem Bus wieder zur\u00fcck und in die Welt des Todes von Tarraco.<\/p>\n\n[aesop_parallax img=&#8220;https:\/\/naehrlich.de\/daserberoms\/wp-content\/uploads\/2018\/05\/Foto-02.05.18-12-44-10.jpg&#8220; parallaxbg=&#8220;off&#8220; parallaxspeed=&#8220;1&#8243; caption=&#8220;R\u00f6misches Aqu\u00e4dukt aus dem 1. Jahrhundert, dass die Stadt Tarraco mit Wasser versorgte&#8220; captionposition=&#8220;top-left&#8220; lightbox=&#8220;off&#8220; floater=&#8220;on&#8220; floaterposition=&#8220;center&#8220; floaterdirection=&#8220;down&#8220; overlay_revealfx=&#8220;off&#8220;]\n<p>Dabei handelt es sich um ein dichtbelegtes und weitl\u00e4ufiges Bestattungsgebiet, das als fr\u00fchchristliche Nekropole bekannt ist. Die R\u00f6mer bestatteten ihre Toten au\u00dferhalb der St\u00e4dte und in der N\u00e4he der Zugangsstra\u00dfen. Der r\u00f6mische Totenkult vermischte sich im Laufe der Zeit mit christlichen Ritualen und ging dann ab der Sp\u00e4tantike darin auf. Im Besucherzentrum kann man Sarkophage, Grabsteine und Statuen besichtigen. Mit einem Spaziergang entlang der alten r\u00f6mischen Stadtmauer, die \u00fcber einen Kilometer im alten Stadtviertel noch erhalten ist, endet mein Stadtrundgang durch das r\u00f6mische Tarragona.<\/p>\n<p>Wenn das Arch\u00e4ologische Museum nach der Restaurierung er\u00f6ffnet wird, komme ich wieder. Dann streue ich auch Blumen auf den Grabstein von Eutyches.<\/p>\n\n\n\n[aesop_image img=&#8220;https:\/\/naehrlich.de\/daserberoms\/wp-content\/uploads\/2018\/05\/Foto-02.05.18-15-35-22.jpg&#8220; panorama=&#8220;off&#8220; imgwidth=&#8220;80%&#8220; align=&#8220;right&#8220; lightbox=&#8220;on&#8220; caption=&#8220;Bronzestatue von Kaiser Augustus vor der Stadtmauer von Tarraco. Die Statue ist eine Kopie des Typs Augustus von Primaporta aus dem Jahr 1934.&#8220; captionposition=&#8220;right&#8220; revealfx=&#8220;off&#8220; overlay_revealfx=&#8220;off&#8220; text_float=&#8220;off&#8220;]\n<h3><\/h3>\n<h3><\/h3>\n<h3>Alle Fotos im \u00dcberblick:<\/h3>\n[aesop_gallery pslightbox=&#8220;on&#8220; transition=&#8220;crossfade&#8220; width=&#8220;80%&#8220; galleryType=&#8220;grid&#8220; id=&#8220;8834&#8243;]\n<h3><\/h3>\n<h3><\/h3>\n<h3>Mehr aus dem r\u00f6mischen Spanien:<\/h3>\n[aesop_collection revealfx=&#8220;off&#8220; order=&#8220;default&#8220; showexcerpt=&#8220;on&#8220; loadmore=&#8220;off&#8220; splash=&#8220;off&#8220; limit=&#8220;-1&#8243; columns=&#8220;3&#8243; title=&#8220;Mehr aus der Provinz Hispanien &#8230;&#8220; collection=&#8220;9&#8243;]\n<p><!-- Collections --><\/p>\n<p><!-- Collections --><\/p>\n<p><!-- Collections --><\/p>\n<p><!-- Collections --><\/p>\n<p><!-- Collections --><\/p>\n","protected":false},"excerpt":{"rendered":"<p>[aesop_chapter overlay_revealfx=&#8220;off&#8220; video_autoplay=&#8220;on&#8220; revealfx=&#8220;off&#8220; force_fullwidth=&#8220;off&#8220; maxheight=&#8220;100%&#8220; minheight=&#8220;260px&#8220; bgcolor=&#8220;#888888&#8243; full=&#8220;off&#8220; bgtype=&#8220;img&#8220; title=&#8220;I. EIN TAG IN TARRAGONA&#8220;] Die Stadt des ewigen Fr\u00fchlings nannten die R\u00f6mer Tarraco wegen des milden Klimas. Besucht man Tarragona Anfang Mai, zeigt sich der Fr\u00fchling von seiner sonnigen Seite. W\u00e4hrend es in Barcelona morgens in Str\u00f6men aus dunklen Wolken regnet, bringt mich der [&hellip;]<\/p>\n","protected":false},"author":1,"featured_media":8283,"comment_status":"open","ping_status":"open","sticky":false,"template":"","format":"standard","meta":{"footnotes":""},"categories":[16,715,9],"tags":[41,46,56,527,85,704,705,105,703,121,486,172,175,365,706,691,708,228,709,238,707],"class_list":["post-8278","post","type-post","status-publish","format-standard","has-post-thumbnail","hentry","category-alle-beitraege","category-essentials","category-hispanien","tag-amphitheater","tag-aquadukt","tag-augustus","tag-basilika","tag-circus","tag-eutyches","tag-flavius-rufanus","tag-forum","tag-gaius-appuleius-diocles","tag-grabmal","tag-kapitolinische-woelfin","tag-modelle","tag-museum","tag-nekropole","tag-sempronia-diofanis","tag-spanien-2018","tag-stadtmauer","tag-statue","tag-tabernae","tag-theater","tag-via-augusta"],"yoast_head":"<!-- This site is optimized with the Yoast SEO plugin v27.4 - https:\/\/yoast.com\/product\/yoast-seo-wordpress\/ -->\n<title>Stadtrundgang durch das r\u00f6mische Tarragona - DasErbeRoms - alterBlog<\/title>\n<meta name=\"description\" content=\"Das r\u00f6mische Tarragona schafft man nicht an einem Tag zu besichtigen. Mein Stadtrundgang durch das antike Tarraco zeigt die wichtigsten Stationen.\" \/>\n<meta name=\"robots\" content=\"index, follow, max-snippet:-1, max-image-preview:large, max-video-preview:-1\" \/>\n<link rel=\"canonical\" href=\"https:\/\/naehrlich.de\/daserberoms\/2018\/07\/14\/roemische-tarragona\/\" \/>\n<meta property=\"og:locale\" content=\"de_DE\" \/>\n<meta property=\"og:type\" content=\"article\" \/>\n<meta property=\"og:title\" content=\"Stadtrundgang durch das r\u00f6mische Tarragona - DasErbeRoms - alterBlog\" \/>\n<meta property=\"og:description\" content=\"Das r\u00f6mische Tarragona schafft man nicht an einem Tag zu besichtigen. Mein Stadtrundgang durch das antike Tarraco zeigt die wichtigsten Stationen.\" \/>\n<meta property=\"og:url\" content=\"https:\/\/naehrlich.de\/daserberoms\/2018\/07\/14\/roemische-tarragona\/\" \/>\n<meta property=\"og:site_name\" content=\"DasErbeRoms - alterBlog\" \/>\n<meta property=\"article:publisher\" content=\"http:\/\/www.facebook.com\/stefan.naehrlich\" \/>\n<meta property=\"article:published_time\" content=\"2018-07-14T07:07:14+00:00\" \/>\n<meta property=\"article:modified_time\" content=\"2025-07-17T15:21:09+00:00\" \/>\n<meta property=\"og:image\" content=\"https:\/\/naehrlich.de\/daserberoms\/wp-content\/uploads\/2018\/05\/Foto-01.05.18-10-57-09.jpg\" \/>\n\t<meta property=\"og:image:width\" content=\"3672\" \/>\n\t<meta property=\"og:image:height\" content=\"4896\" \/>\n\t<meta property=\"og:image:type\" content=\"image\/jpeg\" \/>\n<meta name=\"author\" content=\"Stefan N\u00e4hrlich\" \/>\n<meta name=\"twitter:card\" content=\"summary_large_image\" \/>\n<meta name=\"twitter:creator\" content=\"@DasErbeRoms\" \/>\n<meta name=\"twitter:site\" content=\"@DasErbeRoms\" \/>\n<meta name=\"twitter:label1\" content=\"Verfasst von\" \/>\n\t<meta name=\"twitter:data1\" content=\"Stefan N\u00e4hrlich\" \/>\n\t<meta name=\"twitter:label2\" content=\"Gesch\u00e4tzte Lesezeit\" \/>\n\t<meta name=\"twitter:data2\" content=\"9\u00a0Minuten\" \/>\n<script type=\"application\/ld+json\" class=\"yoast-schema-graph\">{\"@context\":\"https:\\\/\\\/schema.org\",\"@graph\":[{\"@type\":\"Article\",\"@id\":\"https:\\\/\\\/naehrlich.de\\\/daserberoms\\\/2018\\\/07\\\/14\\\/roemische-tarragona\\\/#article\",\"isPartOf\":{\"@id\":\"https:\\\/\\\/naehrlich.de\\\/daserberoms\\\/2018\\\/07\\\/14\\\/roemische-tarragona\\\/\"},\"author\":{\"name\":\"Stefan N\u00e4hrlich\",\"@id\":\"https:\\\/\\\/naehrlich.de\\\/daserberoms\\\/#\\\/schema\\\/person\\\/abf3183c35b9b7643636e6115f1354a7\"},\"headline\":\"Stadtrundgang durch das r\u00f6mische Tarragona\",\"datePublished\":\"2018-07-14T07:07:14+00:00\",\"dateModified\":\"2025-07-17T15:21:09+00:00\",\"mainEntityOfPage\":{\"@id\":\"https:\\\/\\\/naehrlich.de\\\/daserberoms\\\/2018\\\/07\\\/14\\\/roemische-tarragona\\\/\"},\"wordCount\":1712,\"commentCount\":0,\"image\":{\"@id\":\"https:\\\/\\\/naehrlich.de\\\/daserberoms\\\/2018\\\/07\\\/14\\\/roemische-tarragona\\\/#primaryimage\"},\"thumbnailUrl\":\"https:\\\/\\\/naehrlich.de\\\/daserberoms\\\/wp-content\\\/uploads\\\/2018\\\/05\\\/Foto-01.05.18-10-57-09.jpg\",\"keywords\":[\"Amphitheater\",\"Aqu\u00e4dukt\",\"Augustus\",\"Basilika\",\"Circus\",\"Eutyches\",\"Flavius Rufanus\",\"Forum\",\"Gaius Appuleius Diocles\",\"Grabmal\",\"Kapitolinische W\u00f6lfin\",\"Modelle\",\"Museum\",\"Nekropole\",\"Sempronia Diofanis\",\"Spanien 2018\",\"Stadtmauer\",\"Statue\",\"Tabernae\",\"Theater\",\"Via Augusta\"],\"articleSection\":[\"Alle Beitr\u00e4ge\",\"Essentials\",\"Hispanien\"],\"inLanguage\":\"de\",\"potentialAction\":[{\"@type\":\"CommentAction\",\"name\":\"Comment\",\"target\":[\"https:\\\/\\\/naehrlich.de\\\/daserberoms\\\/2018\\\/07\\\/14\\\/roemische-tarragona\\\/#respond\"]}]},{\"@type\":\"WebPage\",\"@id\":\"https:\\\/\\\/naehrlich.de\\\/daserberoms\\\/2018\\\/07\\\/14\\\/roemische-tarragona\\\/\",\"url\":\"https:\\\/\\\/naehrlich.de\\\/daserberoms\\\/2018\\\/07\\\/14\\\/roemische-tarragona\\\/\",\"name\":\"Stadtrundgang durch das r\u00f6mische Tarragona - DasErbeRoms - alterBlog\",\"isPartOf\":{\"@id\":\"https:\\\/\\\/naehrlich.de\\\/daserberoms\\\/#website\"},\"primaryImageOfPage\":{\"@id\":\"https:\\\/\\\/naehrlich.de\\\/daserberoms\\\/2018\\\/07\\\/14\\\/roemische-tarragona\\\/#primaryimage\"},\"image\":{\"@id\":\"https:\\\/\\\/naehrlich.de\\\/daserberoms\\\/2018\\\/07\\\/14\\\/roemische-tarragona\\\/#primaryimage\"},\"thumbnailUrl\":\"https:\\\/\\\/naehrlich.de\\\/daserberoms\\\/wp-content\\\/uploads\\\/2018\\\/05\\\/Foto-01.05.18-10-57-09.jpg\",\"datePublished\":\"2018-07-14T07:07:14+00:00\",\"dateModified\":\"2025-07-17T15:21:09+00:00\",\"author\":{\"@id\":\"https:\\\/\\\/naehrlich.de\\\/daserberoms\\\/#\\\/schema\\\/person\\\/abf3183c35b9b7643636e6115f1354a7\"},\"description\":\"Das r\u00f6mische Tarragona schafft man nicht an einem Tag zu besichtigen. Mein Stadtrundgang durch das antike Tarraco zeigt die wichtigsten Stationen.\",\"breadcrumb\":{\"@id\":\"https:\\\/\\\/naehrlich.de\\\/daserberoms\\\/2018\\\/07\\\/14\\\/roemische-tarragona\\\/#breadcrumb\"},\"inLanguage\":\"de\",\"potentialAction\":[{\"@type\":\"ReadAction\",\"target\":[\"https:\\\/\\\/naehrlich.de\\\/daserberoms\\\/2018\\\/07\\\/14\\\/roemische-tarragona\\\/\"]}]},{\"@type\":\"ImageObject\",\"inLanguage\":\"de\",\"@id\":\"https:\\\/\\\/naehrlich.de\\\/daserberoms\\\/2018\\\/07\\\/14\\\/roemische-tarragona\\\/#primaryimage\",\"url\":\"https:\\\/\\\/naehrlich.de\\\/daserberoms\\\/wp-content\\\/uploads\\\/2018\\\/05\\\/Foto-01.05.18-10-57-09.jpg\",\"contentUrl\":\"https:\\\/\\\/naehrlich.de\\\/daserberoms\\\/wp-content\\\/uploads\\\/2018\\\/05\\\/Foto-01.05.18-10-57-09.jpg\",\"width\":3672,\"height\":4896,\"caption\":\"Die Statue Kaiser Augustus in Tarragona neben dem Arch\u00e4ologischen Museum\"},{\"@type\":\"BreadcrumbList\",\"@id\":\"https:\\\/\\\/naehrlich.de\\\/daserberoms\\\/2018\\\/07\\\/14\\\/roemische-tarragona\\\/#breadcrumb\",\"itemListElement\":[{\"@type\":\"ListItem\",\"position\":1,\"name\":\"Startseite\",\"item\":\"https:\\\/\\\/naehrlich.de\\\/daserberoms\\\/\"},{\"@type\":\"ListItem\",\"position\":2,\"name\":\"Stadtrundgang durch das r\u00f6mische Tarragona\"}]},{\"@type\":\"WebSite\",\"@id\":\"https:\\\/\\\/naehrlich.de\\\/daserberoms\\\/#website\",\"url\":\"https:\\\/\\\/naehrlich.de\\\/daserberoms\\\/\",\"name\":\"DasErbeRoms - alterBlog\",\"description\":\"Reisen auf den Spuren der alten R\u00f6mer. Von weltbekannt bis unbekannt. Fotos und Texte. Und ab und an einige Buch- und Filmbesprechungen und KI-Experimente.\",\"potentialAction\":[{\"@type\":\"SearchAction\",\"target\":{\"@type\":\"EntryPoint\",\"urlTemplate\":\"https:\\\/\\\/naehrlich.de\\\/daserberoms\\\/?s={search_term_string}\"},\"query-input\":{\"@type\":\"PropertyValueSpecification\",\"valueRequired\":true,\"valueName\":\"search_term_string\"}}],\"inLanguage\":\"de\"},{\"@type\":\"Person\",\"@id\":\"https:\\\/\\\/naehrlich.de\\\/daserberoms\\\/#\\\/schema\\\/person\\\/abf3183c35b9b7643636e6115f1354a7\",\"name\":\"Stefan N\u00e4hrlich\",\"image\":{\"@type\":\"ImageObject\",\"inLanguage\":\"de\",\"@id\":\"https:\\\/\\\/secure.gravatar.com\\\/avatar\\\/de332640be3ed6dfba043afc9f0cf67943fba3256852b07fe117cd6a456a29f8?s=96&d=mm&r=g\",\"url\":\"https:\\\/\\\/secure.gravatar.com\\\/avatar\\\/de332640be3ed6dfba043afc9f0cf67943fba3256852b07fe117cd6a456a29f8?s=96&d=mm&r=g\",\"contentUrl\":\"https:\\\/\\\/secure.gravatar.com\\\/avatar\\\/de332640be3ed6dfba043afc9f0cf67943fba3256852b07fe117cd6a456a29f8?s=96&d=mm&r=g\",\"caption\":\"Stefan N\u00e4hrlich\"},\"sameAs\":[\"http:\\\/\\\/www.daserberoms.de\"],\"url\":\"https:\\\/\\\/naehrlich.de\\\/daserberoms\\\/author\\\/stefan-naehrlich\\\/\"}]}<\/script>\n<!-- \/ Yoast SEO plugin. -->","yoast_head_json":{"title":"Stadtrundgang durch das r\u00f6mische Tarragona - DasErbeRoms - alterBlog","description":"Das r\u00f6mische Tarragona schafft man nicht an einem Tag zu besichtigen. Mein Stadtrundgang durch das antike Tarraco zeigt die wichtigsten Stationen.","robots":{"index":"index","follow":"follow","max-snippet":"max-snippet:-1","max-image-preview":"max-image-preview:large","max-video-preview":"max-video-preview:-1"},"canonical":"https:\/\/naehrlich.de\/daserberoms\/2018\/07\/14\/roemische-tarragona\/","og_locale":"de_DE","og_type":"article","og_title":"Stadtrundgang durch das r\u00f6mische Tarragona - DasErbeRoms - alterBlog","og_description":"Das r\u00f6mische Tarragona schafft man nicht an einem Tag zu besichtigen. Mein Stadtrundgang durch das antike Tarraco zeigt die wichtigsten Stationen.","og_url":"https:\/\/naehrlich.de\/daserberoms\/2018\/07\/14\/roemische-tarragona\/","og_site_name":"DasErbeRoms - alterBlog","article_publisher":"http:\/\/www.facebook.com\/stefan.naehrlich","article_published_time":"2018-07-14T07:07:14+00:00","article_modified_time":"2025-07-17T15:21:09+00:00","og_image":[{"width":3672,"height":4896,"url":"https:\/\/naehrlich.de\/daserberoms\/wp-content\/uploads\/2018\/05\/Foto-01.05.18-10-57-09.jpg","type":"image\/jpeg"}],"author":"Stefan N\u00e4hrlich","twitter_card":"summary_large_image","twitter_creator":"@DasErbeRoms","twitter_site":"@DasErbeRoms","twitter_misc":{"Verfasst von":"Stefan N\u00e4hrlich","Gesch\u00e4tzte Lesezeit":"9\u00a0Minuten"},"schema":{"@context":"https:\/\/schema.org","@graph":[{"@type":"Article","@id":"https:\/\/naehrlich.de\/daserberoms\/2018\/07\/14\/roemische-tarragona\/#article","isPartOf":{"@id":"https:\/\/naehrlich.de\/daserberoms\/2018\/07\/14\/roemische-tarragona\/"},"author":{"name":"Stefan N\u00e4hrlich","@id":"https:\/\/naehrlich.de\/daserberoms\/#\/schema\/person\/abf3183c35b9b7643636e6115f1354a7"},"headline":"Stadtrundgang durch das r\u00f6mische Tarragona","datePublished":"2018-07-14T07:07:14+00:00","dateModified":"2025-07-17T15:21:09+00:00","mainEntityOfPage":{"@id":"https:\/\/naehrlich.de\/daserberoms\/2018\/07\/14\/roemische-tarragona\/"},"wordCount":1712,"commentCount":0,"image":{"@id":"https:\/\/naehrlich.de\/daserberoms\/2018\/07\/14\/roemische-tarragona\/#primaryimage"},"thumbnailUrl":"https:\/\/naehrlich.de\/daserberoms\/wp-content\/uploads\/2018\/05\/Foto-01.05.18-10-57-09.jpg","keywords":["Amphitheater","Aqu\u00e4dukt","Augustus","Basilika","Circus","Eutyches","Flavius Rufanus","Forum","Gaius Appuleius Diocles","Grabmal","Kapitolinische W\u00f6lfin","Modelle","Museum","Nekropole","Sempronia Diofanis","Spanien 2018","Stadtmauer","Statue","Tabernae","Theater","Via Augusta"],"articleSection":["Alle Beitr\u00e4ge","Essentials","Hispanien"],"inLanguage":"de","potentialAction":[{"@type":"CommentAction","name":"Comment","target":["https:\/\/naehrlich.de\/daserberoms\/2018\/07\/14\/roemische-tarragona\/#respond"]}]},{"@type":"WebPage","@id":"https:\/\/naehrlich.de\/daserberoms\/2018\/07\/14\/roemische-tarragona\/","url":"https:\/\/naehrlich.de\/daserberoms\/2018\/07\/14\/roemische-tarragona\/","name":"Stadtrundgang durch das r\u00f6mische Tarragona - DasErbeRoms - alterBlog","isPartOf":{"@id":"https:\/\/naehrlich.de\/daserberoms\/#website"},"primaryImageOfPage":{"@id":"https:\/\/naehrlich.de\/daserberoms\/2018\/07\/14\/roemische-tarragona\/#primaryimage"},"image":{"@id":"https:\/\/naehrlich.de\/daserberoms\/2018\/07\/14\/roemische-tarragona\/#primaryimage"},"thumbnailUrl":"https:\/\/naehrlich.de\/daserberoms\/wp-content\/uploads\/2018\/05\/Foto-01.05.18-10-57-09.jpg","datePublished":"2018-07-14T07:07:14+00:00","dateModified":"2025-07-17T15:21:09+00:00","author":{"@id":"https:\/\/naehrlich.de\/daserberoms\/#\/schema\/person\/abf3183c35b9b7643636e6115f1354a7"},"description":"Das r\u00f6mische Tarragona schafft man nicht an einem Tag zu besichtigen. Mein Stadtrundgang durch das antike Tarraco zeigt die wichtigsten Stationen.","breadcrumb":{"@id":"https:\/\/naehrlich.de\/daserberoms\/2018\/07\/14\/roemische-tarragona\/#breadcrumb"},"inLanguage":"de","potentialAction":[{"@type":"ReadAction","target":["https:\/\/naehrlich.de\/daserberoms\/2018\/07\/14\/roemische-tarragona\/"]}]},{"@type":"ImageObject","inLanguage":"de","@id":"https:\/\/naehrlich.de\/daserberoms\/2018\/07\/14\/roemische-tarragona\/#primaryimage","url":"https:\/\/naehrlich.de\/daserberoms\/wp-content\/uploads\/2018\/05\/Foto-01.05.18-10-57-09.jpg","contentUrl":"https:\/\/naehrlich.de\/daserberoms\/wp-content\/uploads\/2018\/05\/Foto-01.05.18-10-57-09.jpg","width":3672,"height":4896,"caption":"Die Statue Kaiser Augustus in Tarragona neben dem Arch\u00e4ologischen Museum"},{"@type":"BreadcrumbList","@id":"https:\/\/naehrlich.de\/daserberoms\/2018\/07\/14\/roemische-tarragona\/#breadcrumb","itemListElement":[{"@type":"ListItem","position":1,"name":"Startseite","item":"https:\/\/naehrlich.de\/daserberoms\/"},{"@type":"ListItem","position":2,"name":"Stadtrundgang durch das r\u00f6mische Tarragona"}]},{"@type":"WebSite","@id":"https:\/\/naehrlich.de\/daserberoms\/#website","url":"https:\/\/naehrlich.de\/daserberoms\/","name":"DasErbeRoms - alterBlog","description":"Reisen auf den Spuren der alten R\u00f6mer. Von weltbekannt bis unbekannt. Fotos und Texte. Und ab und an einige Buch- und Filmbesprechungen und KI-Experimente.","potentialAction":[{"@type":"SearchAction","target":{"@type":"EntryPoint","urlTemplate":"https:\/\/naehrlich.de\/daserberoms\/?s={search_term_string}"},"query-input":{"@type":"PropertyValueSpecification","valueRequired":true,"valueName":"search_term_string"}}],"inLanguage":"de"},{"@type":"Person","@id":"https:\/\/naehrlich.de\/daserberoms\/#\/schema\/person\/abf3183c35b9b7643636e6115f1354a7","name":"Stefan N\u00e4hrlich","image":{"@type":"ImageObject","inLanguage":"de","@id":"https:\/\/secure.gravatar.com\/avatar\/de332640be3ed6dfba043afc9f0cf67943fba3256852b07fe117cd6a456a29f8?s=96&d=mm&r=g","url":"https:\/\/secure.gravatar.com\/avatar\/de332640be3ed6dfba043afc9f0cf67943fba3256852b07fe117cd6a456a29f8?s=96&d=mm&r=g","contentUrl":"https:\/\/secure.gravatar.com\/avatar\/de332640be3ed6dfba043afc9f0cf67943fba3256852b07fe117cd6a456a29f8?s=96&d=mm&r=g","caption":"Stefan N\u00e4hrlich"},"sameAs":["http:\/\/www.daserberoms.de"],"url":"https:\/\/naehrlich.de\/daserberoms\/author\/stefan-naehrlich\/"}]}},"_links":{"self":[{"href":"https:\/\/naehrlich.de\/daserberoms\/wp-json\/wp\/v2\/posts\/8278","targetHints":{"allow":["GET"]}}],"collection":[{"href":"https:\/\/naehrlich.de\/daserberoms\/wp-json\/wp\/v2\/posts"}],"about":[{"href":"https:\/\/naehrlich.de\/daserberoms\/wp-json\/wp\/v2\/types\/post"}],"author":[{"embeddable":true,"href":"https:\/\/naehrlich.de\/daserberoms\/wp-json\/wp\/v2\/users\/1"}],"replies":[{"embeddable":true,"href":"https:\/\/naehrlich.de\/daserberoms\/wp-json\/wp\/v2\/comments?post=8278"}],"version-history":[{"count":224,"href":"https:\/\/naehrlich.de\/daserberoms\/wp-json\/wp\/v2\/posts\/8278\/revisions"}],"predecessor-version":[{"id":34744,"href":"https:\/\/naehrlich.de\/daserberoms\/wp-json\/wp\/v2\/posts\/8278\/revisions\/34744"}],"wp:featuredmedia":[{"embeddable":true,"href":"https:\/\/naehrlich.de\/daserberoms\/wp-json\/wp\/v2\/media\/8283"}],"wp:attachment":[{"href":"https:\/\/naehrlich.de\/daserberoms\/wp-json\/wp\/v2\/media?parent=8278"}],"wp:term":[{"taxonomy":"category","embeddable":true,"href":"https:\/\/naehrlich.de\/daserberoms\/wp-json\/wp\/v2\/categories?post=8278"},{"taxonomy":"post_tag","embeddable":true,"href":"https:\/\/naehrlich.de\/daserberoms\/wp-json\/wp\/v2\/tags?post=8278"}],"curies":[{"name":"wp","href":"https:\/\/api.w.org\/{rel}","templated":true}]}}