{"id":8324,"date":"2018-11-17T08:20:27","date_gmt":"2018-11-17T07:20:27","guid":{"rendered":"https:\/\/naehrlich.de\/daserberoms\/?p=8324"},"modified":"2018-11-17T14:36:03","modified_gmt":"2018-11-17T13:36:03","slug":"das-roemische-barcelona","status":"publish","type":"post","link":"https:\/\/naehrlich.de\/daserberoms\/2018\/11\/17\/das-roemische-barcelona\/","title":{"rendered":"Das r\u00f6mische Barcelona ist fast verschwunden"},"content":{"rendered":"<p class=\"lead dropcap\">Das r\u00f6mische Barcelona ist im Stadtbild der katalanischen Metropole heute kaum noch zu sehen. F\u00fcndig wird man in zwei Museen.<\/p>\n<p>Dort wo einst das f\u00fcr Veteranen der r\u00f6mischen Legionen gegr\u00fcndete Barcino stand, befindet sich heute das gotische Viertel Barcelonas, einer der Altstadtbezirke im Herzen der Hauptstadt der spanischen Region Katalonien. Vor allem im Vergleich zu <a href=\"https:\/\/naehrlich.de\/daserberoms\/2018\/07\/14\/roemische-tarragona\/\">Tarragona<\/a> ist das r\u00f6mische Erbe aus dem Stadtbild Barcelonas fast verschwunden. Die R\u00f6mer gr\u00fcndeten Barcino, die Colonia Faventia Iulia Augusta Pia Barcino, im Jahr 133 vor Christus. Vermutlich bestand an dieser Stelle schon eine von Karthagern angelegte Siedlung. Die Grundrisse des damaligen Stadtgebietes kann man heute noch nachvollziehen. Die beiden antiken Hauptstra\u00dfen Decumanus Maximus und Cardo Maximus entsprechen weitgehend den Stra\u00dfen Carrer del Bisbe und Carrer Llibrete. An der heutigen Pla\u00e7a de Sant Jaume war einst das Forum, auf der Pla\u00e7a Nova stehen Reste des Wasseraqu\u00e4dukts und auch Reste der r\u00f6mischen Stadtmauer sind noch da. <!--more--><\/p>\n[aesop_gallery id=&#8220;11170&#8243; revealfx=&#8220;off&#8220; overlay_revealfx=&#8220;off&#8220;]\n<p>Vor allem aber in zwei Museen kann man sich dem r\u00f6mischen Erbe Barcelonas n\u00e4hern. Im Katalanischen Arch\u00e4ologischen Museum (MAC) im Park von Montju\u00efc, einem der beiden Hausberge Barcelonas und dem im Stadtzentrum an der Pla\u00e7a del Rei gelegenen Historischen Museum der Stadt Barcelona (MUHBA). Das MUHBA hat noch verschiedene Standorte, u.a. in der Carrer del Parad\u00eds Nr. 10. Dort stehen in einem Innenhof eines Wohnhauses versteckt, vier der neun Meter hohen S\u00e4ulen des Augustus-Tempels. Sehr sch\u00f6n anzusehen, vor den gr\u00fcn gestrichenen W\u00e4nden und dem durch das Glasdach einfallende Licht.<\/p>\n[aesop_gallery id=&#8220;11156&#8243; revealfx=&#8220;off&#8220; overlay_revealfx=&#8220;off&#8220;]\n<p>Nach ein paar Minuten ist man vom ehemaligen Augustus-Tempel beim Hauptstandort des Historischen Museums. Das Museu d&#8217;Hist\u00f2ria de Barcelona steht auf \u00dcberresten des r\u00f6mischen Barcino. F\u00e4hrt man mit dem Fahrstuhl im Eingangsbereich des Museums eine Etage tiefer, steht man inmitten der 4.000 qm gro\u00dfen Ausgrabungen. Reste der Stadtmauer, Teile der Cardo Minor Stra\u00dfe, aber vor allem die Grundmauern eines r\u00f6mischen Hauses mit mehreren Wohn- und Lagerr\u00e4umen sowie Werkst\u00e4tten. Typisch sind sie angelegt um zwei offene Innenh\u00f6fe. In den Werkst\u00e4tten wurde u.a. W\u00e4sche gewaschen und gef\u00e4rbt (ein Gru\u00df an die Nachbarn!), in anderen R\u00e4umen standen Anlagen zur Herstellung von Garum, der zum W\u00fcrzen verwendeten Fischsauce, und Wein. Man sieht noch die Mulden, in denen einst fassf\u00f6rmige Tongef\u00e4\u00dfe standen, in denen der Wein reifte. Daneben gab es kleinere Gef\u00e4\u00dfe zur Lagerung von Honig und Meersalz, das dem Wein zugesetzt wurden. Au\u00dferdem zeigt das Museum einige sch\u00f6ne B\u00fcsten bekannter und unbekannter R\u00f6mer, sowie Wandmalereien, Mosaiken und ein Modell des r\u00f6mischen Wohnhaues.<\/p>\n[aesop_gallery id=&#8220;11157&#8243; revealfx=&#8220;off&#8220; overlay_revealfx=&#8220;off&#8220;]\n[aesop_parallax img=&#8220;https:\/\/naehrlich.de\/daserberoms\/wp-content\/uploads\/2018\/05\/Foto-03.05.18-09-49-01.jpg&#8220; parallaxbg=&#8220;on&#8220; caption=&#8220;Fresko einer Jagdszene aus dem 4. Jahrhundert&#8220; captionposition=&#8220;bottom-left&#8220; lightbox=&#8220;off&#8220; floater=&#8220;off&#8220; floaterposition=&#8220;left&#8220; floaterdirection=&#8220;none&#8220; overlay_revealfx=&#8220;off&#8220;]\n[aesop_gallery id=&#8220;11160&#8243; revealfx=&#8220;off&#8220; overlay_revealfx=&#8220;off&#8220;]\n<p>Am Nachmittag fahre ich mit dem Bus auf den Montju\u00efc und sehe mir die Sammlungen des Katalanischen Arch\u00e4ologischen Museums an. Zwei S\u00e4le des Museu d\u2019Arqueologia de Catalunya a Barcelona zeigen B\u00fcsten und Statuen, Mosaiken und andere Exponaten aus der R\u00f6merzeit. Die \u00c4skulap-Statue, in der&nbsp;griechischen und r\u00f6mischen Mythologie der Begr\u00fcnder und Gott der Heilkunst, wurde in&nbsp;Emp\u00faries gefunden und stand in einer&nbsp;Tempelanlage, die ihm geweiht war. Vielleicht zusammen mit einer Einrichtung zur Krankenpflege wie beispielsweise&nbsp;auf <a href=\"https:\/\/naehrlich.de\/daserberoms\/2018\/08\/29\/asklepieion-klug-kuren-auf-kos\/\">Kos<\/a>.<\/p>\n<p>Aus einer antiken r\u00f6mischen Villa stammen die Fragmente eines 30qm gro\u00dfen Mosaiks. Es zeigt ein Wagenrennen, wahrscheinlich im Circus Maximus. Zwei kleinere, aber sehr bekannte Mosaiken zeigen die Karikatur einer alten Frau und die sogenannten drei Grazien. Hierbei handelt es sich um Euphrosyne, Talia und Aglaya. In der klassischen Mythologie waren sie Teil des Gefolges von Apollo oder Venus und gelten als inspirierende Symbole der K\u00fcnste. Inspirierend ist auch die Architektur. Ein Ausstellungssaal ist wie ein r\u00f6misches Atrium gestaltet, mit Wandmalereien und einem Zimmerbrunnen mit einer Statue in der Mitte. In den Vitrinen wird r\u00f6mische Glaskunst ausgestellt, die sich sowohl durch ihre Sch\u00f6nheit als auch durch ihren guten Erhaltungszustand auszeichnet.<\/p>\n[aesop_gallery id=&#8220;11164&#8243; revealfx=&#8220;off&#8220; overlay_revealfx=&#8220;off&#8220;]\n[aesop_image img=&#8220;https:\/\/naehrlich.de\/daserberoms\/wp-content\/uploads\/2018\/05\/Foto-03.05.18-11-42-45.jpg&#8220; panorama=&#8220;off&#8220; align=&#8220;center&#8220; lightbox=&#8220;on&#8220; caption=&#8220;Asklepios, Gott der Heilkunst&#8220; captionposition=&#8220;left&#8220; revealfx=&#8220;off&#8220; overlay_revealfx=&#8220;off&#8220; text_float=&#8220;off&#8220;]\n<p><a href=\"http:\/\/ajuntament.barcelona.cat\/museuhistoria\/ca\" target=\"_blank\" rel=\"noopener\">Historisches Museum der Stadt Barcelona<\/a>. Plaza del Rey, s\/n.,&nbsp;08002 Barcelona.<\/p>\n<p><a href=\"http:\/\/www.mac.cat\" target=\"_blank\" rel=\"noopener\">Arch\u00e4ologisches Museum von Katalonien<\/a>.&nbsp;Parc de Montju\u00efc.&nbsp;Paseo Santa Madrona 39-41,&nbsp;08038 Barcelona.<\/p>\n","protected":false},"excerpt":{"rendered":"<p>Das r\u00f6mische Barcelona ist im Stadtbild der katalanischen Metropole heute kaum noch zu sehen. F\u00fcndig wird man in zwei Museen. Dort wo einst das f\u00fcr Veteranen der r\u00f6mischen Legionen gegr\u00fcndete Barcino stand, befindet sich heute das gotische Viertel Barcelonas, einer der Altstadtbezirke im Herzen der Hauptstadt der spanischen Region Katalonien. Vor allem im Vergleich zu [&hellip;]<\/p>\n","protected":false},"author":1,"featured_media":11153,"comment_status":"open","ping_status":"open","sticky":false,"template":"","format":"standard","meta":{"footnotes":""},"categories":[16,9],"tags":[46,56,67,741,174,175,691,708,233,237,743,742,469],"class_list":["post-8324","post","type-post","status-publish","format-standard","has-post-thumbnail","hentry","category-alle-beitraege","category-hispanien","tag-aquadukt","tag-augustus","tag-busten","tag-garum","tag-mosaiken","tag-museum","tag-spanien-2018","tag-stadtmauer","tag-strasen","tag-tempel","tag-wandmalerei","tag-wein","tag-wohnhaeuser"],"yoast_head":"<!-- This site is optimized with the Yoast SEO plugin v27.4 - https:\/\/yoast.com\/product\/yoast-seo-wordpress\/ -->\n<title>Das r\u00f6mische Barcelona ist fast verschwunden - DasErbeRoms - alterBlog<\/title>\n<meta name=\"description\" content=\"Das r\u00f6mische Barcelona ist im Stadtbild der katalanischen Metropole heute kaum noch zu sehen. F\u00fcndig wird man in zwei Museen.\" \/>\n<meta name=\"robots\" content=\"index, follow, max-snippet:-1, max-image-preview:large, max-video-preview:-1\" \/>\n<link rel=\"canonical\" href=\"https:\/\/naehrlich.de\/daserberoms\/2018\/11\/17\/das-roemische-barcelona\/\" \/>\n<meta property=\"og:locale\" content=\"de_DE\" \/>\n<meta property=\"og:type\" content=\"article\" \/>\n<meta property=\"og:title\" content=\"Das r\u00f6mische Barcelona ist fast verschwunden - DasErbeRoms - alterBlog\" \/>\n<meta property=\"og:description\" content=\"Das r\u00f6mische Barcelona ist im Stadtbild der katalanischen Metropole heute kaum noch zu sehen. F\u00fcndig wird man in zwei Museen.\" \/>\n<meta property=\"og:url\" content=\"https:\/\/naehrlich.de\/daserberoms\/2018\/11\/17\/das-roemische-barcelona\/\" \/>\n<meta property=\"og:site_name\" content=\"DasErbeRoms - alterBlog\" \/>\n<meta property=\"article:publisher\" content=\"http:\/\/www.facebook.com\/stefan.naehrlich\" \/>\n<meta property=\"article:published_time\" content=\"2018-11-17T07:20:27+00:00\" \/>\n<meta property=\"article:modified_time\" content=\"2018-11-17T13:36:03+00:00\" \/>\n<meta property=\"og:image\" content=\"https:\/\/naehrlich.de\/daserberoms\/wp-content\/uploads\/2018\/07\/tempelauguste_HDR3.jpg\" \/>\n\t<meta property=\"og:image:width\" content=\"1840\" \/>\n\t<meta property=\"og:image:height\" content=\"840\" \/>\n\t<meta property=\"og:image:type\" content=\"image\/jpeg\" \/>\n<meta name=\"author\" content=\"Stefan N\u00e4hrlich\" \/>\n<meta name=\"twitter:card\" content=\"summary_large_image\" \/>\n<meta name=\"twitter:creator\" content=\"@DasErbeRoms\" \/>\n<meta name=\"twitter:site\" content=\"@DasErbeRoms\" \/>\n<meta name=\"twitter:label1\" content=\"Verfasst von\" \/>\n\t<meta name=\"twitter:data1\" content=\"Stefan N\u00e4hrlich\" \/>\n\t<meta name=\"twitter:label2\" content=\"Gesch\u00e4tzte Lesezeit\" \/>\n\t<meta name=\"twitter:data2\" content=\"4\u00a0Minuten\" \/>\n<script type=\"application\/ld+json\" class=\"yoast-schema-graph\">{\"@context\":\"https:\\\/\\\/schema.org\",\"@graph\":[{\"@type\":\"Article\",\"@id\":\"https:\\\/\\\/naehrlich.de\\\/daserberoms\\\/2018\\\/11\\\/17\\\/das-roemische-barcelona\\\/#article\",\"isPartOf\":{\"@id\":\"https:\\\/\\\/naehrlich.de\\\/daserberoms\\\/2018\\\/11\\\/17\\\/das-roemische-barcelona\\\/\"},\"author\":{\"name\":\"Stefan N\u00e4hrlich\",\"@id\":\"https:\\\/\\\/naehrlich.de\\\/daserberoms\\\/#\\\/schema\\\/person\\\/abf3183c35b9b7643636e6115f1354a7\"},\"headline\":\"Das r\u00f6mische Barcelona ist fast verschwunden\",\"datePublished\":\"2018-11-17T07:20:27+00:00\",\"dateModified\":\"2018-11-17T13:36:03+00:00\",\"mainEntityOfPage\":{\"@id\":\"https:\\\/\\\/naehrlich.de\\\/daserberoms\\\/2018\\\/11\\\/17\\\/das-roemische-barcelona\\\/\"},\"wordCount\":797,\"commentCount\":2,\"image\":{\"@id\":\"https:\\\/\\\/naehrlich.de\\\/daserberoms\\\/2018\\\/11\\\/17\\\/das-roemische-barcelona\\\/#primaryimage\"},\"thumbnailUrl\":\"https:\\\/\\\/naehrlich.de\\\/daserberoms\\\/wp-content\\\/uploads\\\/2018\\\/07\\\/tempelauguste_HDR3.jpg\",\"keywords\":[\"Aqu\u00e4dukt\",\"Augustus\",\"B\u00fcsten\",\"Garum\",\"Mosaiken\",\"Museum\",\"Spanien 2018\",\"Stadtmauer\",\"Stra\u00dfen\",\"Tempel\",\"Wandmalerei\",\"Wein\",\"Wohnh\u00e4user\"],\"articleSection\":[\"Alle Beitr\u00e4ge\",\"Hispanien\"],\"inLanguage\":\"de\",\"potentialAction\":[{\"@type\":\"CommentAction\",\"name\":\"Comment\",\"target\":[\"https:\\\/\\\/naehrlich.de\\\/daserberoms\\\/2018\\\/11\\\/17\\\/das-roemische-barcelona\\\/#respond\"]}]},{\"@type\":\"WebPage\",\"@id\":\"https:\\\/\\\/naehrlich.de\\\/daserberoms\\\/2018\\\/11\\\/17\\\/das-roemische-barcelona\\\/\",\"url\":\"https:\\\/\\\/naehrlich.de\\\/daserberoms\\\/2018\\\/11\\\/17\\\/das-roemische-barcelona\\\/\",\"name\":\"Das r\u00f6mische Barcelona ist fast verschwunden - DasErbeRoms - alterBlog\",\"isPartOf\":{\"@id\":\"https:\\\/\\\/naehrlich.de\\\/daserberoms\\\/#website\"},\"primaryImageOfPage\":{\"@id\":\"https:\\\/\\\/naehrlich.de\\\/daserberoms\\\/2018\\\/11\\\/17\\\/das-roemische-barcelona\\\/#primaryimage\"},\"image\":{\"@id\":\"https:\\\/\\\/naehrlich.de\\\/daserberoms\\\/2018\\\/11\\\/17\\\/das-roemische-barcelona\\\/#primaryimage\"},\"thumbnailUrl\":\"https:\\\/\\\/naehrlich.de\\\/daserberoms\\\/wp-content\\\/uploads\\\/2018\\\/07\\\/tempelauguste_HDR3.jpg\",\"datePublished\":\"2018-11-17T07:20:27+00:00\",\"dateModified\":\"2018-11-17T13:36:03+00:00\",\"author\":{\"@id\":\"https:\\\/\\\/naehrlich.de\\\/daserberoms\\\/#\\\/schema\\\/person\\\/abf3183c35b9b7643636e6115f1354a7\"},\"description\":\"Das r\u00f6mische Barcelona ist im Stadtbild der katalanischen Metropole heute kaum noch zu sehen. F\u00fcndig wird man in zwei Museen.\",\"breadcrumb\":{\"@id\":\"https:\\\/\\\/naehrlich.de\\\/daserberoms\\\/2018\\\/11\\\/17\\\/das-roemische-barcelona\\\/#breadcrumb\"},\"inLanguage\":\"de\",\"potentialAction\":[{\"@type\":\"ReadAction\",\"target\":[\"https:\\\/\\\/naehrlich.de\\\/daserberoms\\\/2018\\\/11\\\/17\\\/das-roemische-barcelona\\\/\"]}]},{\"@type\":\"ImageObject\",\"inLanguage\":\"de\",\"@id\":\"https:\\\/\\\/naehrlich.de\\\/daserberoms\\\/2018\\\/11\\\/17\\\/das-roemische-barcelona\\\/#primaryimage\",\"url\":\"https:\\\/\\\/naehrlich.de\\\/daserberoms\\\/wp-content\\\/uploads\\\/2018\\\/07\\\/tempelauguste_HDR3.jpg\",\"contentUrl\":\"https:\\\/\\\/naehrlich.de\\\/daserberoms\\\/wp-content\\\/uploads\\\/2018\\\/07\\\/tempelauguste_HDR3.jpg\",\"width\":1840,\"height\":840,\"caption\":\"in Barcelona\"},{\"@type\":\"BreadcrumbList\",\"@id\":\"https:\\\/\\\/naehrlich.de\\\/daserberoms\\\/2018\\\/11\\\/17\\\/das-roemische-barcelona\\\/#breadcrumb\",\"itemListElement\":[{\"@type\":\"ListItem\",\"position\":1,\"name\":\"Startseite\",\"item\":\"https:\\\/\\\/naehrlich.de\\\/daserberoms\\\/\"},{\"@type\":\"ListItem\",\"position\":2,\"name\":\"Das r\u00f6mische Barcelona ist fast verschwunden\"}]},{\"@type\":\"WebSite\",\"@id\":\"https:\\\/\\\/naehrlich.de\\\/daserberoms\\\/#website\",\"url\":\"https:\\\/\\\/naehrlich.de\\\/daserberoms\\\/\",\"name\":\"DasErbeRoms - alterBlog\",\"description\":\"Reisen auf den Spuren der alten R\u00f6mer. Von weltbekannt bis unbekannt. Fotos und Texte. Und ab und an einige Buch- und Filmbesprechungen und KI-Experimente.\",\"potentialAction\":[{\"@type\":\"SearchAction\",\"target\":{\"@type\":\"EntryPoint\",\"urlTemplate\":\"https:\\\/\\\/naehrlich.de\\\/daserberoms\\\/?s={search_term_string}\"},\"query-input\":{\"@type\":\"PropertyValueSpecification\",\"valueRequired\":true,\"valueName\":\"search_term_string\"}}],\"inLanguage\":\"de\"},{\"@type\":\"Person\",\"@id\":\"https:\\\/\\\/naehrlich.de\\\/daserberoms\\\/#\\\/schema\\\/person\\\/abf3183c35b9b7643636e6115f1354a7\",\"name\":\"Stefan N\u00e4hrlich\",\"image\":{\"@type\":\"ImageObject\",\"inLanguage\":\"de\",\"@id\":\"https:\\\/\\\/secure.gravatar.com\\\/avatar\\\/de332640be3ed6dfba043afc9f0cf67943fba3256852b07fe117cd6a456a29f8?s=96&d=mm&r=g\",\"url\":\"https:\\\/\\\/secure.gravatar.com\\\/avatar\\\/de332640be3ed6dfba043afc9f0cf67943fba3256852b07fe117cd6a456a29f8?s=96&d=mm&r=g\",\"contentUrl\":\"https:\\\/\\\/secure.gravatar.com\\\/avatar\\\/de332640be3ed6dfba043afc9f0cf67943fba3256852b07fe117cd6a456a29f8?s=96&d=mm&r=g\",\"caption\":\"Stefan N\u00e4hrlich\"},\"sameAs\":[\"http:\\\/\\\/www.daserberoms.de\"],\"url\":\"https:\\\/\\\/naehrlich.de\\\/daserberoms\\\/author\\\/stefan-naehrlich\\\/\"}]}<\/script>\n<!-- \/ Yoast SEO plugin. -->","yoast_head_json":{"title":"Das r\u00f6mische Barcelona ist fast verschwunden - DasErbeRoms - alterBlog","description":"Das r\u00f6mische Barcelona ist im Stadtbild der katalanischen Metropole heute kaum noch zu sehen. F\u00fcndig wird man in zwei Museen.","robots":{"index":"index","follow":"follow","max-snippet":"max-snippet:-1","max-image-preview":"max-image-preview:large","max-video-preview":"max-video-preview:-1"},"canonical":"https:\/\/naehrlich.de\/daserberoms\/2018\/11\/17\/das-roemische-barcelona\/","og_locale":"de_DE","og_type":"article","og_title":"Das r\u00f6mische Barcelona ist fast verschwunden - DasErbeRoms - alterBlog","og_description":"Das r\u00f6mische Barcelona ist im Stadtbild der katalanischen Metropole heute kaum noch zu sehen. F\u00fcndig wird man in zwei Museen.","og_url":"https:\/\/naehrlich.de\/daserberoms\/2018\/11\/17\/das-roemische-barcelona\/","og_site_name":"DasErbeRoms - alterBlog","article_publisher":"http:\/\/www.facebook.com\/stefan.naehrlich","article_published_time":"2018-11-17T07:20:27+00:00","article_modified_time":"2018-11-17T13:36:03+00:00","og_image":[{"width":1840,"height":840,"url":"https:\/\/naehrlich.de\/daserberoms\/wp-content\/uploads\/2018\/07\/tempelauguste_HDR3.jpg","type":"image\/jpeg"}],"author":"Stefan N\u00e4hrlich","twitter_card":"summary_large_image","twitter_creator":"@DasErbeRoms","twitter_site":"@DasErbeRoms","twitter_misc":{"Verfasst von":"Stefan N\u00e4hrlich","Gesch\u00e4tzte Lesezeit":"4\u00a0Minuten"},"schema":{"@context":"https:\/\/schema.org","@graph":[{"@type":"Article","@id":"https:\/\/naehrlich.de\/daserberoms\/2018\/11\/17\/das-roemische-barcelona\/#article","isPartOf":{"@id":"https:\/\/naehrlich.de\/daserberoms\/2018\/11\/17\/das-roemische-barcelona\/"},"author":{"name":"Stefan N\u00e4hrlich","@id":"https:\/\/naehrlich.de\/daserberoms\/#\/schema\/person\/abf3183c35b9b7643636e6115f1354a7"},"headline":"Das r\u00f6mische Barcelona ist fast verschwunden","datePublished":"2018-11-17T07:20:27+00:00","dateModified":"2018-11-17T13:36:03+00:00","mainEntityOfPage":{"@id":"https:\/\/naehrlich.de\/daserberoms\/2018\/11\/17\/das-roemische-barcelona\/"},"wordCount":797,"commentCount":2,"image":{"@id":"https:\/\/naehrlich.de\/daserberoms\/2018\/11\/17\/das-roemische-barcelona\/#primaryimage"},"thumbnailUrl":"https:\/\/naehrlich.de\/daserberoms\/wp-content\/uploads\/2018\/07\/tempelauguste_HDR3.jpg","keywords":["Aqu\u00e4dukt","Augustus","B\u00fcsten","Garum","Mosaiken","Museum","Spanien 2018","Stadtmauer","Stra\u00dfen","Tempel","Wandmalerei","Wein","Wohnh\u00e4user"],"articleSection":["Alle Beitr\u00e4ge","Hispanien"],"inLanguage":"de","potentialAction":[{"@type":"CommentAction","name":"Comment","target":["https:\/\/naehrlich.de\/daserberoms\/2018\/11\/17\/das-roemische-barcelona\/#respond"]}]},{"@type":"WebPage","@id":"https:\/\/naehrlich.de\/daserberoms\/2018\/11\/17\/das-roemische-barcelona\/","url":"https:\/\/naehrlich.de\/daserberoms\/2018\/11\/17\/das-roemische-barcelona\/","name":"Das r\u00f6mische Barcelona ist fast verschwunden - DasErbeRoms - alterBlog","isPartOf":{"@id":"https:\/\/naehrlich.de\/daserberoms\/#website"},"primaryImageOfPage":{"@id":"https:\/\/naehrlich.de\/daserberoms\/2018\/11\/17\/das-roemische-barcelona\/#primaryimage"},"image":{"@id":"https:\/\/naehrlich.de\/daserberoms\/2018\/11\/17\/das-roemische-barcelona\/#primaryimage"},"thumbnailUrl":"https:\/\/naehrlich.de\/daserberoms\/wp-content\/uploads\/2018\/07\/tempelauguste_HDR3.jpg","datePublished":"2018-11-17T07:20:27+00:00","dateModified":"2018-11-17T13:36:03+00:00","author":{"@id":"https:\/\/naehrlich.de\/daserberoms\/#\/schema\/person\/abf3183c35b9b7643636e6115f1354a7"},"description":"Das r\u00f6mische Barcelona ist im Stadtbild der katalanischen Metropole heute kaum noch zu sehen. F\u00fcndig wird man in zwei Museen.","breadcrumb":{"@id":"https:\/\/naehrlich.de\/daserberoms\/2018\/11\/17\/das-roemische-barcelona\/#breadcrumb"},"inLanguage":"de","potentialAction":[{"@type":"ReadAction","target":["https:\/\/naehrlich.de\/daserberoms\/2018\/11\/17\/das-roemische-barcelona\/"]}]},{"@type":"ImageObject","inLanguage":"de","@id":"https:\/\/naehrlich.de\/daserberoms\/2018\/11\/17\/das-roemische-barcelona\/#primaryimage","url":"https:\/\/naehrlich.de\/daserberoms\/wp-content\/uploads\/2018\/07\/tempelauguste_HDR3.jpg","contentUrl":"https:\/\/naehrlich.de\/daserberoms\/wp-content\/uploads\/2018\/07\/tempelauguste_HDR3.jpg","width":1840,"height":840,"caption":"in Barcelona"},{"@type":"BreadcrumbList","@id":"https:\/\/naehrlich.de\/daserberoms\/2018\/11\/17\/das-roemische-barcelona\/#breadcrumb","itemListElement":[{"@type":"ListItem","position":1,"name":"Startseite","item":"https:\/\/naehrlich.de\/daserberoms\/"},{"@type":"ListItem","position":2,"name":"Das r\u00f6mische Barcelona ist fast verschwunden"}]},{"@type":"WebSite","@id":"https:\/\/naehrlich.de\/daserberoms\/#website","url":"https:\/\/naehrlich.de\/daserberoms\/","name":"DasErbeRoms - alterBlog","description":"Reisen auf den Spuren der alten R\u00f6mer. Von weltbekannt bis unbekannt. Fotos und Texte. Und ab und an einige Buch- und Filmbesprechungen und KI-Experimente.","potentialAction":[{"@type":"SearchAction","target":{"@type":"EntryPoint","urlTemplate":"https:\/\/naehrlich.de\/daserberoms\/?s={search_term_string}"},"query-input":{"@type":"PropertyValueSpecification","valueRequired":true,"valueName":"search_term_string"}}],"inLanguage":"de"},{"@type":"Person","@id":"https:\/\/naehrlich.de\/daserberoms\/#\/schema\/person\/abf3183c35b9b7643636e6115f1354a7","name":"Stefan N\u00e4hrlich","image":{"@type":"ImageObject","inLanguage":"de","@id":"https:\/\/secure.gravatar.com\/avatar\/de332640be3ed6dfba043afc9f0cf67943fba3256852b07fe117cd6a456a29f8?s=96&d=mm&r=g","url":"https:\/\/secure.gravatar.com\/avatar\/de332640be3ed6dfba043afc9f0cf67943fba3256852b07fe117cd6a456a29f8?s=96&d=mm&r=g","contentUrl":"https:\/\/secure.gravatar.com\/avatar\/de332640be3ed6dfba043afc9f0cf67943fba3256852b07fe117cd6a456a29f8?s=96&d=mm&r=g","caption":"Stefan N\u00e4hrlich"},"sameAs":["http:\/\/www.daserberoms.de"],"url":"https:\/\/naehrlich.de\/daserberoms\/author\/stefan-naehrlich\/"}]}},"_links":{"self":[{"href":"https:\/\/naehrlich.de\/daserberoms\/wp-json\/wp\/v2\/posts\/8324","targetHints":{"allow":["GET"]}}],"collection":[{"href":"https:\/\/naehrlich.de\/daserberoms\/wp-json\/wp\/v2\/posts"}],"about":[{"href":"https:\/\/naehrlich.de\/daserberoms\/wp-json\/wp\/v2\/types\/post"}],"author":[{"embeddable":true,"href":"https:\/\/naehrlich.de\/daserberoms\/wp-json\/wp\/v2\/users\/1"}],"replies":[{"embeddable":true,"href":"https:\/\/naehrlich.de\/daserberoms\/wp-json\/wp\/v2\/comments?post=8324"}],"version-history":[{"count":79,"href":"https:\/\/naehrlich.de\/daserberoms\/wp-json\/wp\/v2\/posts\/8324\/revisions"}],"predecessor-version":[{"id":11248,"href":"https:\/\/naehrlich.de\/daserberoms\/wp-json\/wp\/v2\/posts\/8324\/revisions\/11248"}],"wp:featuredmedia":[{"embeddable":true,"href":"https:\/\/naehrlich.de\/daserberoms\/wp-json\/wp\/v2\/media\/11153"}],"wp:attachment":[{"href":"https:\/\/naehrlich.de\/daserberoms\/wp-json\/wp\/v2\/media?parent=8324"}],"wp:term":[{"taxonomy":"category","embeddable":true,"href":"https:\/\/naehrlich.de\/daserberoms\/wp-json\/wp\/v2\/categories?post=8324"},{"taxonomy":"post_tag","embeddable":true,"href":"https:\/\/naehrlich.de\/daserberoms\/wp-json\/wp\/v2\/tags?post=8324"}],"curies":[{"name":"wp","href":"https:\/\/api.w.org\/{rel}","templated":true}]}}