{"id":8441,"date":"2018-06-10T08:50:48","date_gmt":"2018-06-10T06:50:48","guid":{"rendered":"https:\/\/naehrlich.de\/daserberoms\/?p=8441"},"modified":"2018-08-24T18:33:43","modified_gmt":"2018-08-24T16:33:43","slug":"neueroeffnung-musee-de-la-romanite-nimes","status":"publish","type":"post","link":"https:\/\/naehrlich.de\/daserberoms\/2018\/06\/10\/neueroeffnung-musee-de-la-romanite-nimes\/","title":{"rendered":"Neuer\u00f6ffnung: Musee de la Romanite Nimes"},"content":{"rendered":"\n<p class=\"lead dropcap\">Das Rom Frankreichs hat eine neue Attraktion: Das futuristische Musee de la Romanite Nimes neben dem Amphitheater in <a href=\"https:\/\/naehrlich.de\/daserberoms\/2015\/05\/31\/geschichte-wird-von-siegern-geschrieben\/\">Nimes<\/a>. Am 2. Juni 2018 er\u00f6ffnete es. Entworfen wurde es von der Architektin Elizabeth de Portzamparc. Das neue Museum kann jetzt 5.000 seiner 25.000 Exponate auf knapp 10.000 qm Ausstellungsfl\u00e4che zeigen. Die gewellte Struktur der Au\u00dfenfassade besteht aus mehr als 6.000 Glasquadraten und soll sowohl an den Wurf einer r\u00f6mischen Toga als auch an r\u00f6mische Mosaike erinnern. Andere erinnert es an ein gl\u00e4sernes Kettenhemd. Wie auch immer, sch\u00f6n sieht es aus.<\/p>\n\n[aesop_parallax img=&#8220;https:\/\/naehrlich.de\/daserberoms\/wp-content\/uploads\/2018\/06\/IMG_4649.jpg&#8220; parallaxbg=&#8220;on&#8220; parallaxspeed=&#8220;1&#8243; caption=&#8220;Blick aus dem Eingangsbereich des Mus\u00e9e de la Romanit\u00e9 Nimes&#8220; captionposition=&#8220;bottom-left&#8220; lightbox=&#8220;off&#8220; floater=&#8220;off&#8220; floaterposition=&#8220;left&#8220; floaterdirection=&#8220;none&#8220; overlay_revealfx=&#8220;off&#8220;]\n[aesop_gallery pslightbox=&#8220;on&#8220; pslayout=&#8220;3&#8243; transition=&#8220;crossfade&#8220; width=&#8220;60%&#8220; galleryType=&#8220;photoset&#8220; id=&#8220;9123&#8243;]\n\n[aesop_gallery pslightbox=&#8220;on&#8220; pslayout=&#8220;30&#8243; transition=&#8220;crossfade&#8220; galleryType=&#8220;photoset&#8220; id=&#8220;9124&#8243;]\n<p>Gezeigt werden Mosaike, Grabstelen und Weihesteine, Skulpturen, B\u00fcsten und andere St\u00fccke aus r\u00f6mischer Zeit. Nicht gespart wurde am Multimedia-Angebot. Audiovisuelle Technik, virtuelle F\u00fchrungen und interaktives Kartenmaterial erg\u00e4nzen und erkl\u00e4ren viele Ausstellungsst\u00fccke. Auf den Meilenstein an der einstigen R\u00f6merstra\u00dfe von Narbonne nach Nimes beispielsweise wird eine Animation geworfen, die den Hintergrund des Inschriftensteins erkl\u00e4rt. Empfehlenswert ist auch der <a href=\"https:\/\/www.youtube.com\/watch?v=Hk8BccHvU-I\" target=\"_blank\" rel=\"noopener\">Film<\/a>, der im nahegelegenen Maison Carree gezeigt wird. Die Romanisierung Galliens wird veranschaulicht an der Familiengeschichte der Adgennix. W\u00e4hrend der Vorfahre als gallischer Hilfstruppenf\u00fchrer f\u00fcr C\u00e4sars gegen andere gallische St\u00e4mme k\u00e4mpfte, tragen seine Kinder bereits romanisierte Namen. Der Nachfahre Sextus Adgennius Macrinus und seine Frau Licinia Flavilla geh\u00f6ren als Stadtrat und Priesterin zu den lokalen Eliten Nemausus. Ihr Grabstein steht im Mus\u00e9e de la Romanit\u00e9 Nimes.<\/p>\n[aesop_reveal width=&#8220;60%&#8220; before=&#8220;https:\/\/naehrlich.de\/daserberoms\/wp-content\/uploads\/2018\/08\/IMG_4676_1.jpg&#8220; after=&#8220;https:\/\/naehrlich.de\/daserberoms\/wp-content\/uploads\/2018\/06\/IMG_4676.jpg&#8220;]\n<p>Animation auf einem r\u00f6mischen Meilenstein. Die Inschrift sagt aus, das Kaiser Tiberius, Sohn des verg\u00f6ttlichten Augustus, diese Stra\u00dfe erneuern lie\u00df. Darunter das Bild mit dem\u00a0Sockel einer Statue, vielleicht zu einem Grabmal geh\u00f6rig. In der Inschrift danken die Freigelassenen Anteros und Hyllus dem Qu\u00e4stor Titus Caecilius Guttur f\u00fcr ihre Freilassung.<\/p>\n[aesop_gallery pslightbox=&#8220;on&#8220; pslayout=&#8220;212&#8243; transition=&#8220;crossfade&#8220; width=&#8220;60%&#8220; galleryType=&#8220;photoset&#8220; id=&#8220;9126&#8243;]\n<p>Zur Er\u00f6ffnung des neuen Museums startete auch gleich die Sonderausstellung \u201cGladiatoren: Helden des Kolosseums\u201d im Untergeschoss. Bis September 2018 ist eine wirklich sehenswerte Schau mit bedeutenden Leihgaben aus Rom, Neapel oder Aquileia zu besichtigen. Die Ausstellungsr\u00e4ume sind sehr dunkel, alles ist in schwarz gehalten. Der Tod l\u00e4sst gr\u00fc\u00dfen. Aber der Tod in der Arena fand im Hellen statt, <a href=\"https:\/\/naehrlich.de\/daserberoms\/2016\/06\/08\/gladiatoren-in-carnuntum\/\">Gladiatorenk\u00e4mpfe<\/a> waren \u00f6ffentliche Spektakel.<\/p>\n[aesop_gallery pslightbox=&#8220;on&#8220; pslayout=&#8220;2&#8243; transition=&#8220;crossfade&#8220; width=&#8220;60%&#8220; galleryType=&#8220;photoset&#8220; id=&#8220;9128&#8243;]\n<p>Begleitet wurde die Er\u00f6ffnung des Musee de la Romanite Nimes von einer kleinen Demonstration. Angesichts leerer Stadtkassen und Baukosten von 60 Millionen Euro f\u00fcr das neue Museum fordern sie, die anderen Kulturbereiche nicht zu vergessen. Die Bef\u00fcrworten des Museums haben aber wohl auch die Bewerbung der Stadt Nimes f\u00fcr die Anerkennung als UNESCO Weltkulturerbe vor Augen. Ende des Monats soll die Entscheidung fallen. Dann zieht Nimes mit der Nachbarstadt <a href=\"https:\/\/naehrlich.de\/daserberoms\/2015\/06\/11\/peu-a-peu\/\">Arles<\/a> gleich, die Weltkulturerbestadt mit <a href=\"https:\/\/naehrlich.de\/daserberoms\/2015\/06\/21\/jupiter-sei-dank\/\">R\u00f6mermuseum<\/a> ist. In Narbonne dagegen verz\u00f6gert sich die Fertigstellung des Megamuseums zur Antike NarboVia bis 2020. Bis dahin kann man ja mal oder mal wieder das ebenfalls beeindruckende gallo-romanische Museum in Lyon besuchen.<\/p>\n[aesop_image overlay_revealfx=&#8220;off&#8220; text_float=&#8220;off&#8220; revealfx=&#8220;off&#8220; force_fullwidth=&#8220;off&#8220; lightbox=&#8220;on&#8220; captionposition=&#8220;left&#8220; caption=&#8220;Demonstration f\u00fcr eine breite Kulturf\u00f6rderung bei der Er\u00f6ffnung des Mus\u00e9e de la Romanit\u00e9 in Nimes&#8220; align=&#8220;left&#8220; offset=&#8220;300px&#8220; imgwidth=&#8220;400px&#8220; img=&#8220;https:\/\/naehrlich.de\/daserberoms\/wp-content\/uploads\/2018\/06\/IMG_4643.jpg&#8220; panorama=&#8220;off&#8220;]\n<p><a href=\"https:\/\/museedelaromanite.fr\/en\" target=\"_blank\" rel=\"noopener\">Musee de la Romanite Nimes<\/a>, 16 Boulevard des Ar\u00e8nes, 30900 N\u00eemes, Frankreich. T\u00e4glich ge\u00f6ffnet, 8 Euro Eintritt. Mit Dachterrasse und Sternerestaurant, Garten und Museumscafe.<\/p>\n<h3>Mehr aus dem r\u00f6mischen Frankreich:<\/h3>\n<p><!-- Collections --><\/p>\n[aesop_collection revealfx=&#8220;off&#8220; order=&#8220;default&#8220; showexcerpt=&#8220;on&#8220; loadmore=&#8220;off&#8220; splash=&#8220;off&#8220; limit=&#8220;9&#8243; columns=&#8220;3&#8243; collection=&#8220;7&#8243;]\n","protected":false},"excerpt":{"rendered":"<p>Das Rom Frankreichs hat eine neue Attraktion: Das futuristische Musee de la Romanite Nimes neben dem Amphitheater in Nimes. Am 2. Juni 2018 er\u00f6ffnete es. Entworfen wurde es von der Architektin Elizabeth de Portzamparc. Das neue Museum kann jetzt 5.000 seiner 25.000 Exponate auf knapp 10.000 qm Ausstellungsfl\u00e4che zeigen. Die gewellte Struktur der Au\u00dfenfassade besteht [&hellip;]<\/p>\n","protected":false},"author":1,"featured_media":9121,"comment_status":"open","ping_status":"open","sticky":false,"template":"","format":"standard","meta":{"footnotes":""},"categories":[16,7],"tags":[700,43,67,701,117,698,174,175,699,697,229],"class_list":["post-8441","post","type-post","status-publish","format-standard","has-post-thumbnail","hentry","category-alle-beitraege","category-gallien","tag-adgennix","tag-antonia-die-juengere","tag-busten","tag-frankreich-2018","tag-gladiatoren","tag-licinia-flavilla","tag-mosaiken","tag-museum","tag-nemausus","tag-sextus-adgennius-macrinus","tag-statuen"],"yoast_head":"<!-- This site is optimized with the Yoast SEO plugin v27.4 - https:\/\/yoast.com\/product\/yoast-seo-wordpress\/ -->\n<title>Neuer\u00f6ffnung: Musee de la Romanite Nimes - DasErbeRoms - alterBlog<\/title>\n<meta name=\"description\" content=\"Das Rom Frankreichs hat eine neue Attraktion: Das futuristische Musee de la Romanite Nimes. Es zeigt beeindrucken St\u00fccke aus der R\u00f6merzeit.\" \/>\n<meta name=\"robots\" content=\"index, follow, max-snippet:-1, max-image-preview:large, max-video-preview:-1\" \/>\n<link rel=\"canonical\" href=\"https:\/\/naehrlich.de\/daserberoms\/2018\/06\/10\/neueroeffnung-musee-de-la-romanite-nimes\/\" \/>\n<meta property=\"og:locale\" content=\"de_DE\" \/>\n<meta property=\"og:type\" content=\"article\" \/>\n<meta property=\"og:title\" content=\"Neuer\u00f6ffnung: Musee de la Romanite Nimes - DasErbeRoms - alterBlog\" \/>\n<meta property=\"og:description\" content=\"Das Rom Frankreichs hat eine neue Attraktion: Das futuristische Musee de la Romanite Nimes. Es zeigt beeindrucken St\u00fccke aus der R\u00f6merzeit.\" \/>\n<meta property=\"og:url\" content=\"https:\/\/naehrlich.de\/daserberoms\/2018\/06\/10\/neueroeffnung-musee-de-la-romanite-nimes\/\" \/>\n<meta property=\"og:site_name\" content=\"DasErbeRoms - alterBlog\" \/>\n<meta property=\"article:publisher\" content=\"http:\/\/www.facebook.com\/stefan.naehrlich\" \/>\n<meta property=\"article:published_time\" content=\"2018-06-10T06:50:48+00:00\" \/>\n<meta property=\"article:modified_time\" content=\"2018-08-24T16:33:43+00:00\" \/>\n<meta property=\"og:image\" content=\"https:\/\/naehrlich.de\/daserberoms\/wp-content\/uploads\/2018\/06\/nimesmuseumromanite.jpg\" \/>\n\t<meta property=\"og:image:width\" content=\"1840\" \/>\n\t<meta property=\"og:image:height\" content=\"840\" \/>\n\t<meta property=\"og:image:type\" content=\"image\/jpeg\" \/>\n<meta name=\"author\" content=\"Stefan N\u00e4hrlich\" \/>\n<meta name=\"twitter:card\" content=\"summary_large_image\" \/>\n<meta name=\"twitter:creator\" content=\"@DasErbeRoms\" \/>\n<meta name=\"twitter:site\" content=\"@DasErbeRoms\" \/>\n<meta name=\"twitter:label1\" content=\"Verfasst von\" \/>\n\t<meta name=\"twitter:data1\" content=\"Stefan N\u00e4hrlich\" \/>\n\t<meta name=\"twitter:label2\" content=\"Gesch\u00e4tzte Lesezeit\" \/>\n\t<meta name=\"twitter:data2\" content=\"3\u00a0Minuten\" \/>\n<script type=\"application\/ld+json\" class=\"yoast-schema-graph\">{\"@context\":\"https:\\\/\\\/schema.org\",\"@graph\":[{\"@type\":\"Article\",\"@id\":\"https:\\\/\\\/naehrlich.de\\\/daserberoms\\\/2018\\\/06\\\/10\\\/neueroeffnung-musee-de-la-romanite-nimes\\\/#article\",\"isPartOf\":{\"@id\":\"https:\\\/\\\/naehrlich.de\\\/daserberoms\\\/2018\\\/06\\\/10\\\/neueroeffnung-musee-de-la-romanite-nimes\\\/\"},\"author\":{\"name\":\"Stefan N\u00e4hrlich\",\"@id\":\"https:\\\/\\\/naehrlich.de\\\/daserberoms\\\/#\\\/schema\\\/person\\\/abf3183c35b9b7643636e6115f1354a7\"},\"headline\":\"Neuer\u00f6ffnung: Musee de la Romanite Nimes\",\"datePublished\":\"2018-06-10T06:50:48+00:00\",\"dateModified\":\"2018-08-24T16:33:43+00:00\",\"mainEntityOfPage\":{\"@id\":\"https:\\\/\\\/naehrlich.de\\\/daserberoms\\\/2018\\\/06\\\/10\\\/neueroeffnung-musee-de-la-romanite-nimes\\\/\"},\"wordCount\":677,\"commentCount\":0,\"image\":{\"@id\":\"https:\\\/\\\/naehrlich.de\\\/daserberoms\\\/2018\\\/06\\\/10\\\/neueroeffnung-musee-de-la-romanite-nimes\\\/#primaryimage\"},\"thumbnailUrl\":\"https:\\\/\\\/naehrlich.de\\\/daserberoms\\\/wp-content\\\/uploads\\\/2018\\\/06\\\/nimesmuseumromanite.jpg\",\"keywords\":[\"Adgennix\",\"Antonia die J\u00fcngere\",\"B\u00fcsten\",\"Frankreich 2018\",\"Gladiatoren\",\"Licinia Flavilla\",\"Mosaiken\",\"Museum\",\"Nemausus\",\"Sextus Adgennius Macrinus\",\"Statuen\"],\"articleSection\":[\"Alle Beitr\u00e4ge\",\"Gallien\"],\"inLanguage\":\"de\",\"potentialAction\":[{\"@type\":\"CommentAction\",\"name\":\"Comment\",\"target\":[\"https:\\\/\\\/naehrlich.de\\\/daserberoms\\\/2018\\\/06\\\/10\\\/neueroeffnung-musee-de-la-romanite-nimes\\\/#respond\"]}]},{\"@type\":\"WebPage\",\"@id\":\"https:\\\/\\\/naehrlich.de\\\/daserberoms\\\/2018\\\/06\\\/10\\\/neueroeffnung-musee-de-la-romanite-nimes\\\/\",\"url\":\"https:\\\/\\\/naehrlich.de\\\/daserberoms\\\/2018\\\/06\\\/10\\\/neueroeffnung-musee-de-la-romanite-nimes\\\/\",\"name\":\"Neuer\u00f6ffnung: Musee de la Romanite Nimes - DasErbeRoms - alterBlog\",\"isPartOf\":{\"@id\":\"https:\\\/\\\/naehrlich.de\\\/daserberoms\\\/#website\"},\"primaryImageOfPage\":{\"@id\":\"https:\\\/\\\/naehrlich.de\\\/daserberoms\\\/2018\\\/06\\\/10\\\/neueroeffnung-musee-de-la-romanite-nimes\\\/#primaryimage\"},\"image\":{\"@id\":\"https:\\\/\\\/naehrlich.de\\\/daserberoms\\\/2018\\\/06\\\/10\\\/neueroeffnung-musee-de-la-romanite-nimes\\\/#primaryimage\"},\"thumbnailUrl\":\"https:\\\/\\\/naehrlich.de\\\/daserberoms\\\/wp-content\\\/uploads\\\/2018\\\/06\\\/nimesmuseumromanite.jpg\",\"datePublished\":\"2018-06-10T06:50:48+00:00\",\"dateModified\":\"2018-08-24T16:33:43+00:00\",\"author\":{\"@id\":\"https:\\\/\\\/naehrlich.de\\\/daserberoms\\\/#\\\/schema\\\/person\\\/abf3183c35b9b7643636e6115f1354a7\"},\"description\":\"Das Rom Frankreichs hat eine neue Attraktion: Das futuristische Musee de la Romanite Nimes. Es zeigt beeindrucken St\u00fccke aus der R\u00f6merzeit.\",\"breadcrumb\":{\"@id\":\"https:\\\/\\\/naehrlich.de\\\/daserberoms\\\/2018\\\/06\\\/10\\\/neueroeffnung-musee-de-la-romanite-nimes\\\/#breadcrumb\"},\"inLanguage\":\"de\",\"potentialAction\":[{\"@type\":\"ReadAction\",\"target\":[\"https:\\\/\\\/naehrlich.de\\\/daserberoms\\\/2018\\\/06\\\/10\\\/neueroeffnung-musee-de-la-romanite-nimes\\\/\"]}]},{\"@type\":\"ImageObject\",\"inLanguage\":\"de\",\"@id\":\"https:\\\/\\\/naehrlich.de\\\/daserberoms\\\/2018\\\/06\\\/10\\\/neueroeffnung-musee-de-la-romanite-nimes\\\/#primaryimage\",\"url\":\"https:\\\/\\\/naehrlich.de\\\/daserberoms\\\/wp-content\\\/uploads\\\/2018\\\/06\\\/nimesmuseumromanite.jpg\",\"contentUrl\":\"https:\\\/\\\/naehrlich.de\\\/daserberoms\\\/wp-content\\\/uploads\\\/2018\\\/06\\\/nimesmuseumromanite.jpg\",\"width\":1840,\"height\":840,\"caption\":\"Bei der Neuer\u00f6ffnung des Museums am 2. Juni 2018\"},{\"@type\":\"BreadcrumbList\",\"@id\":\"https:\\\/\\\/naehrlich.de\\\/daserberoms\\\/2018\\\/06\\\/10\\\/neueroeffnung-musee-de-la-romanite-nimes\\\/#breadcrumb\",\"itemListElement\":[{\"@type\":\"ListItem\",\"position\":1,\"name\":\"Startseite\",\"item\":\"https:\\\/\\\/naehrlich.de\\\/daserberoms\\\/\"},{\"@type\":\"ListItem\",\"position\":2,\"name\":\"Neuer\u00f6ffnung: Musee de la Romanite Nimes\"}]},{\"@type\":\"WebSite\",\"@id\":\"https:\\\/\\\/naehrlich.de\\\/daserberoms\\\/#website\",\"url\":\"https:\\\/\\\/naehrlich.de\\\/daserberoms\\\/\",\"name\":\"DasErbeRoms - alterBlog\",\"description\":\"Reisen auf den Spuren der alten R\u00f6mer. Von weltbekannt bis unbekannt. Fotos und Texte. Und ab und an einige Buch- und Filmbesprechungen und KI-Experimente.\",\"potentialAction\":[{\"@type\":\"SearchAction\",\"target\":{\"@type\":\"EntryPoint\",\"urlTemplate\":\"https:\\\/\\\/naehrlich.de\\\/daserberoms\\\/?s={search_term_string}\"},\"query-input\":{\"@type\":\"PropertyValueSpecification\",\"valueRequired\":true,\"valueName\":\"search_term_string\"}}],\"inLanguage\":\"de\"},{\"@type\":\"Person\",\"@id\":\"https:\\\/\\\/naehrlich.de\\\/daserberoms\\\/#\\\/schema\\\/person\\\/abf3183c35b9b7643636e6115f1354a7\",\"name\":\"Stefan N\u00e4hrlich\",\"image\":{\"@type\":\"ImageObject\",\"inLanguage\":\"de\",\"@id\":\"https:\\\/\\\/secure.gravatar.com\\\/avatar\\\/de332640be3ed6dfba043afc9f0cf67943fba3256852b07fe117cd6a456a29f8?s=96&d=mm&r=g\",\"url\":\"https:\\\/\\\/secure.gravatar.com\\\/avatar\\\/de332640be3ed6dfba043afc9f0cf67943fba3256852b07fe117cd6a456a29f8?s=96&d=mm&r=g\",\"contentUrl\":\"https:\\\/\\\/secure.gravatar.com\\\/avatar\\\/de332640be3ed6dfba043afc9f0cf67943fba3256852b07fe117cd6a456a29f8?s=96&d=mm&r=g\",\"caption\":\"Stefan N\u00e4hrlich\"},\"sameAs\":[\"http:\\\/\\\/www.daserberoms.de\"],\"url\":\"https:\\\/\\\/naehrlich.de\\\/daserberoms\\\/author\\\/stefan-naehrlich\\\/\"}]}<\/script>\n<!-- \/ Yoast SEO plugin. -->","yoast_head_json":{"title":"Neuer\u00f6ffnung: Musee de la Romanite Nimes - DasErbeRoms - alterBlog","description":"Das Rom Frankreichs hat eine neue Attraktion: Das futuristische Musee de la Romanite Nimes. Es zeigt beeindrucken St\u00fccke aus der R\u00f6merzeit.","robots":{"index":"index","follow":"follow","max-snippet":"max-snippet:-1","max-image-preview":"max-image-preview:large","max-video-preview":"max-video-preview:-1"},"canonical":"https:\/\/naehrlich.de\/daserberoms\/2018\/06\/10\/neueroeffnung-musee-de-la-romanite-nimes\/","og_locale":"de_DE","og_type":"article","og_title":"Neuer\u00f6ffnung: Musee de la Romanite Nimes - DasErbeRoms - alterBlog","og_description":"Das Rom Frankreichs hat eine neue Attraktion: Das futuristische Musee de la Romanite Nimes. Es zeigt beeindrucken St\u00fccke aus der R\u00f6merzeit.","og_url":"https:\/\/naehrlich.de\/daserberoms\/2018\/06\/10\/neueroeffnung-musee-de-la-romanite-nimes\/","og_site_name":"DasErbeRoms - alterBlog","article_publisher":"http:\/\/www.facebook.com\/stefan.naehrlich","article_published_time":"2018-06-10T06:50:48+00:00","article_modified_time":"2018-08-24T16:33:43+00:00","og_image":[{"width":1840,"height":840,"url":"https:\/\/naehrlich.de\/daserberoms\/wp-content\/uploads\/2018\/06\/nimesmuseumromanite.jpg","type":"image\/jpeg"}],"author":"Stefan N\u00e4hrlich","twitter_card":"summary_large_image","twitter_creator":"@DasErbeRoms","twitter_site":"@DasErbeRoms","twitter_misc":{"Verfasst von":"Stefan N\u00e4hrlich","Gesch\u00e4tzte Lesezeit":"3\u00a0Minuten"},"schema":{"@context":"https:\/\/schema.org","@graph":[{"@type":"Article","@id":"https:\/\/naehrlich.de\/daserberoms\/2018\/06\/10\/neueroeffnung-musee-de-la-romanite-nimes\/#article","isPartOf":{"@id":"https:\/\/naehrlich.de\/daserberoms\/2018\/06\/10\/neueroeffnung-musee-de-la-romanite-nimes\/"},"author":{"name":"Stefan N\u00e4hrlich","@id":"https:\/\/naehrlich.de\/daserberoms\/#\/schema\/person\/abf3183c35b9b7643636e6115f1354a7"},"headline":"Neuer\u00f6ffnung: Musee de la Romanite Nimes","datePublished":"2018-06-10T06:50:48+00:00","dateModified":"2018-08-24T16:33:43+00:00","mainEntityOfPage":{"@id":"https:\/\/naehrlich.de\/daserberoms\/2018\/06\/10\/neueroeffnung-musee-de-la-romanite-nimes\/"},"wordCount":677,"commentCount":0,"image":{"@id":"https:\/\/naehrlich.de\/daserberoms\/2018\/06\/10\/neueroeffnung-musee-de-la-romanite-nimes\/#primaryimage"},"thumbnailUrl":"https:\/\/naehrlich.de\/daserberoms\/wp-content\/uploads\/2018\/06\/nimesmuseumromanite.jpg","keywords":["Adgennix","Antonia die J\u00fcngere","B\u00fcsten","Frankreich 2018","Gladiatoren","Licinia Flavilla","Mosaiken","Museum","Nemausus","Sextus Adgennius Macrinus","Statuen"],"articleSection":["Alle Beitr\u00e4ge","Gallien"],"inLanguage":"de","potentialAction":[{"@type":"CommentAction","name":"Comment","target":["https:\/\/naehrlich.de\/daserberoms\/2018\/06\/10\/neueroeffnung-musee-de-la-romanite-nimes\/#respond"]}]},{"@type":"WebPage","@id":"https:\/\/naehrlich.de\/daserberoms\/2018\/06\/10\/neueroeffnung-musee-de-la-romanite-nimes\/","url":"https:\/\/naehrlich.de\/daserberoms\/2018\/06\/10\/neueroeffnung-musee-de-la-romanite-nimes\/","name":"Neuer\u00f6ffnung: Musee de la Romanite Nimes - DasErbeRoms - alterBlog","isPartOf":{"@id":"https:\/\/naehrlich.de\/daserberoms\/#website"},"primaryImageOfPage":{"@id":"https:\/\/naehrlich.de\/daserberoms\/2018\/06\/10\/neueroeffnung-musee-de-la-romanite-nimes\/#primaryimage"},"image":{"@id":"https:\/\/naehrlich.de\/daserberoms\/2018\/06\/10\/neueroeffnung-musee-de-la-romanite-nimes\/#primaryimage"},"thumbnailUrl":"https:\/\/naehrlich.de\/daserberoms\/wp-content\/uploads\/2018\/06\/nimesmuseumromanite.jpg","datePublished":"2018-06-10T06:50:48+00:00","dateModified":"2018-08-24T16:33:43+00:00","author":{"@id":"https:\/\/naehrlich.de\/daserberoms\/#\/schema\/person\/abf3183c35b9b7643636e6115f1354a7"},"description":"Das Rom Frankreichs hat eine neue Attraktion: Das futuristische Musee de la Romanite Nimes. Es zeigt beeindrucken St\u00fccke aus der R\u00f6merzeit.","breadcrumb":{"@id":"https:\/\/naehrlich.de\/daserberoms\/2018\/06\/10\/neueroeffnung-musee-de-la-romanite-nimes\/#breadcrumb"},"inLanguage":"de","potentialAction":[{"@type":"ReadAction","target":["https:\/\/naehrlich.de\/daserberoms\/2018\/06\/10\/neueroeffnung-musee-de-la-romanite-nimes\/"]}]},{"@type":"ImageObject","inLanguage":"de","@id":"https:\/\/naehrlich.de\/daserberoms\/2018\/06\/10\/neueroeffnung-musee-de-la-romanite-nimes\/#primaryimage","url":"https:\/\/naehrlich.de\/daserberoms\/wp-content\/uploads\/2018\/06\/nimesmuseumromanite.jpg","contentUrl":"https:\/\/naehrlich.de\/daserberoms\/wp-content\/uploads\/2018\/06\/nimesmuseumromanite.jpg","width":1840,"height":840,"caption":"Bei der Neuer\u00f6ffnung des Museums am 2. Juni 2018"},{"@type":"BreadcrumbList","@id":"https:\/\/naehrlich.de\/daserberoms\/2018\/06\/10\/neueroeffnung-musee-de-la-romanite-nimes\/#breadcrumb","itemListElement":[{"@type":"ListItem","position":1,"name":"Startseite","item":"https:\/\/naehrlich.de\/daserberoms\/"},{"@type":"ListItem","position":2,"name":"Neuer\u00f6ffnung: Musee de la Romanite Nimes"}]},{"@type":"WebSite","@id":"https:\/\/naehrlich.de\/daserberoms\/#website","url":"https:\/\/naehrlich.de\/daserberoms\/","name":"DasErbeRoms - alterBlog","description":"Reisen auf den Spuren der alten R\u00f6mer. Von weltbekannt bis unbekannt. Fotos und Texte. Und ab und an einige Buch- und Filmbesprechungen und KI-Experimente.","potentialAction":[{"@type":"SearchAction","target":{"@type":"EntryPoint","urlTemplate":"https:\/\/naehrlich.de\/daserberoms\/?s={search_term_string}"},"query-input":{"@type":"PropertyValueSpecification","valueRequired":true,"valueName":"search_term_string"}}],"inLanguage":"de"},{"@type":"Person","@id":"https:\/\/naehrlich.de\/daserberoms\/#\/schema\/person\/abf3183c35b9b7643636e6115f1354a7","name":"Stefan N\u00e4hrlich","image":{"@type":"ImageObject","inLanguage":"de","@id":"https:\/\/secure.gravatar.com\/avatar\/de332640be3ed6dfba043afc9f0cf67943fba3256852b07fe117cd6a456a29f8?s=96&d=mm&r=g","url":"https:\/\/secure.gravatar.com\/avatar\/de332640be3ed6dfba043afc9f0cf67943fba3256852b07fe117cd6a456a29f8?s=96&d=mm&r=g","contentUrl":"https:\/\/secure.gravatar.com\/avatar\/de332640be3ed6dfba043afc9f0cf67943fba3256852b07fe117cd6a456a29f8?s=96&d=mm&r=g","caption":"Stefan N\u00e4hrlich"},"sameAs":["http:\/\/www.daserberoms.de"],"url":"https:\/\/naehrlich.de\/daserberoms\/author\/stefan-naehrlich\/"}]}},"_links":{"self":[{"href":"https:\/\/naehrlich.de\/daserberoms\/wp-json\/wp\/v2\/posts\/8441","targetHints":{"allow":["GET"]}}],"collection":[{"href":"https:\/\/naehrlich.de\/daserberoms\/wp-json\/wp\/v2\/posts"}],"about":[{"href":"https:\/\/naehrlich.de\/daserberoms\/wp-json\/wp\/v2\/types\/post"}],"author":[{"embeddable":true,"href":"https:\/\/naehrlich.de\/daserberoms\/wp-json\/wp\/v2\/users\/1"}],"replies":[{"embeddable":true,"href":"https:\/\/naehrlich.de\/daserberoms\/wp-json\/wp\/v2\/comments?post=8441"}],"version-history":[{"count":67,"href":"https:\/\/naehrlich.de\/daserberoms\/wp-json\/wp\/v2\/posts\/8441\/revisions"}],"predecessor-version":[{"id":10619,"href":"https:\/\/naehrlich.de\/daserberoms\/wp-json\/wp\/v2\/posts\/8441\/revisions\/10619"}],"wp:featuredmedia":[{"embeddable":true,"href":"https:\/\/naehrlich.de\/daserberoms\/wp-json\/wp\/v2\/media\/9121"}],"wp:attachment":[{"href":"https:\/\/naehrlich.de\/daserberoms\/wp-json\/wp\/v2\/media?parent=8441"}],"wp:term":[{"taxonomy":"category","embeddable":true,"href":"https:\/\/naehrlich.de\/daserberoms\/wp-json\/wp\/v2\/categories?post=8441"},{"taxonomy":"post_tag","embeddable":true,"href":"https:\/\/naehrlich.de\/daserberoms\/wp-json\/wp\/v2\/tags?post=8441"}],"curies":[{"name":"wp","href":"https:\/\/api.w.org\/{rel}","templated":true}]}}