{"id":8979,"date":"2019-01-19T08:55:25","date_gmt":"2019-01-19T07:55:25","guid":{"rendered":"https:\/\/naehrlich.de\/daserberoms\/?p=8979"},"modified":"2019-01-18T07:18:19","modified_gmt":"2019-01-18T06:18:19","slug":"alpenrand-in-roemerhand","status":"publish","type":"post","link":"https:\/\/naehrlich.de\/daserberoms\/2019\/01\/19\/alpenrand-in-roemerhand\/","title":{"rendered":"Alpenrand in R\u00f6merhand"},"content":{"rendered":"<p class=\"lead dropcap\">Versunkene Fernstra\u00dfen, gro\u00dfe M\u00e4nner aus kleinen Orten und die Tilgung des Andenkens an einen Kaiser begegnen dem Reisenden in die R\u00f6merzeit des bayerischen Alpenvorlandes. Eine Tour abseits der touristischen Hotspots.<\/p>\n<p>Mein Wochenendausflug 2018 zum <a href=\"https:\/\/naehrlich.de\/daserberoms\/2018\/09\/02\/cambodunum-das-roemerfest-in-kempten\/\">R\u00f6merfest in Kempten<\/a> nutze ich, um Spuren der r\u00f6mischen Herrschaft im bayerischen Alpenvorland zu suchen. <a href=\"https:\/\/www.alpenrand-in-roemerhand.de\" rel=\"noopener\" target=\"_blank\">Alpenrand in R\u00f6merhand<\/a> hei\u00dft eine Reihe verschiedener Stationen von Epfach bis Schwangau. Da der Forggensee wegen einer Reparatur am Staudamm dieses Jahr auch im Sommer kaum Wasser f\u00fchrt, hoffe ich etwas vom Verlauf des alten Stra\u00dfendammes zu sehen, auf dem die Via Claudia Augusta einst entlangf\u00fchrte. Meine erste Station ist der R\u00f6mische Rast- und Badeplatz&nbsp;&#8222;Mansio &#8211; rasten mit den R\u00f6mern&#8220; zwischen den Ortschaften Rieden und Ro\u00dfhaupten. Hier markieren Holzr\u00f6mer den Tourismuspfad zum Wandern und Radfahren. Die wenigen Urlauber m\u00fcssen weit in den See gehen, um ans Wasser zu kommen. Wo genau die r\u00f6mische Fernstra\u00dfe verlief kann ich nicht feststellen. Einige steinerne Wegweiser mit der Inschrift VIA k\u00f6nnen (moderne) Anhaltspunkte sein. <!--more--><\/p>\n[aesop_gallery id=&#8220;11518&#8243; revealfx=&#8220;off&#8220; overlay_revealfx=&#8220;off&#8220;]\n<p>Die Via Claudia Augusta war in der Antike die Hauptverkehrsader der Provinz R\u00e4tien und eine der wichtigsten Verbindungen von Oberitalien in die r\u00f6mischen Provinzen n\u00f6rdlich der Alpen. In Altenstadt, im Landkreis Weilheim-Schongau, hat die Gemeinde auf einigen Metern die Bauweise dieser R\u00f6merstra\u00dfe rekonstruiert. Ein kleines Denkmal und eine Informationstafel erinnern im gepflegten Park am Via Claudia-Platz an die r\u00f6mische Kaiserstra\u00dfe.<\/p>\n[aesop_gallery id=&#8220;11520&#8243; revealfx=&#8220;off&#8220; overlay_revealfx=&#8220;off&#8220;]\n<p>Dem wohl bekanntesten Bayern des r\u00f6mischen Reiches kann man in Epfach begegnen. Claudius Paternus Clementianus wurde hier geboren, als der Ort noch Abodiacum hie\u00df. Er lebte um 125 nach Chr. und als er in Abodiacum starb, hatte er eine eindrucksvolle Karriere in Milit\u00e4r und Verwaltung des Imperium Romanum hinter sich. Sie ist umso bemerkenswerter, als seine Eltern noch keine R\u00f6mer waren. Im kleinen Museum im ehemaligen Spritzenhaus der Feuerwehr gibt die Inschrift seines Grabdenkmals Auskunft \u00fcber den gro\u00dfen Mann aus dem kleinen Ort: <\/p>\n<p>\u201eClaudius Paternus Clementianus hat [den Bau dieses Grabdenkmals noch zu Lebzeiten f\u00fcr sich und die Seinen?] errichten lassen. Er (war zuletzt) kaiserlicher Statthalter (ritterlichen Ranges) der Provinzen Jud\u00e4a und (danach) Noricum. (Zuvor war er) Verwalter der kaiserlichen Provinzkassen von Sardinien und (danach) von Africa (proconsularis), (davor) Kommandeur des 500 Mann starken Reiterregiments (das sich nach seinem ersten Befehlshaber) Siliana (nennt, das) mit einem Ehrenring dekoriert (ist und dessen Soldaten einmal ehrenhalber) mit dem r\u00f6mischen B\u00fcrgerrecht ausgezeichnet (wurden), (zuvor war er) Adjutant (im ritterlichen Rang) der 11. Legion Claudia und (am Anfang seiner Laufbahn) Kommandeur der 1. Kohorte (die aus) Marinesoldaten (aufgestellt worden war)\u201c. <\/p>\n<p>Die \u00dcbersetzung der lateinischen Inschrift habe ich <a href=\"https:\/\/www2.rgzm.de\/Transformation\/Deutschland\/GrabbautenRaetia\/GrabbautenInRaetien.htm\" rel=\"noopener\" target=\"_blank\">hier<\/a> entnommen. Das Foto zeigt das Original der Marmorb\u00fcste von Paternus, die als Leihgabe aus dem Landesmuseum K\u00e4rnten in einer Ausstellung im \u00f6sterreichischen Villach gezeigt wurde. Im Epfacher Museum steht in einer Vitrine eine Kopie.<\/p>\n[aesop_gallery id=&#8220;11522&#8243; revealfx=&#8220;off&#8220; overlay_revealfx=&#8220;off&#8220;]\n<p>Kurz vor meinem n\u00e4chsten Ziel wird der Verkehr dichter und viele Reisebusse begegnen mir. Das liegt weniger an der Schwangauer Villa Rustica selbst, als vielmehr daran, dass sie in Nachbarschaft von Schloss Neuschwanstein liegt. Direkt neben der Tegelbergbahn-Talstation und in Sichtweite von Ludwigs M\u00e4rchenschloss befinden sich die Reste eines ausgedehnten r\u00f6mischen Gutshofes aus der Mitte des 2. Jahrhunderts. Mit ein bisschen Verrenkung finde ich eine Position, aus der sich ein sch\u00f6nes Foto der \u00dcberdachung der Ruinen vor der Bergkulisse schie\u00dfen l\u00e4sst. Die \u201eR\u00f6mervilla\u201c ist eigentlich die Thermenanlage des Gutshofes. Das Wohngeb\u00e4ude wurde beim Bau der Tegelbergbahn zwar freigelegt und wissenschaftlich ausgewertet, dann aber mit dem Hauptgeb\u00e4ude der Tegelbergbahn \u00fcberbaut. Die Fresken des Kaltbades wurden restauriert und sind seither in der Arch\u00e4ologischen Staatssammlung M\u00fcnchen zu sehen. Die hat leider seit 2016 wegen einer umfangreichen Generalsanierung geschlossen. Die Wiederer\u00f6ffnung des Museums ist f\u00fcr das Jahr 2021 oder sp\u00e4ter geplant.<\/p>\n<p>Da ich am Abreisetag etwas Zeit habe, mache noch einen kleinen Abstecher entlang der alten R\u00f6merstra\u00dfe von Kempten nach Bregenz am Bodensee. \u00dcber 400 Jahre lang spielte die Verbindung eine wichtige Rolle als Teilstrecke des r\u00f6mischen Fernstra\u00dfennetzes im Voralpengebiet. Sie diente als Handelsstra\u00dfe und erleichterte Truppenbewegungen und Kurierdienste. Wie bei allen Fernstra\u00dfen standen in regelm\u00e4\u00dfigen Abst\u00e4nden sogenannte Meilensteine, die die Entfernung zur n\u00e4chsten Siedlung angaben. Ein Meilenstein der R\u00f6merstra\u00dfe Kempten-Bregenz steht in der Ortsdurchfahrt von Wengen. Der Wengener Stein aus dem Jahr 201 tr\u00e4gt die folgende <a href=\"http:\/\/lupa.at\/7381\" rel=\"noopener\" target=\"_blank\">Inschrift<\/a>: <\/p>\n<p>&#8222;Der Imperator Caesar Lucius Septimius Severus Pius Pertinax Augustus, der Arabische, Adiabenische, der gr\u00f6\u00dfte Parthische, Oberpriester, im 9. Jahr seiner tribunizischen Gewalt, Imperator zum 12. Mal, Konsul zum 2. Mal, Vater des Vaterlandes, Prokonsul, und der Imperator Caesar Marcus Aurelius Antoninus Pius Augustus, im 4. Jahr seiner tribunizischen Gewalt, Prokonsul [und der Imperator Publius Septimius Geta Antoninus] haben die Stra\u00dfen und Br\u00fccken wiederherstellen lassen. Von Cambodunum 11.000 Doppelschritte (= 16,265 km).&#8220; <\/p>\n<p>Als Kaiser Caracalla (Caesar Marcus Aurelius Antoninus Pius Augustus) seinen Bruder und Mitregenten Geta im Dezember 211 ermorden lie\u00df, wurde dessen Name wenig sp\u00e4ter aus dem Meilenstein herausgemei\u00dfelt. Der nahe der Bushaltestelle aufgestellte Stein ist eine Nachbildung, die 1930 vom Heimatverein Kempten in Auftrag gegeben wurde. In der Allg\u00e4uer Zeitung gibt es davon ein <a href=\"https:\/\/www.all-in.de\/kempten-allgaeu\/c-lokales\/meilenstein-ins-blickfeld-ruecken_a872470\" rel=\"noopener\" target=\"_blank\">historisches Foto<\/a>. Das Original des Meilensteins steht heute im W\u00fcrttembergischen Landesmuseum Stuttgart.<\/p>\n[aesop_gallery id=&#8220;11527&#8243; revealfx=&#8220;off&#8220; overlay_revealfx=&#8220;off&#8220;]\n<p>Zum Schluss noch einige Bilder, die ich mit Aurora HDR 2017 nachbearbeitet habe. Das Bild vom Flughafen Berlin-Tegel auf dem ich Abends gelandet bin, habe ich schnell mit dem Smartphone gemacht. Die Aufl\u00f6sung ist eigentlich zu gering, die Stimmung auf dem abendlichen Airport kommt aber sehr sch\u00f6n zum Ausdruck.<\/p>\n[aesop_gallery id=&#8220;10843&#8243; revealfx=&#8220;off&#8220; overlay_revealfx=&#8220;off&#8220;]\n","protected":false},"excerpt":{"rendered":"<p>Versunkene Fernstra\u00dfen, gro\u00dfe M\u00e4nner aus kleinen Orten und die Tilgung des Andenkens an einen Kaiser begegnen dem Reisenden in die R\u00f6merzeit des bayerischen Alpenvorlandes. Eine Tour abseits der touristischen Hotspots. Mein Wochenendausflug 2018 zum R\u00f6merfest in Kempten nutze ich, um Spuren der r\u00f6mischen Herrschaft im bayerischen Alpenvorland zu suchen. Alpenrand in R\u00f6merhand hei\u00dft eine Reihe [&hellip;]<\/p>\n","protected":false},"author":1,"featured_media":8997,"comment_status":"open","ping_status":"open","sticky":false,"template":"","format":"standard","meta":{"footnotes":""},"categories":[16,15],"tags":[24,754,716,79,755,121,756,175,223,233,753,495],"class_list":["post-8979","post","type-post","status-publish","format-standard","has-post-thumbnail","hentry","category-alle-beitraege","category-raetien","tag-11-legion","tag-abodiacum","tag-cambodunum","tag-caracalla","tag-claudius-paternus-clementianus","tag-grabmal","tag-meilenstein","tag-museum","tag-septimius-severus","tag-strasen","tag-via-claudia-augusta","tag-villa-rustica"],"yoast_head":"<!-- This site is optimized with the Yoast SEO plugin v27.4 - https:\/\/yoast.com\/product\/yoast-seo-wordpress\/ -->\n<title>Alpenrand in R\u00f6merhand - DasErbeRoms - alterBlog<\/title>\n<meta name=\"robots\" content=\"index, follow, max-snippet:-1, max-image-preview:large, max-video-preview:-1\" \/>\n<link rel=\"canonical\" href=\"https:\/\/naehrlich.de\/daserberoms\/2019\/01\/19\/alpenrand-in-roemerhand\/\" \/>\n<meta property=\"og:locale\" content=\"de_DE\" \/>\n<meta property=\"og:type\" content=\"article\" \/>\n<meta property=\"og:title\" content=\"Alpenrand in R\u00f6merhand - DasErbeRoms - alterBlog\" \/>\n<meta property=\"og:description\" content=\"Versunkene Fernstra\u00dfen, gro\u00dfe M\u00e4nner aus kleinen Orten und die Tilgung des Andenkens an einen Kaiser begegnen dem Reisenden in die R\u00f6merzeit des bayerischen Alpenvorlandes. Eine Tour abseits der touristischen Hotspots. Mein Wochenendausflug 2018 zum R\u00f6merfest in Kempten nutze ich, um Spuren der r\u00f6mischen Herrschaft im bayerischen Alpenvorland zu suchen. Alpenrand in R\u00f6merhand hei\u00dft eine Reihe [&hellip;]\" \/>\n<meta property=\"og:url\" content=\"https:\/\/naehrlich.de\/daserberoms\/2019\/01\/19\/alpenrand-in-roemerhand\/\" \/>\n<meta property=\"og:site_name\" content=\"DasErbeRoms - alterBlog\" \/>\n<meta property=\"article:publisher\" content=\"http:\/\/www.facebook.com\/stefan.naehrlich\" \/>\n<meta property=\"article:published_time\" content=\"2019-01-19T07:55:25+00:00\" \/>\n<meta property=\"og:image\" content=\"https:\/\/naehrlich.de\/daserberoms\/wp-content\/uploads\/2018\/08\/VillaRusticaSchwangau.jpg\" \/>\n\t<meta property=\"og:image:width\" content=\"1840\" \/>\n\t<meta property=\"og:image:height\" content=\"840\" \/>\n\t<meta property=\"og:image:type\" content=\"image\/jpeg\" \/>\n<meta name=\"author\" content=\"Stefan N\u00e4hrlich\" \/>\n<meta name=\"twitter:card\" content=\"summary_large_image\" \/>\n<meta name=\"twitter:creator\" content=\"@DasErbeRoms\" \/>\n<meta name=\"twitter:site\" content=\"@DasErbeRoms\" \/>\n<meta name=\"twitter:label1\" content=\"Verfasst von\" \/>\n\t<meta name=\"twitter:data1\" content=\"Stefan N\u00e4hrlich\" \/>\n\t<meta name=\"twitter:label2\" content=\"Gesch\u00e4tzte Lesezeit\" \/>\n\t<meta name=\"twitter:data2\" content=\"5\u00a0Minuten\" \/>\n<script type=\"application\/ld+json\" class=\"yoast-schema-graph\">{\"@context\":\"https:\\\/\\\/schema.org\",\"@graph\":[{\"@type\":\"Article\",\"@id\":\"https:\\\/\\\/naehrlich.de\\\/daserberoms\\\/2019\\\/01\\\/19\\\/alpenrand-in-roemerhand\\\/#article\",\"isPartOf\":{\"@id\":\"https:\\\/\\\/naehrlich.de\\\/daserberoms\\\/2019\\\/01\\\/19\\\/alpenrand-in-roemerhand\\\/\"},\"author\":{\"name\":\"Stefan N\u00e4hrlich\",\"@id\":\"https:\\\/\\\/naehrlich.de\\\/daserberoms\\\/#\\\/schema\\\/person\\\/abf3183c35b9b7643636e6115f1354a7\"},\"headline\":\"Alpenrand in R\u00f6merhand\",\"datePublished\":\"2019-01-19T07:55:25+00:00\",\"mainEntityOfPage\":{\"@id\":\"https:\\\/\\\/naehrlich.de\\\/daserberoms\\\/2019\\\/01\\\/19\\\/alpenrand-in-roemerhand\\\/\"},\"wordCount\":964,\"commentCount\":0,\"image\":{\"@id\":\"https:\\\/\\\/naehrlich.de\\\/daserberoms\\\/2019\\\/01\\\/19\\\/alpenrand-in-roemerhand\\\/#primaryimage\"},\"thumbnailUrl\":\"https:\\\/\\\/naehrlich.de\\\/daserberoms\\\/wp-content\\\/uploads\\\/2018\\\/08\\\/VillaRusticaSchwangau.jpg\",\"keywords\":[\"11. Legion\",\"Abodiacum\",\"Cambodunum\",\"Caracalla\",\"Claudius Paternus Clementianus\",\"Grabmal\",\"Meilenstein\",\"Museum\",\"Septimius Severus\",\"Stra\u00dfen\",\"Via Claudia Augusta\",\"villa rustica\"],\"articleSection\":[\"Alle Beitr\u00e4ge\",\"Raetien\"],\"inLanguage\":\"de\",\"potentialAction\":[{\"@type\":\"CommentAction\",\"name\":\"Comment\",\"target\":[\"https:\\\/\\\/naehrlich.de\\\/daserberoms\\\/2019\\\/01\\\/19\\\/alpenrand-in-roemerhand\\\/#respond\"]}]},{\"@type\":\"WebPage\",\"@id\":\"https:\\\/\\\/naehrlich.de\\\/daserberoms\\\/2019\\\/01\\\/19\\\/alpenrand-in-roemerhand\\\/\",\"url\":\"https:\\\/\\\/naehrlich.de\\\/daserberoms\\\/2019\\\/01\\\/19\\\/alpenrand-in-roemerhand\\\/\",\"name\":\"Alpenrand in R\u00f6merhand - DasErbeRoms - alterBlog\",\"isPartOf\":{\"@id\":\"https:\\\/\\\/naehrlich.de\\\/daserberoms\\\/#website\"},\"primaryImageOfPage\":{\"@id\":\"https:\\\/\\\/naehrlich.de\\\/daserberoms\\\/2019\\\/01\\\/19\\\/alpenrand-in-roemerhand\\\/#primaryimage\"},\"image\":{\"@id\":\"https:\\\/\\\/naehrlich.de\\\/daserberoms\\\/2019\\\/01\\\/19\\\/alpenrand-in-roemerhand\\\/#primaryimage\"},\"thumbnailUrl\":\"https:\\\/\\\/naehrlich.de\\\/daserberoms\\\/wp-content\\\/uploads\\\/2018\\\/08\\\/VillaRusticaSchwangau.jpg\",\"datePublished\":\"2019-01-19T07:55:25+00:00\",\"author\":{\"@id\":\"https:\\\/\\\/naehrlich.de\\\/daserberoms\\\/#\\\/schema\\\/person\\\/abf3183c35b9b7643636e6115f1354a7\"},\"breadcrumb\":{\"@id\":\"https:\\\/\\\/naehrlich.de\\\/daserberoms\\\/2019\\\/01\\\/19\\\/alpenrand-in-roemerhand\\\/#breadcrumb\"},\"inLanguage\":\"de\",\"potentialAction\":[{\"@type\":\"ReadAction\",\"target\":[\"https:\\\/\\\/naehrlich.de\\\/daserberoms\\\/2019\\\/01\\\/19\\\/alpenrand-in-roemerhand\\\/\"]}]},{\"@type\":\"ImageObject\",\"inLanguage\":\"de\",\"@id\":\"https:\\\/\\\/naehrlich.de\\\/daserberoms\\\/2019\\\/01\\\/19\\\/alpenrand-in-roemerhand\\\/#primaryimage\",\"url\":\"https:\\\/\\\/naehrlich.de\\\/daserberoms\\\/wp-content\\\/uploads\\\/2018\\\/08\\\/VillaRusticaSchwangau.jpg\",\"contentUrl\":\"https:\\\/\\\/naehrlich.de\\\/daserberoms\\\/wp-content\\\/uploads\\\/2018\\\/08\\\/VillaRusticaSchwangau.jpg\",\"width\":1840,\"height\":840,\"caption\":\"Villa Rustica am Tegelberg in Schwangau im Allg\u00e4u\"},{\"@type\":\"BreadcrumbList\",\"@id\":\"https:\\\/\\\/naehrlich.de\\\/daserberoms\\\/2019\\\/01\\\/19\\\/alpenrand-in-roemerhand\\\/#breadcrumb\",\"itemListElement\":[{\"@type\":\"ListItem\",\"position\":1,\"name\":\"Startseite\",\"item\":\"https:\\\/\\\/naehrlich.de\\\/daserberoms\\\/\"},{\"@type\":\"ListItem\",\"position\":2,\"name\":\"Alpenrand in R\u00f6merhand\"}]},{\"@type\":\"WebSite\",\"@id\":\"https:\\\/\\\/naehrlich.de\\\/daserberoms\\\/#website\",\"url\":\"https:\\\/\\\/naehrlich.de\\\/daserberoms\\\/\",\"name\":\"DasErbeRoms - alterBlog\",\"description\":\"Reisen auf den Spuren der alten R\u00f6mer. Von weltbekannt bis unbekannt. Fotos und Texte. Und ab und an einige Buch- und Filmbesprechungen und KI-Experimente.\",\"potentialAction\":[{\"@type\":\"SearchAction\",\"target\":{\"@type\":\"EntryPoint\",\"urlTemplate\":\"https:\\\/\\\/naehrlich.de\\\/daserberoms\\\/?s={search_term_string}\"},\"query-input\":{\"@type\":\"PropertyValueSpecification\",\"valueRequired\":true,\"valueName\":\"search_term_string\"}}],\"inLanguage\":\"de\"},{\"@type\":\"Person\",\"@id\":\"https:\\\/\\\/naehrlich.de\\\/daserberoms\\\/#\\\/schema\\\/person\\\/abf3183c35b9b7643636e6115f1354a7\",\"name\":\"Stefan N\u00e4hrlich\",\"image\":{\"@type\":\"ImageObject\",\"inLanguage\":\"de\",\"@id\":\"https:\\\/\\\/secure.gravatar.com\\\/avatar\\\/de332640be3ed6dfba043afc9f0cf67943fba3256852b07fe117cd6a456a29f8?s=96&d=mm&r=g\",\"url\":\"https:\\\/\\\/secure.gravatar.com\\\/avatar\\\/de332640be3ed6dfba043afc9f0cf67943fba3256852b07fe117cd6a456a29f8?s=96&d=mm&r=g\",\"contentUrl\":\"https:\\\/\\\/secure.gravatar.com\\\/avatar\\\/de332640be3ed6dfba043afc9f0cf67943fba3256852b07fe117cd6a456a29f8?s=96&d=mm&r=g\",\"caption\":\"Stefan N\u00e4hrlich\"},\"sameAs\":[\"http:\\\/\\\/www.daserberoms.de\"],\"url\":\"https:\\\/\\\/naehrlich.de\\\/daserberoms\\\/author\\\/stefan-naehrlich\\\/\"}]}<\/script>\n<!-- \/ Yoast SEO plugin. -->","yoast_head_json":{"title":"Alpenrand in R\u00f6merhand - DasErbeRoms - alterBlog","robots":{"index":"index","follow":"follow","max-snippet":"max-snippet:-1","max-image-preview":"max-image-preview:large","max-video-preview":"max-video-preview:-1"},"canonical":"https:\/\/naehrlich.de\/daserberoms\/2019\/01\/19\/alpenrand-in-roemerhand\/","og_locale":"de_DE","og_type":"article","og_title":"Alpenrand in R\u00f6merhand - DasErbeRoms - alterBlog","og_description":"Versunkene Fernstra\u00dfen, gro\u00dfe M\u00e4nner aus kleinen Orten und die Tilgung des Andenkens an einen Kaiser begegnen dem Reisenden in die R\u00f6merzeit des bayerischen Alpenvorlandes. Eine Tour abseits der touristischen Hotspots. Mein Wochenendausflug 2018 zum R\u00f6merfest in Kempten nutze ich, um Spuren der r\u00f6mischen Herrschaft im bayerischen Alpenvorland zu suchen. Alpenrand in R\u00f6merhand hei\u00dft eine Reihe [&hellip;]","og_url":"https:\/\/naehrlich.de\/daserberoms\/2019\/01\/19\/alpenrand-in-roemerhand\/","og_site_name":"DasErbeRoms - alterBlog","article_publisher":"http:\/\/www.facebook.com\/stefan.naehrlich","article_published_time":"2019-01-19T07:55:25+00:00","og_image":[{"width":1840,"height":840,"url":"https:\/\/naehrlich.de\/daserberoms\/wp-content\/uploads\/2018\/08\/VillaRusticaSchwangau.jpg","type":"image\/jpeg"}],"author":"Stefan N\u00e4hrlich","twitter_card":"summary_large_image","twitter_creator":"@DasErbeRoms","twitter_site":"@DasErbeRoms","twitter_misc":{"Verfasst von":"Stefan N\u00e4hrlich","Gesch\u00e4tzte Lesezeit":"5\u00a0Minuten"},"schema":{"@context":"https:\/\/schema.org","@graph":[{"@type":"Article","@id":"https:\/\/naehrlich.de\/daserberoms\/2019\/01\/19\/alpenrand-in-roemerhand\/#article","isPartOf":{"@id":"https:\/\/naehrlich.de\/daserberoms\/2019\/01\/19\/alpenrand-in-roemerhand\/"},"author":{"name":"Stefan N\u00e4hrlich","@id":"https:\/\/naehrlich.de\/daserberoms\/#\/schema\/person\/abf3183c35b9b7643636e6115f1354a7"},"headline":"Alpenrand in R\u00f6merhand","datePublished":"2019-01-19T07:55:25+00:00","mainEntityOfPage":{"@id":"https:\/\/naehrlich.de\/daserberoms\/2019\/01\/19\/alpenrand-in-roemerhand\/"},"wordCount":964,"commentCount":0,"image":{"@id":"https:\/\/naehrlich.de\/daserberoms\/2019\/01\/19\/alpenrand-in-roemerhand\/#primaryimage"},"thumbnailUrl":"https:\/\/naehrlich.de\/daserberoms\/wp-content\/uploads\/2018\/08\/VillaRusticaSchwangau.jpg","keywords":["11. Legion","Abodiacum","Cambodunum","Caracalla","Claudius Paternus Clementianus","Grabmal","Meilenstein","Museum","Septimius Severus","Stra\u00dfen","Via Claudia Augusta","villa rustica"],"articleSection":["Alle Beitr\u00e4ge","Raetien"],"inLanguage":"de","potentialAction":[{"@type":"CommentAction","name":"Comment","target":["https:\/\/naehrlich.de\/daserberoms\/2019\/01\/19\/alpenrand-in-roemerhand\/#respond"]}]},{"@type":"WebPage","@id":"https:\/\/naehrlich.de\/daserberoms\/2019\/01\/19\/alpenrand-in-roemerhand\/","url":"https:\/\/naehrlich.de\/daserberoms\/2019\/01\/19\/alpenrand-in-roemerhand\/","name":"Alpenrand in R\u00f6merhand - DasErbeRoms - alterBlog","isPartOf":{"@id":"https:\/\/naehrlich.de\/daserberoms\/#website"},"primaryImageOfPage":{"@id":"https:\/\/naehrlich.de\/daserberoms\/2019\/01\/19\/alpenrand-in-roemerhand\/#primaryimage"},"image":{"@id":"https:\/\/naehrlich.de\/daserberoms\/2019\/01\/19\/alpenrand-in-roemerhand\/#primaryimage"},"thumbnailUrl":"https:\/\/naehrlich.de\/daserberoms\/wp-content\/uploads\/2018\/08\/VillaRusticaSchwangau.jpg","datePublished":"2019-01-19T07:55:25+00:00","author":{"@id":"https:\/\/naehrlich.de\/daserberoms\/#\/schema\/person\/abf3183c35b9b7643636e6115f1354a7"},"breadcrumb":{"@id":"https:\/\/naehrlich.de\/daserberoms\/2019\/01\/19\/alpenrand-in-roemerhand\/#breadcrumb"},"inLanguage":"de","potentialAction":[{"@type":"ReadAction","target":["https:\/\/naehrlich.de\/daserberoms\/2019\/01\/19\/alpenrand-in-roemerhand\/"]}]},{"@type":"ImageObject","inLanguage":"de","@id":"https:\/\/naehrlich.de\/daserberoms\/2019\/01\/19\/alpenrand-in-roemerhand\/#primaryimage","url":"https:\/\/naehrlich.de\/daserberoms\/wp-content\/uploads\/2018\/08\/VillaRusticaSchwangau.jpg","contentUrl":"https:\/\/naehrlich.de\/daserberoms\/wp-content\/uploads\/2018\/08\/VillaRusticaSchwangau.jpg","width":1840,"height":840,"caption":"Villa Rustica am Tegelberg in Schwangau im Allg\u00e4u"},{"@type":"BreadcrumbList","@id":"https:\/\/naehrlich.de\/daserberoms\/2019\/01\/19\/alpenrand-in-roemerhand\/#breadcrumb","itemListElement":[{"@type":"ListItem","position":1,"name":"Startseite","item":"https:\/\/naehrlich.de\/daserberoms\/"},{"@type":"ListItem","position":2,"name":"Alpenrand in R\u00f6merhand"}]},{"@type":"WebSite","@id":"https:\/\/naehrlich.de\/daserberoms\/#website","url":"https:\/\/naehrlich.de\/daserberoms\/","name":"DasErbeRoms - alterBlog","description":"Reisen auf den Spuren der alten R\u00f6mer. Von weltbekannt bis unbekannt. Fotos und Texte. Und ab und an einige Buch- und Filmbesprechungen und KI-Experimente.","potentialAction":[{"@type":"SearchAction","target":{"@type":"EntryPoint","urlTemplate":"https:\/\/naehrlich.de\/daserberoms\/?s={search_term_string}"},"query-input":{"@type":"PropertyValueSpecification","valueRequired":true,"valueName":"search_term_string"}}],"inLanguage":"de"},{"@type":"Person","@id":"https:\/\/naehrlich.de\/daserberoms\/#\/schema\/person\/abf3183c35b9b7643636e6115f1354a7","name":"Stefan N\u00e4hrlich","image":{"@type":"ImageObject","inLanguage":"de","@id":"https:\/\/secure.gravatar.com\/avatar\/de332640be3ed6dfba043afc9f0cf67943fba3256852b07fe117cd6a456a29f8?s=96&d=mm&r=g","url":"https:\/\/secure.gravatar.com\/avatar\/de332640be3ed6dfba043afc9f0cf67943fba3256852b07fe117cd6a456a29f8?s=96&d=mm&r=g","contentUrl":"https:\/\/secure.gravatar.com\/avatar\/de332640be3ed6dfba043afc9f0cf67943fba3256852b07fe117cd6a456a29f8?s=96&d=mm&r=g","caption":"Stefan N\u00e4hrlich"},"sameAs":["http:\/\/www.daserberoms.de"],"url":"https:\/\/naehrlich.de\/daserberoms\/author\/stefan-naehrlich\/"}]}},"_links":{"self":[{"href":"https:\/\/naehrlich.de\/daserberoms\/wp-json\/wp\/v2\/posts\/8979","targetHints":{"allow":["GET"]}}],"collection":[{"href":"https:\/\/naehrlich.de\/daserberoms\/wp-json\/wp\/v2\/posts"}],"about":[{"href":"https:\/\/naehrlich.de\/daserberoms\/wp-json\/wp\/v2\/types\/post"}],"author":[{"embeddable":true,"href":"https:\/\/naehrlich.de\/daserberoms\/wp-json\/wp\/v2\/users\/1"}],"replies":[{"embeddable":true,"href":"https:\/\/naehrlich.de\/daserberoms\/wp-json\/wp\/v2\/comments?post=8979"}],"version-history":[{"count":100,"href":"https:\/\/naehrlich.de\/daserberoms\/wp-json\/wp\/v2\/posts\/8979\/revisions"}],"predecessor-version":[{"id":11622,"href":"https:\/\/naehrlich.de\/daserberoms\/wp-json\/wp\/v2\/posts\/8979\/revisions\/11622"}],"wp:featuredmedia":[{"embeddable":true,"href":"https:\/\/naehrlich.de\/daserberoms\/wp-json\/wp\/v2\/media\/8997"}],"wp:attachment":[{"href":"https:\/\/naehrlich.de\/daserberoms\/wp-json\/wp\/v2\/media?parent=8979"}],"wp:term":[{"taxonomy":"category","embeddable":true,"href":"https:\/\/naehrlich.de\/daserberoms\/wp-json\/wp\/v2\/categories?post=8979"},{"taxonomy":"post_tag","embeddable":true,"href":"https:\/\/naehrlich.de\/daserberoms\/wp-json\/wp\/v2\/tags?post=8979"}],"curies":[{"name":"wp","href":"https:\/\/api.w.org\/{rel}","templated":true}]}}