{"id":8993,"date":"2018-09-02T10:22:35","date_gmt":"2018-09-02T08:22:35","guid":{"rendered":"https:\/\/naehrlich.de\/daserberoms\/?p=8993"},"modified":"2021-10-08T08:27:38","modified_gmt":"2021-10-08T06:27:38","slug":"cambodunum-das-roemerfest-in-kempten","status":"publish","type":"post","link":"https:\/\/naehrlich.de\/daserberoms\/2018\/09\/02\/cambodunum-das-roemerfest-in-kempten\/","title":{"rendered":"Cambodunum &#8211; das R\u00f6merfest in Kempten"},"content":{"rendered":"\n<p class=\"lead dropcap\">Kempten klingt wie campen, ist aber was anderes. Ein Wochenende aus den Spuren der R\u00f6mer im Alpenvorland. Cambodunum &#8211; das R\u00f6merfest in Kempten. <\/p>\n\n\n\n<p>Cambodunum &#8211; das R\u00f6merfest in Kempten im Allg\u00e4u ist das Ziel meines Wochenendtrips Anfang August. In Deutschland ist es gerade sehr hei\u00df. Morgens um halb sechs geht es los zum Flughafen Tegel, meine Stra\u00dfe liegt in friedlicher Ruhe da. Nach einer Stunde Flug, Becher Kaffee, kompaktem K\u00e4sebrot und kleiner T\u00fcte Wasser (Smart Tarif) landet die Eurowings-Maschine in Stuttgart. Kurz einkaufen, Mietwagen aus dem Parkhaus holen (P4, A0, Stra\u00dfe Rom ;-) und ab \u00fcber die A8 und A7 nach Kempten. Um halb elf komme ich an, an der Hotelrezeption werde ich gefragt, ob ich auschecken will. Nein, will ich nicht, einchecken geht aber noch nicht. Also gebe ich mein Gep\u00e4ck ab und lasse mir von der freundlichen Dame an der Rezeption erkl\u00e4ren, wie ich am besten zum Arch\u00e4ologischen Park komme. Ein kostenloser Shuttlebus f\u00e4hrt vom in der N\u00e4he liegenden Bahnhof ab. Los geht&#8217;s und 30min sp\u00e4ter bin ich da. Der Eintritt kostet 10 Euro. <\/p>\n\n\n\n\n\n<p>Die meisten Besucher dr\u00e4ngen sich gerade um die provisorische Sandarena und die dort k\u00e4mpfenden Gladiatoren. Die Stimmung kocht hoch, die Temperaturen auch. Es ist jetzt schon hei\u00df. Das R\u00f6merfest in Kempten ist eines der kleineren Veranstaltungen dieser Art. Klein, aber fein. Um 12.30 Uhr treten die bekannten Timetrotter als Reiter Roms an, in Kettenhemd und Helm. Wie es sich wohl unter der silbernen Gesichtsmaske anf\u00fchlt? Auch eines der Pferde tr\u00e4gt eine Art R\u00fcstung. Respekt. Was muss, das muss. Da haben es um 14.00 Uhr die Darsteller des St\u00fcckes &#8222;Spiele f\u00fcr den Kaiser&#8220; besser. Sie tragen Tunika und Toga. Da es dauert, bis der Kaiser bereit ist, verziehen sich die Legion\u00e4re der Leibwache erstmal in den Schatten. Im Sand wird noch mal der Ablauf skizziert, w\u00e4hrend das Publikum in der Sonne steht und wartet.  <\/p>\n\n\n\n\n\n\n\n<p>Dann kommt Kaiser Vespasian, klettert dort wo zu r\u00f6mischen Zeiten die Basilika stand auf ein Podium, gibt sich leutselig und lobt die Entwicklung Cambodunums. Dem antiken Vorbild entspricht er nur wenig, aber die ganze Geschichte ist ja ohnehin erfunden. Der echte Vespasian hatte zu der Zeit nach dem ersten Vierkaiserjahr gerade seine drei Konkurrenten beseitigt und war damit besch\u00e4ftigt, die von Kaiser <a href=\"https:\/\/naehrlich.de\/daserberoms\/2016\/08\/07\/nero-ausstellung\/\">Nero<\/a> ruinierten Staatsfinanzen zu sanieren. Der falsche Vespasian begibt sich wieder in seine falsche S\u00e4nfte (mit R\u00e4dern), die Legion\u00e4re seiner Leibwache bauen sich auf und bahnen sich ihren Weg durch das Publikum. Mein Magen knurrt und es wird Zeit, etwas zu essen und zu trinken. Statt lukanischer Wurst und Mulsum verlangt der Barbar in mir Bratwurst und Bier. Danach schaue ich mir die \u00dcberreste der Thermen an. In der Halle ist es etwas k\u00fchler und fast and\u00e4chtig still. Ganz anders als in der Antike, wie der r\u00f6mische Philosoph Seneca der J\u00fcngere aus dem Kur- und Badeort <a href=\"https:\/\/naehrlich.de\/daserberoms\/2017\/01\/17\/misenum-baiae\/\">Baiae<\/a> einem Freund schrieb: <\/p>\n\n\n\n\n\n<p>Auch die Ballspieler und Schwimmer, die H\u00e4ndler, die Verk\u00e4ufer und Kellner der umliegenden Tavernen bekommen in Senecas Brief noch ihr Fett weg. Welch schlimmes Schicksal. Ich gehe weiter und bei den \u00f6ffentlichen Latrinen der Themenanlage muss ich an Kaiser Vespasian denken. Die Redewendung \u201eGeld stinkt nicht\u201c geht auf die von ihm eingef\u00fchrte Latrinensteuer zur\u00fcck. Auf dem R\u00fcckweg kaufe ich mir ein Eis und schlendere an den St\u00e4nden der Handwerker und H\u00e4ndler, Darsteller und Schausteller vorbei. Am Stand des <a rel=\"noreferrer noopener\" href=\"https:\/\/www.facebook.com\/BallistariiCamboduno\/\" target=\"_blank\">Vereins Ballistarii Camboduno e.V.<\/a> kann man sich Nachbauten r\u00f6mischer Pfeilgesch\u00fctze erkl\u00e4ren lassen. Antike Spitzentechnologie. Gegen\u00fcber bruzzelt \u00fcber einem Lagerfeuer ein Spanferkel. Mahlzeit. <\/p>\n\n\n\n\n\n<p>Ich bummele weiter durch den arch\u00e4ologischen Park, der sowohl Park als auch arch\u00e4ologische Ausgrabungsst\u00e4tte ist. Am Augustus-Denkmal biege ich ab, vorbei an der Schaugrabung gehe ich in den gallo-r\u00f6mischen Tempelbezirk von Cambodunum. Dort stehen einige rekonstruierte Tempel. Laut Programmheft findet hier nachher eine r\u00f6mische Modenschau statt. Modische Favoriten bei den Besuchern des R\u00f6merfestes sind Cargo-Shorts und T-Shirts. Gerne auch mal mit Motiv wie &#8222;Volksfront von Jud\u00e4a&#8220;. <a href=\"https:\/\/naehrlich.de\/daserberoms\/2016\/03\/28\/das-leben-des-brian\/\">Das Leben des Brian<\/a> l\u00e4sst gr\u00fc\u00dfen. Ich bin gespannt, wie die Kleidung und Mode fr\u00fcher war. Im Tempelbezirk standen urspr\u00fcnglich 13 Tempel und heilige Bauwerke, die auf drei Seiten von einer S\u00e4ulenhalle umgeben waren. Die Tempel waren r\u00f6mischen G\u00f6ttern und haupts\u00e4chlich aus den gallischen Provinzen \u00fcbernommenen G\u00f6ttern geweiht. Jetzt findet hier eine Weiheszeremonie statt. Mit der Weihe wird der Schutz der G\u00f6tter erbeten. F\u00fcr eine Person, eine Gruppe oder einen Gegenstand. Die Zeremonie f\u00fchrt heute ein Familienoberhaupt, ein pater familias, durch. Die K\u00f6pfe aller Anwesenden sind bedeckt, der Pinienzapfen kokelt und qualmt. Als erster Gott wird <a href=\"https:\/\/naehrlich.de\/daserberoms\/2015\/02\/27\/gotter-stars-und-sternchen\/\">Jupiter<\/a> angerufen. Der Weihetext muss fehlerfrei vorgetragen werden, sonst funktioniert das nicht mit dem Schutz der G\u00f6tter. Solche Weihen gibt es heute auch noch. K\u00fcrzlich las ich von der Weihe eines neuen Feuerwehrfahrzeuges, mit der der Schutz des heiligen Florian f\u00fcr Fahrzeug und Besatzung erbeten wurde. Florian war im 3. Jahrhundert Offizier der r\u00f6mischen Armee und kam bei der Christenverfolgung unter Kaiser Diokletian um. <\/p>\n\n\n\n\n\n<p>Um 17.00 Uhr f\u00e4ngt die r\u00f6mische Modenschau an. Die veranstalten Mitglieder des <a href=\"https:\/\/www.raetici-romani.de\" target=\"_blank\" rel=\"noreferrer noopener\">Vereins Raetici Romani &#8211; Veterani Rapacis et Primigeniae<\/a> aus Osterburken und das machen sie richtig gut. Unterhaltsam und informativ erkl\u00e4rt die Sprecherin, wie verschiedene milit\u00e4rische und zivile Mitglieder einer kaiserlichen Provinzverwaltung aussahen und was Frauen in der Antike trugen und mitunter zu ertragen hatten.<\/p>\n\n\n\n<p>Das Publikum lernt eine Menge Adelige kennen. Wie den Legionslegaten, der zwei bis drei Jahre beim Milit\u00e4r abrei\u00dft, und dann, wenn kein Krieg dazwischenkommt, eine politische Laufbahn einschl\u00e4gt. Dann einen senatorischen Tribun, einen jungen Mann um die 20 Jahre alt. In den Augen der Legion\u00e4re ein Mann ohne milit\u00e4rische Erfahrung und milit\u00e4rischen Nutzen. Ganz anders der Lagerpr\u00e4fekt, der sich aus dem Mannschaftsdienstgrad hochgearbeitet hat, als Centurio eine Hundertschaft befehligte und nach vielen Dienstjahren zum rangh\u00f6chsten Centurio der Legion, dem Primus Pilus aufstieg. Jetzt steht er vor der letzten Verwendung seiner Karriere und wurde in den Ritterstand aufgenommen. Ein ebenso verdienter Soldat ist der Vexillarius. Er tr\u00e4gt das Feldzeichen der Legion, bekommt mehr Sold als die einfachen Legion\u00e4re und ist vom normalen Dienst befreit. An der Ausr\u00fcstung des folgenden Legion\u00e4rs erkennt man, dass er zu Zeiten der R\u00f6mischen Republik und nach der Heeresreform des Konsuls Gaius Marius dient. Er ist Berufssoldat, die Ausr\u00fcstung stellt der r\u00f6mische Staat. Sein Gep\u00e4ck muss er selber tragen, weshalb man ihn und seine Kameraden Marius Mulis nennt. Schlie\u00dflich kommt der Provinzstatthalter. Als Angeh\u00f6riger des Senatorenstandes tr\u00e4gt er eine mit einem breiten Purpursaum versehene Toga. Seine Begleiter und Besch\u00fctzer sind die Liktoren. Sie tragen Rutenb\u00fcndel mit einem Beil darin, das man fasces nennt. Die italienischen Faschisten haben das Liktorenb\u00fcndel als Symbol verwendet. Ebenso findet es sich im Siegel des Senats der Vereinigten Staaten, im Wappen des Kantons St. Gallen und dem Gemeindewappen von \u00dchlingen-Birkendorf in Baden-W\u00fcrttemberg. Vielleicht kommt bei \u201eWer wird Million\u00e4r&#8220; ja einmal die Frage, was haben der US-Senat, der Kanton St. Gallen und die Gemeinde \u00dchlingen-Birkendorf gemeinsam?<\/p>\n\n\n\n\n\n<p>Aber nicht nur M\u00e4nner der r\u00f6mischen Antike werden vorgestellt, auch Frauen. Die r\u00f6mische Frau war nicht gleichberechtigt, aber vielfach besser gestellt als in sp\u00e4teren Jahrhunderten. Erwartet wurde gemeinhin, dass sich Frauen auf Haus und Kinder konzentrieren. Das war aber auch schon seinerzeit nicht f\u00fcr alle Frauen der passende Lebensentwurf. Frauen nahmen am \u00f6ffentlichen Leben teil, gingen einem Beruf z.B. als \u00c4rztinnen und Hebammen nach oder waren Unternehmerinnen. Aus der Hafenstadt <a href=\"https:\/\/naehrlich.de\/daserberoms\/2012\/10\/17\/ostia\/\">Ostia<\/a> sind Inhaberinnen von Manufakturen, H\u00e4ndlerinnen und Gastwirtinnen bekannt. Sobald die v\u00e4terliche Herrschaftsmacht endete, konnten Frauen ohne Vormund erben und vererben, sich scheiden lassen und Gesch\u00e4fte betreiben. Am politischen Leben nahmen Frauen vor 2000 Jahren nicht teil, sie durften weder w\u00e4hlen noch gew\u00e4hlt werden. Diese Rechte bekamen sie weltweit erstmals vor etwa 200 Jahren, in Deutschland vor 100 Jahren. Die Darstellerin der r\u00f6mischen Braut schaut, wie r\u00f6mische Br\u00e4ute wohl oft geschaut haben: nicht besonders gl\u00fccklich. \u00dcblicherweise wurden in der r\u00f6mischen Oberschicht die T\u00f6chter im Alter von 13 oder 14 Jahren verheiratet, um eine politische oder gesch\u00e4ftliche Verbindung mit der Familie des Schwiegersohnes einzugehen. Eine weitere Darstellerin verk\u00f6rpert Livia Drusilla, die Ehefrau <a href=\"https:\/\/naehrlich.de\/daserberoms\/2017\/05\/21\/ara-pacis-augustae\/\">Kaiser Augustus<\/a>. Sie war der zeitgen\u00f6ssische Gegenentwurf zur mond\u00e4nen \u00e4gyptischen K\u00f6nigin Kleopatra, die mit Augustus Widersacher <a href=\"https:\/\/naehrlich.de\/daserberoms\/2005\/11\/17\/markus-antonius-und-cleopatra\/\">Marcus Antonius<\/a> verb\u00fcndet und seine Geliebte war. Livia gab nun den neuen Dresscode f\u00fcr die Frauen der r\u00f6mischen High Society vor. Keine kostbaren, durchscheinende Stoffe mehr, sondern ein schlichtes, \u00e4rmelloses Kleid. Am besten selbstgesponnenen aus r\u00f6mischer Wolle. Nat\u00fcrlich auch kein \u00fcppiger Schmuck. Dabei war <a href=\"https:\/\/naehrlich.de\/daserberoms\/2021\/07\/25\/livia-drusilla-der-kluegste-mann-in-rom-serie-domina\/\">Livia Drusilla<\/a> kein Heimchen am Herd. Der tugendhafte Stil war Teil des moralische Erneuerungsprogrammes Kaiser Augustus. Mehr Symbolik als Realit\u00e4t. Und sp\u00e4ter wurde der Luxus auch wieder \u00f6ffentlich zur Schau gestellt.<\/p>\n\n\n\n<p>Mit neuen Bildern und Gedanken \u00fcber die alten R\u00f6mer und R\u00f6merinnen fahre ich mit dem Shuttlebus ins Hotel, checke ein und genie\u00dfe die Klimaanlage. Das war Cambodunum &#8211; das R\u00f6merfest in Kempten. Am Sonntag will ich eine Tour durch das <a href=\"https:\/\/naehrlich.de\/daserberoms\/2019\/01\/19\/alpenrand-in-roemerhand\/\">r\u00f6mische Alpenvorland<\/a> machen.<\/p>\n","protected":false},"excerpt":{"rendered":"<p>Kempten klingt wie campen, ist aber was anderes. Ein Wochenende aus den Spuren der R\u00f6mer im Alpenvorland. Cambodunum &#8211; das R\u00f6merfest in Kempten. Cambodunum &#8211; das R\u00f6merfest in Kempten im Allg\u00e4u ist das Ziel meines Wochenendtrips Anfang August. In Deutschland ist es gerade sehr hei\u00df. Morgens um halb sechs geht es los zum Flughafen Tegel, [&hellip;]<\/p>\n","protected":false},"author":1,"featured_media":8996,"comment_status":"open","ping_status":"open","sticky":false,"template":"","format":"standard","meta":{"footnotes":""},"categories":[16,15],"tags":[23,313,716,640,721,117,718,639,722,208,222,723,717,720,237,239,724,719,395,266],"class_list":["post-8993","post","type-post","status-publish","format-standard","has-post-thumbnail","hentry","category-alle-beitraege","category-raetien","tag-10-legion","tag-archaeologischer-park","tag-cambodunum","tag-centurio","tag-frauen","tag-gladiatoren","tag-legat","tag-legionaer","tag-liktoren","tag-rekonstruktionen","tag-seneca-der-jungere","tag-sklaven","tag-st-florian","tag-statthalter","tag-tempel","tag-thermen","tag-tiberius-claudius-satto","tag-tribun","tag-vespasian","tag-weihealtar"],"yoast_head":"<!-- This site is optimized with the Yoast SEO plugin v27.4 - https:\/\/yoast.com\/product\/yoast-seo-wordpress\/ -->\n<title>Cambodunum - das R\u00f6merfest in Kempten - DasErbeRoms - alterBlog<\/title>\n<meta name=\"description\" content=\"Cambodunum - das R\u00f6merfest in Kempten im Allg\u00e4u ist das Ziel meines Wochenendtrips Anfang August. Hier ist mein Bericht mit einigen Fotos.\" \/>\n<meta name=\"robots\" content=\"index, follow, max-snippet:-1, max-image-preview:large, max-video-preview:-1\" \/>\n<link rel=\"canonical\" href=\"https:\/\/naehrlich.de\/daserberoms\/2018\/09\/02\/cambodunum-das-roemerfest-in-kempten\/\" \/>\n<meta property=\"og:locale\" content=\"de_DE\" \/>\n<meta property=\"og:type\" content=\"article\" \/>\n<meta property=\"og:title\" content=\"Cambodunum - das R\u00f6merfest in Kempten - DasErbeRoms - alterBlog\" \/>\n<meta property=\"og:description\" content=\"Cambodunum - das R\u00f6merfest in Kempten im Allg\u00e4u ist das Ziel meines Wochenendtrips Anfang August. Hier ist mein Bericht mit einigen Fotos.\" \/>\n<meta property=\"og:url\" content=\"https:\/\/naehrlich.de\/daserberoms\/2018\/09\/02\/cambodunum-das-roemerfest-in-kempten\/\" \/>\n<meta property=\"og:site_name\" content=\"DasErbeRoms - alterBlog\" \/>\n<meta property=\"article:publisher\" content=\"http:\/\/www.facebook.com\/stefan.naehrlich\" \/>\n<meta property=\"article:published_time\" content=\"2018-09-02T08:22:35+00:00\" \/>\n<meta property=\"article:modified_time\" content=\"2021-10-08T06:27:38+00:00\" \/>\n<meta property=\"og:image\" content=\"https:\/\/naehrlich.de\/daserberoms\/wp-content\/uploads\/2018\/08\/cambodunumweihezeremonie.jpg\" \/>\n\t<meta property=\"og:image:width\" content=\"1840\" \/>\n\t<meta property=\"og:image:height\" content=\"840\" \/>\n\t<meta property=\"og:image:type\" content=\"image\/jpeg\" \/>\n<meta name=\"author\" content=\"Stefan N\u00e4hrlich\" \/>\n<meta name=\"twitter:card\" content=\"summary_large_image\" \/>\n<meta name=\"twitter:creator\" content=\"@DasErbeRoms\" \/>\n<meta name=\"twitter:site\" content=\"@DasErbeRoms\" \/>\n<meta name=\"twitter:label1\" content=\"Verfasst von\" \/>\n\t<meta name=\"twitter:data1\" content=\"Stefan N\u00e4hrlich\" \/>\n\t<meta name=\"twitter:label2\" content=\"Gesch\u00e4tzte Lesezeit\" \/>\n\t<meta name=\"twitter:data2\" content=\"7\u00a0Minuten\" \/>\n<script type=\"application\/ld+json\" class=\"yoast-schema-graph\">{\"@context\":\"https:\\\/\\\/schema.org\",\"@graph\":[{\"@type\":\"Article\",\"@id\":\"https:\\\/\\\/naehrlich.de\\\/daserberoms\\\/2018\\\/09\\\/02\\\/cambodunum-das-roemerfest-in-kempten\\\/#article\",\"isPartOf\":{\"@id\":\"https:\\\/\\\/naehrlich.de\\\/daserberoms\\\/2018\\\/09\\\/02\\\/cambodunum-das-roemerfest-in-kempten\\\/\"},\"author\":{\"name\":\"Stefan N\u00e4hrlich\",\"@id\":\"https:\\\/\\\/naehrlich.de\\\/daserberoms\\\/#\\\/schema\\\/person\\\/abf3183c35b9b7643636e6115f1354a7\"},\"headline\":\"Cambodunum &#8211; das R\u00f6merfest in Kempten\",\"datePublished\":\"2018-09-02T08:22:35+00:00\",\"dateModified\":\"2021-10-08T06:27:38+00:00\",\"mainEntityOfPage\":{\"@id\":\"https:\\\/\\\/naehrlich.de\\\/daserberoms\\\/2018\\\/09\\\/02\\\/cambodunum-das-roemerfest-in-kempten\\\/\"},\"wordCount\":1557,\"commentCount\":0,\"image\":{\"@id\":\"https:\\\/\\\/naehrlich.de\\\/daserberoms\\\/2018\\\/09\\\/02\\\/cambodunum-das-roemerfest-in-kempten\\\/#primaryimage\"},\"thumbnailUrl\":\"https:\\\/\\\/naehrlich.de\\\/daserberoms\\\/wp-content\\\/uploads\\\/2018\\\/08\\\/cambodunumweihezeremonie.jpg\",\"keywords\":[\"10. Legion\",\"Arch\u00e4ologischer Park\",\"Cambodunum\",\"Centurio\",\"Frauen\",\"Gladiatoren\",\"Legat\",\"Legion\u00e4r\",\"Liktoren\",\"Rekonstruktionen\",\"Seneca der J\u00fcngere\",\"Sklaven\",\"St. Florian\",\"Statthalter\",\"Tempel\",\"Thermen\",\"Tiberius Claudius Satto\",\"Tribun\",\"Vespasian\",\"Weihealtar\"],\"articleSection\":[\"Alle Beitr\u00e4ge\",\"Raetien\"],\"inLanguage\":\"de\",\"potentialAction\":[{\"@type\":\"CommentAction\",\"name\":\"Comment\",\"target\":[\"https:\\\/\\\/naehrlich.de\\\/daserberoms\\\/2018\\\/09\\\/02\\\/cambodunum-das-roemerfest-in-kempten\\\/#respond\"]}]},{\"@type\":\"WebPage\",\"@id\":\"https:\\\/\\\/naehrlich.de\\\/daserberoms\\\/2018\\\/09\\\/02\\\/cambodunum-das-roemerfest-in-kempten\\\/\",\"url\":\"https:\\\/\\\/naehrlich.de\\\/daserberoms\\\/2018\\\/09\\\/02\\\/cambodunum-das-roemerfest-in-kempten\\\/\",\"name\":\"Cambodunum - das R\u00f6merfest in Kempten - DasErbeRoms - alterBlog\",\"isPartOf\":{\"@id\":\"https:\\\/\\\/naehrlich.de\\\/daserberoms\\\/#website\"},\"primaryImageOfPage\":{\"@id\":\"https:\\\/\\\/naehrlich.de\\\/daserberoms\\\/2018\\\/09\\\/02\\\/cambodunum-das-roemerfest-in-kempten\\\/#primaryimage\"},\"image\":{\"@id\":\"https:\\\/\\\/naehrlich.de\\\/daserberoms\\\/2018\\\/09\\\/02\\\/cambodunum-das-roemerfest-in-kempten\\\/#primaryimage\"},\"thumbnailUrl\":\"https:\\\/\\\/naehrlich.de\\\/daserberoms\\\/wp-content\\\/uploads\\\/2018\\\/08\\\/cambodunumweihezeremonie.jpg\",\"datePublished\":\"2018-09-02T08:22:35+00:00\",\"dateModified\":\"2021-10-08T06:27:38+00:00\",\"author\":{\"@id\":\"https:\\\/\\\/naehrlich.de\\\/daserberoms\\\/#\\\/schema\\\/person\\\/abf3183c35b9b7643636e6115f1354a7\"},\"description\":\"Cambodunum - das R\u00f6merfest in Kempten im Allg\u00e4u ist das Ziel meines Wochenendtrips Anfang August. Hier ist mein Bericht mit einigen Fotos.\",\"breadcrumb\":{\"@id\":\"https:\\\/\\\/naehrlich.de\\\/daserberoms\\\/2018\\\/09\\\/02\\\/cambodunum-das-roemerfest-in-kempten\\\/#breadcrumb\"},\"inLanguage\":\"de\",\"potentialAction\":[{\"@type\":\"ReadAction\",\"target\":[\"https:\\\/\\\/naehrlich.de\\\/daserberoms\\\/2018\\\/09\\\/02\\\/cambodunum-das-roemerfest-in-kempten\\\/\"]}]},{\"@type\":\"ImageObject\",\"inLanguage\":\"de\",\"@id\":\"https:\\\/\\\/naehrlich.de\\\/daserberoms\\\/2018\\\/09\\\/02\\\/cambodunum-das-roemerfest-in-kempten\\\/#primaryimage\",\"url\":\"https:\\\/\\\/naehrlich.de\\\/daserberoms\\\/wp-content\\\/uploads\\\/2018\\\/08\\\/cambodunumweihezeremonie.jpg\",\"contentUrl\":\"https:\\\/\\\/naehrlich.de\\\/daserberoms\\\/wp-content\\\/uploads\\\/2018\\\/08\\\/cambodunumweihezeremonie.jpg\",\"width\":1840,\"height\":840,\"caption\":\"Beim R\u00f6merfest im Arch\u00e4ologischen Park Cambodunum in Kempten\"},{\"@type\":\"BreadcrumbList\",\"@id\":\"https:\\\/\\\/naehrlich.de\\\/daserberoms\\\/2018\\\/09\\\/02\\\/cambodunum-das-roemerfest-in-kempten\\\/#breadcrumb\",\"itemListElement\":[{\"@type\":\"ListItem\",\"position\":1,\"name\":\"Startseite\",\"item\":\"https:\\\/\\\/naehrlich.de\\\/daserberoms\\\/\"},{\"@type\":\"ListItem\",\"position\":2,\"name\":\"Cambodunum &#8211; das R\u00f6merfest in Kempten\"}]},{\"@type\":\"WebSite\",\"@id\":\"https:\\\/\\\/naehrlich.de\\\/daserberoms\\\/#website\",\"url\":\"https:\\\/\\\/naehrlich.de\\\/daserberoms\\\/\",\"name\":\"DasErbeRoms - alterBlog\",\"description\":\"Reisen auf den Spuren der alten R\u00f6mer. Von weltbekannt bis unbekannt. Fotos und Texte. Und ab und an einige Buch- und Filmbesprechungen und KI-Experimente.\",\"potentialAction\":[{\"@type\":\"SearchAction\",\"target\":{\"@type\":\"EntryPoint\",\"urlTemplate\":\"https:\\\/\\\/naehrlich.de\\\/daserberoms\\\/?s={search_term_string}\"},\"query-input\":{\"@type\":\"PropertyValueSpecification\",\"valueRequired\":true,\"valueName\":\"search_term_string\"}}],\"inLanguage\":\"de\"},{\"@type\":\"Person\",\"@id\":\"https:\\\/\\\/naehrlich.de\\\/daserberoms\\\/#\\\/schema\\\/person\\\/abf3183c35b9b7643636e6115f1354a7\",\"name\":\"Stefan N\u00e4hrlich\",\"image\":{\"@type\":\"ImageObject\",\"inLanguage\":\"de\",\"@id\":\"https:\\\/\\\/secure.gravatar.com\\\/avatar\\\/de332640be3ed6dfba043afc9f0cf67943fba3256852b07fe117cd6a456a29f8?s=96&d=mm&r=g\",\"url\":\"https:\\\/\\\/secure.gravatar.com\\\/avatar\\\/de332640be3ed6dfba043afc9f0cf67943fba3256852b07fe117cd6a456a29f8?s=96&d=mm&r=g\",\"contentUrl\":\"https:\\\/\\\/secure.gravatar.com\\\/avatar\\\/de332640be3ed6dfba043afc9f0cf67943fba3256852b07fe117cd6a456a29f8?s=96&d=mm&r=g\",\"caption\":\"Stefan N\u00e4hrlich\"},\"sameAs\":[\"http:\\\/\\\/www.daserberoms.de\"],\"url\":\"https:\\\/\\\/naehrlich.de\\\/daserberoms\\\/author\\\/stefan-naehrlich\\\/\"}]}<\/script>\n<!-- \/ Yoast SEO plugin. -->","yoast_head_json":{"title":"Cambodunum - das R\u00f6merfest in Kempten - DasErbeRoms - alterBlog","description":"Cambodunum - das R\u00f6merfest in Kempten im Allg\u00e4u ist das Ziel meines Wochenendtrips Anfang August. Hier ist mein Bericht mit einigen Fotos.","robots":{"index":"index","follow":"follow","max-snippet":"max-snippet:-1","max-image-preview":"max-image-preview:large","max-video-preview":"max-video-preview:-1"},"canonical":"https:\/\/naehrlich.de\/daserberoms\/2018\/09\/02\/cambodunum-das-roemerfest-in-kempten\/","og_locale":"de_DE","og_type":"article","og_title":"Cambodunum - das R\u00f6merfest in Kempten - DasErbeRoms - alterBlog","og_description":"Cambodunum - das R\u00f6merfest in Kempten im Allg\u00e4u ist das Ziel meines Wochenendtrips Anfang August. Hier ist mein Bericht mit einigen Fotos.","og_url":"https:\/\/naehrlich.de\/daserberoms\/2018\/09\/02\/cambodunum-das-roemerfest-in-kempten\/","og_site_name":"DasErbeRoms - alterBlog","article_publisher":"http:\/\/www.facebook.com\/stefan.naehrlich","article_published_time":"2018-09-02T08:22:35+00:00","article_modified_time":"2021-10-08T06:27:38+00:00","og_image":[{"width":1840,"height":840,"url":"https:\/\/naehrlich.de\/daserberoms\/wp-content\/uploads\/2018\/08\/cambodunumweihezeremonie.jpg","type":"image\/jpeg"}],"author":"Stefan N\u00e4hrlich","twitter_card":"summary_large_image","twitter_creator":"@DasErbeRoms","twitter_site":"@DasErbeRoms","twitter_misc":{"Verfasst von":"Stefan N\u00e4hrlich","Gesch\u00e4tzte Lesezeit":"7\u00a0Minuten"},"schema":{"@context":"https:\/\/schema.org","@graph":[{"@type":"Article","@id":"https:\/\/naehrlich.de\/daserberoms\/2018\/09\/02\/cambodunum-das-roemerfest-in-kempten\/#article","isPartOf":{"@id":"https:\/\/naehrlich.de\/daserberoms\/2018\/09\/02\/cambodunum-das-roemerfest-in-kempten\/"},"author":{"name":"Stefan N\u00e4hrlich","@id":"https:\/\/naehrlich.de\/daserberoms\/#\/schema\/person\/abf3183c35b9b7643636e6115f1354a7"},"headline":"Cambodunum &#8211; das R\u00f6merfest in Kempten","datePublished":"2018-09-02T08:22:35+00:00","dateModified":"2021-10-08T06:27:38+00:00","mainEntityOfPage":{"@id":"https:\/\/naehrlich.de\/daserberoms\/2018\/09\/02\/cambodunum-das-roemerfest-in-kempten\/"},"wordCount":1557,"commentCount":0,"image":{"@id":"https:\/\/naehrlich.de\/daserberoms\/2018\/09\/02\/cambodunum-das-roemerfest-in-kempten\/#primaryimage"},"thumbnailUrl":"https:\/\/naehrlich.de\/daserberoms\/wp-content\/uploads\/2018\/08\/cambodunumweihezeremonie.jpg","keywords":["10. Legion","Arch\u00e4ologischer Park","Cambodunum","Centurio","Frauen","Gladiatoren","Legat","Legion\u00e4r","Liktoren","Rekonstruktionen","Seneca der J\u00fcngere","Sklaven","St. Florian","Statthalter","Tempel","Thermen","Tiberius Claudius Satto","Tribun","Vespasian","Weihealtar"],"articleSection":["Alle Beitr\u00e4ge","Raetien"],"inLanguage":"de","potentialAction":[{"@type":"CommentAction","name":"Comment","target":["https:\/\/naehrlich.de\/daserberoms\/2018\/09\/02\/cambodunum-das-roemerfest-in-kempten\/#respond"]}]},{"@type":"WebPage","@id":"https:\/\/naehrlich.de\/daserberoms\/2018\/09\/02\/cambodunum-das-roemerfest-in-kempten\/","url":"https:\/\/naehrlich.de\/daserberoms\/2018\/09\/02\/cambodunum-das-roemerfest-in-kempten\/","name":"Cambodunum - das R\u00f6merfest in Kempten - DasErbeRoms - alterBlog","isPartOf":{"@id":"https:\/\/naehrlich.de\/daserberoms\/#website"},"primaryImageOfPage":{"@id":"https:\/\/naehrlich.de\/daserberoms\/2018\/09\/02\/cambodunum-das-roemerfest-in-kempten\/#primaryimage"},"image":{"@id":"https:\/\/naehrlich.de\/daserberoms\/2018\/09\/02\/cambodunum-das-roemerfest-in-kempten\/#primaryimage"},"thumbnailUrl":"https:\/\/naehrlich.de\/daserberoms\/wp-content\/uploads\/2018\/08\/cambodunumweihezeremonie.jpg","datePublished":"2018-09-02T08:22:35+00:00","dateModified":"2021-10-08T06:27:38+00:00","author":{"@id":"https:\/\/naehrlich.de\/daserberoms\/#\/schema\/person\/abf3183c35b9b7643636e6115f1354a7"},"description":"Cambodunum - das R\u00f6merfest in Kempten im Allg\u00e4u ist das Ziel meines Wochenendtrips Anfang August. Hier ist mein Bericht mit einigen Fotos.","breadcrumb":{"@id":"https:\/\/naehrlich.de\/daserberoms\/2018\/09\/02\/cambodunum-das-roemerfest-in-kempten\/#breadcrumb"},"inLanguage":"de","potentialAction":[{"@type":"ReadAction","target":["https:\/\/naehrlich.de\/daserberoms\/2018\/09\/02\/cambodunum-das-roemerfest-in-kempten\/"]}]},{"@type":"ImageObject","inLanguage":"de","@id":"https:\/\/naehrlich.de\/daserberoms\/2018\/09\/02\/cambodunum-das-roemerfest-in-kempten\/#primaryimage","url":"https:\/\/naehrlich.de\/daserberoms\/wp-content\/uploads\/2018\/08\/cambodunumweihezeremonie.jpg","contentUrl":"https:\/\/naehrlich.de\/daserberoms\/wp-content\/uploads\/2018\/08\/cambodunumweihezeremonie.jpg","width":1840,"height":840,"caption":"Beim R\u00f6merfest im Arch\u00e4ologischen Park Cambodunum in Kempten"},{"@type":"BreadcrumbList","@id":"https:\/\/naehrlich.de\/daserberoms\/2018\/09\/02\/cambodunum-das-roemerfest-in-kempten\/#breadcrumb","itemListElement":[{"@type":"ListItem","position":1,"name":"Startseite","item":"https:\/\/naehrlich.de\/daserberoms\/"},{"@type":"ListItem","position":2,"name":"Cambodunum &#8211; das R\u00f6merfest in Kempten"}]},{"@type":"WebSite","@id":"https:\/\/naehrlich.de\/daserberoms\/#website","url":"https:\/\/naehrlich.de\/daserberoms\/","name":"DasErbeRoms - alterBlog","description":"Reisen auf den Spuren der alten R\u00f6mer. Von weltbekannt bis unbekannt. Fotos und Texte. Und ab und an einige Buch- und Filmbesprechungen und KI-Experimente.","potentialAction":[{"@type":"SearchAction","target":{"@type":"EntryPoint","urlTemplate":"https:\/\/naehrlich.de\/daserberoms\/?s={search_term_string}"},"query-input":{"@type":"PropertyValueSpecification","valueRequired":true,"valueName":"search_term_string"}}],"inLanguage":"de"},{"@type":"Person","@id":"https:\/\/naehrlich.de\/daserberoms\/#\/schema\/person\/abf3183c35b9b7643636e6115f1354a7","name":"Stefan N\u00e4hrlich","image":{"@type":"ImageObject","inLanguage":"de","@id":"https:\/\/secure.gravatar.com\/avatar\/de332640be3ed6dfba043afc9f0cf67943fba3256852b07fe117cd6a456a29f8?s=96&d=mm&r=g","url":"https:\/\/secure.gravatar.com\/avatar\/de332640be3ed6dfba043afc9f0cf67943fba3256852b07fe117cd6a456a29f8?s=96&d=mm&r=g","contentUrl":"https:\/\/secure.gravatar.com\/avatar\/de332640be3ed6dfba043afc9f0cf67943fba3256852b07fe117cd6a456a29f8?s=96&d=mm&r=g","caption":"Stefan N\u00e4hrlich"},"sameAs":["http:\/\/www.daserberoms.de"],"url":"https:\/\/naehrlich.de\/daserberoms\/author\/stefan-naehrlich\/"}]}},"_links":{"self":[{"href":"https:\/\/naehrlich.de\/daserberoms\/wp-json\/wp\/v2\/posts\/8993","targetHints":{"allow":["GET"]}}],"collection":[{"href":"https:\/\/naehrlich.de\/daserberoms\/wp-json\/wp\/v2\/posts"}],"about":[{"href":"https:\/\/naehrlich.de\/daserberoms\/wp-json\/wp\/v2\/types\/post"}],"author":[{"embeddable":true,"href":"https:\/\/naehrlich.de\/daserberoms\/wp-json\/wp\/v2\/users\/1"}],"replies":[{"embeddable":true,"href":"https:\/\/naehrlich.de\/daserberoms\/wp-json\/wp\/v2\/comments?post=8993"}],"version-history":[{"count":131,"href":"https:\/\/naehrlich.de\/daserberoms\/wp-json\/wp\/v2\/posts\/8993\/revisions"}],"predecessor-version":[{"id":20170,"href":"https:\/\/naehrlich.de\/daserberoms\/wp-json\/wp\/v2\/posts\/8993\/revisions\/20170"}],"wp:featuredmedia":[{"embeddable":true,"href":"https:\/\/naehrlich.de\/daserberoms\/wp-json\/wp\/v2\/media\/8996"}],"wp:attachment":[{"href":"https:\/\/naehrlich.de\/daserberoms\/wp-json\/wp\/v2\/media?parent=8993"}],"wp:term":[{"taxonomy":"category","embeddable":true,"href":"https:\/\/naehrlich.de\/daserberoms\/wp-json\/wp\/v2\/categories?post=8993"},{"taxonomy":"post_tag","embeddable":true,"href":"https:\/\/naehrlich.de\/daserberoms\/wp-json\/wp\/v2\/tags?post=8993"}],"curies":[{"name":"wp","href":"https:\/\/api.w.org\/{rel}","templated":true}]}}